{"id": 1295838967015911424, "geo": null, "lang": "es", "text": "Hoy en la ma\u00f1ana habl\u00e9 de como Salinas privatiz\u00f3 el Puerto de Veracruz por 50 a\u00f1os y, el 6 de julio de 2018 \u20144 d\u00edas\u2026 https://t.co/exJlsXzkXj", "user": {"id": 82119937, "url": "http://presidente.gob.mx", "lang": null, "name": "Andr\u00e9s Manuel", "id_str": "82119937", "location": "M\u00e9xico", "verified": true, "following": null, "protected": false, "time_zone": null, "created_at": "Tue Oct 13 15:28:01 +0000 2009", "utc_offset": null, "description": "Presidente Constitucional de los Estados Unidos Mexicanos", "geo_enabled": false, "screen_name": "lopezobrador_", "listed_count": 10024, "friends_count": 252, "is_translator": false, "notifications": null, "statuses_count": 4995, "default_profile": false, "followers_count": 7400731, "translator_type": "none", "favourites_count": 37, "profile_image_url": "http://pbs.twimg.com/profile_images/1182076186719068162/94J_g-X2_normal.jpg", "profile_banner_url": "https://pbs.twimg.com/profile_banners/82119937/1585763825", "profile_link_color": "990000", "profile_text_color": "333333", "follow_request_sent": null, "contributors_enabled": false, "default_profile_image": false, "profile_background_tile": false, "profile_image_url_https": "https://pbs.twimg.com/profile_images/1182076186719068162/94J_g-X2_normal.jpg", "profile_background_color": "EBEBEB", "profile_sidebar_fill_color": "F3F3F3", "profile_background_image_url": "http://abs.twimg.com/images/themes/theme7/bg.gif", "profile_sidebar_border_color": "DFDFDF", "profile_use_background_image": true, "profile_background_image_url_https": "https://abs.twimg.com/images/themes/theme7/bg.gif"}, "place": null, "id_str": "1295838967015911424", "source": "<a href=\"https://mobile.twitter.com\" rel=\"nofollow\">Twitter Web App</a>", "entities": {"urls": [{"url": "https://t.co/exJlsXzkXj", "indices": [117, 140], "display_url": "twitter.com/i/web/status/1\u2026", "expanded_url": "https://twitter.com/i/web/status/1295838967015911424"}], "symbols": [], "hashtags": [], "user_mentions": []}, "favorited": false, "retweeted": false, "truncated": true, "created_at": "Tue Aug 18 21:44:19 +0000 2020", "coordinates": null, "quote_count": 0, "reply_count": 0, "contributors": null, "filter_level": "low", "timestamp_ms": "1597787059917", "retweet_count": 0, "extended_tweet": {"entities": {"urls": [{"url": "https://t.co/xQj2td3JoG", "indices": [251, 274], "display_url": "bit.ly/ContratoPuerto\u2026", "expanded_url": "http://bit.ly/ContratoPuertoVeracruz"}], "media": [{"id": 1295838757514608640, "url": "https://t.co/OqFGVWCicq", "type": "photo", "sizes": {"large": {"h": 1000, "w": 1500, "resize": "fit"}, "small": {"h": 453, "w": 680, "resize": "fit"}, "thumb": {"h": 150, "w": 150, "resize": "crop"}, "medium": {"h": 800, "w": 1200, "resize": "fit"}}, "id_str": "1295838757514608640", "indices": [275, 298], "media_url": "http://pbs.twimg.com/media/Efu-e_vXgAA5rs2.jpg", "display_url": "pic.twitter.com/OqFGVWCicq", "expanded_url": "https://twitter.com/lopezobrador_/status/1295838967015911424/photo/1", "media_url_https": "https://pbs.twimg.com/media/Efu-e_vXgAA5rs2.jpg"}], "symbols": [], "hashtags": [], "user_mentions": []}, "full_text": "Hoy en la ma\u00f1ana habl\u00e9 de como Salinas privatiz\u00f3 el Puerto de Veracruz por 50 a\u00f1os y, el 6 de julio de 2018 \u20144 d\u00edas despu\u00e9s de que triunfamos\u2014 Pe\u00f1a ampli\u00f3 la concesi\u00f3n hasta el 2094, es decir, por un siglo. Ni en el Porfiriato. Actuaremos legalmente. https://t.co/xQj2td3JoG https://t.co/OqFGVWCicq", "extended_entities": {"media": [{"id": 1295838757514608640, "url": "https://t.co/OqFGVWCicq", "type": "photo", "sizes": {"large": {"h": 1000, "w": 1500, "resize": "fit"}, "small": {"h": 453, "w": 680, "resize": "fit"}, "thumb": {"h": 150, "w": 150, "resize": "crop"}, "medium": {"h": 800, "w": 1200, "resize": "fit"}}, "id_str": "1295838757514608640", "indices": [275, 298], "media_url": "http://pbs.twimg.com/media/Efu-e_vXgAA5rs2.jpg", "display_url": "pic.twitter.com/OqFGVWCicq", "expanded_url": "https://twitter.com/lopezobrador_/status/1295838967015911424/photo/1", "media_url_https": "https://pbs.twimg.com/media/Efu-e_vXgAA5rs2.jpg"}]}, "display_text_range": [0, 274]}, "favorite_count": 0, "is_quote_status": false, "display_text_range": [0, 140], "possibly_sensitive": false, "in_reply_to_user_id": null, "in_reply_to_status_id": null, "in_reply_to_screen_name": null, "in_reply_to_user_id_str": null, "in_reply_to_status_id_str": null}