{"id": 1431375925623590914, "geo": null, "lang": "en", "text": "RT @JasonMillerinDC: Excited to announce I\u2019ll be joining Donald Trump Jr. in Brasilia next week as a Speaker at CPAC Brasil!\n\nI very much l\u2026", "user": {"id": 76543481, "url": "https://www.breakfastwithboris.com", "lang": null, "name": "Boris Epshteyn", "id_str": "76543481", "location": "\u00dcT: 40.744258,-73.995578", "verified": true, "following": null, "protected": false, "time_zone": null, "created_at": "Wed Sep 23 03:12:59 +0000 2009", "utc_offset": null, "description": "@realdonaldtrump 2020 Strategic Advisor, former Special Assistant to POTUS 45, @newsweek Columnist, BWB newsletter: http://BorisEp.com", "geo_enabled": true, "screen_name": "BorisEP", "listed_count": 774, "friends_count": 1856, "is_translator": false, "notifications": null, "statuses_count": 18842, "default_profile": false, "followers_count": 114314, "translator_type": "none", "favourites_count": 10658, "profile_image_url": "http://pbs.twimg.com/profile_images/1321211587211001856/kF2VRn1__normal.jpg", "profile_banner_url": "https://pbs.twimg.com/profile_banners/76543481/1603836306", "profile_link_color": "1B95E0", "profile_text_color": "000000", "follow_request_sent": null, "contributors_enabled": false, "default_profile_image": false, "withheld_in_countries": [], "profile_background_tile": false, "profile_image_url_https": "https://pbs.twimg.com/profile_images/1321211587211001856/kF2VRn1__normal.jpg", "profile_background_color": "000000", "profile_sidebar_fill_color": "000000", "profile_background_image_url": "http://abs.twimg.com/images/themes/theme1/bg.png", "profile_sidebar_border_color": "000000", "profile_use_background_image": false, "profile_background_image_url_https": "https://abs.twimg.com/images/themes/theme1/bg.png"}, "place": null, "id_str": "1431375925623590914", "source": "<a href=\"http://twitter.com/download/iphone\" rel=\"nofollow\">Twitter for iPhone</a>", "entities": {"urls": [], "symbols": [], "hashtags": [], "user_mentions": [{"id": 1084375028, "name": "Jason Miller", "id_str": "1084375028", "indices": [3, 19], "screen_name": "JasonMillerinDC"}]}, "favorited": false, "retweeted": false, "truncated": false, "created_at": "Fri Aug 27 21:59:49 +0000 2021", "coordinates": null, "quote_count": 0, "reply_count": 0, "contributors": null, "filter_level": "low", "timestamp_ms": "1630101589004", "quoted_status": {"id": 1431265874405740544, "geo": null, "lang": "pt", "text": "CONFIRMADO: TRUMP JR NO CPAC\ud83c\udde7\ud83c\uddf7\n\n@DonaldJTrumpJr \u00e9 escritor, empres\u00e1rio e teve participa\u00e7\u00e3o pol\u00edtica ativa durante a\u2026 https://t.co/T6Q4eWWBVD", "user": {"id": 74756085, "url": "http://www.eduardobolsonarosp.com.br", "lang": null, "name": "Eduardo Bolsonaro\ud83c\udde7\ud83c\uddf7", "id_str": "74756085", "location": "S\u00e3o Paulo - SP", "verified": true, "following": null, "protected": false, "time_zone": null, "created_at": "Wed Sep 16 15:25:13 +0000 2009", "utc_offset": null, "description": "Deputado Federal mais votado da hist\u00f3ria do Brasil (1.843.735) em seu segundo mandato por S\u00c3O PAULO, Policial Federal, Advogado e 3\u00ba filho de Jair Bolsonaro\ud83c\udde7\ud83c\uddf7", "geo_enabled": true, "screen_name": "BolsonaroSP", "listed_count": 2888, "friends_count": 718, "is_translator": false, "notifications": null, "statuses_count": 28609, "default_profile": false, "followers_count": 2152486, "translator_type": "none", "favourites_count": 23993, "profile_image_url": "http://pbs.twimg.com/profile_images/1356302696077258754/0TPHaiko_normal.jpg", "profile_banner_url": "https://pbs.twimg.com/profile_banners/74756085/1612202738", "profile_link_color": "0084B4", "profile_text_color": "333333", "follow_request_sent": null, "contributors_enabled": false, "default_profile_image": false, "withheld_in_countries": [], "profile_background_tile": false, "profile_image_url_https": "https://pbs.twimg.com/profile_images/1356302696077258754/0TPHaiko_normal.jpg", "profile_background_color": "C0DEED", "profile_sidebar_fill_color": "DDEEF6", "profile_background_image_url": "http://abs.twimg.com/images/themes/theme1/bg.png", "profile_sidebar_border_color": "FFFFFF", "profile_use_background_image": true, "profile_background_image_url_https": "https://abs.twimg.com/images/themes/theme1/bg.png"}, "place": null, "id_str": "1431265874405740544", "source": "<a href=\"http://twitter.com/download/iphone\" rel=\"nofollow\">Twitter for iPhone</a>", "entities": {"urls": [{"url": "https://t.co/T6Q4eWWBVD", "indices": [117, 140], "display_url": "twitter.com/i/web/status/1\u2026", "expanded_url": "https://twitter.com/i/web/status/1431265874405740544"}], "symbols": [], "hashtags": [], "user_mentions": [{"id": 39344374, "name": "Donald Trump Jr.", "id_str": "39344374", "indices": [32, 47], "screen_name": "DonaldJTrumpJr"}]}, "favorited": false, "retweeted": false, "truncated": true, "created_at": "Fri Aug 27 14:42:30 +0000 2021", "coordinates": null, "quote_count": 57, "reply_count": 343, "contributors": null, "filter_level": "low", "retweet_count": 1559, "extended_tweet": {"entities": {"urls": [{"url": "https://t.co/kjphVAYX9Z", "indices": [256, 279], "display_url": "cpacbr.com.br", "expanded_url": "http://cpacbr.com.br"}], "media": [{"id": 1431265867845799943, "url": "https://t.co/pw7So8wnpO", "type": "photo", "sizes": {"large": {"h": 1000, "w": 800, "resize": "fit"}, "small": {"h": 680, "w": 544, "resize": "fit"}, "thumb": {"h": 150, "w": 150, "resize": "crop"}, "medium": {"h": 1000, "w": 800, "resize": "fit"}}, "id_str": "1431265867845799943", "indices": [280, 303], "media_url": "http://pbs.twimg.com/media/E9zguUAXEAc_dd-.jpg", "display_url": "pic.twitter.com/pw7So8wnpO", "expanded_url": "https://twitter.com/BolsonaroSP/status/1431265874405740544/photo/1", "media_url_https": "https://pbs.twimg.com/media/E9zguUAXEAc_dd-.jpg"}], "symbols": [], "hashtags": [], "user_mentions": [{"id": 39344374, "name": "Donald Trump Jr.", "id_str": "39344374", "indices": [32, 47], "screen_name": "DonaldJTrumpJr"}]}, "full_text": "CONFIRMADO: TRUMP JR NO CPAC\ud83c\udde7\ud83c\uddf7\n\n@DonaldJTrumpJr \u00e9 escritor, empres\u00e1rio e teve participa\u00e7\u00e3o pol\u00edtica ativa durante a Presid\u00eancia de seu pai\n\nNascido em 1977 em NY, \u00e9 o 1\u00ba filho de Trump, tem 5 filhos e vive com Kimberly Guilfoyle, ex-Fox News\n\n-Inscri\u00e7\u00f5es: https://t.co/kjphVAYX9Z https://t.co/pw7So8wnpO", "extended_entities": {"media": [{"id": 1431265867845799943, "url": "https://t.co/pw7So8wnpO", "type": "photo", "sizes": {"large": {"h": 1000, "w": 800, "resize": "fit"}, "small": {"h": 680, "w": 544, "resize": "fit"}, "thumb": {"h": 150, "w": 150, "resize": "crop"}, "medium": {"h": 1000, "w": 800, "resize": "fit"}}, "id_str": "1431265867845799943", "indices": [280, 303], "media_url": "http://pbs.twimg.com/media/E9zguUAXEAc_dd-.jpg", "display_url": "pic.twitter.com/pw7So8wnpO", "expanded_url": "https://twitter.com/BolsonaroSP/status/1431265874405740544/photo/1", "media_url_https": "https://pbs.twimg.com/media/E9zguUAXEAc_dd-.jpg"}]}, "display_text_range": [0, 279]}, "favorite_count": 7456, "is_quote_status": false, "display_text_range": [0, 140], "possibly_sensitive": false, "in_reply_to_user_id": null, "in_reply_to_status_id": null, "in_reply_to_screen_name": null, "in_reply_to_user_id_str": null, "in_reply_to_status_id_str": null}, "retweet_count": 0, "favorite_count": 0, "is_quote_status": true, "quoted_status_id": 1431265874405740544, "retweeted_status": {"id": 1431288941987180554, "geo": null, "lang": "en", "text": "Excited to announce I\u2019ll be joining Donald Trump Jr. in Brasilia next week as a Speaker at CPAC Brasil!\n\nI very muc\u2026 https://t.co/33jovLB0av", "user": {"id": 1084375028, "url": "http://www.GETTR.com", "lang": null, "name": "Jason Miller", "id_str": "1084375028", "location": "Washington, DC", "verified": true, "following": null, "protected": false, "time_zone": null, "created_at": "Sat Jan 12 23:03:43 +0000 2013", "utc_offset": null, "description": "CEO, GETTR, The Marketplace of Ideas. Former Senior Advisor, President Donald J. Trump. Contributor, @Newsmax. They say I got next, tell them that I got now.", "geo_enabled": true, "screen_name": "JasonMillerinDC", "listed_count": 1937, "friends_count": 4446, "is_translator": false, "notifications": null, "statuses_count": 55539, "default_profile": false, "followers_count": 336331, "translator_type": "none", "favourites_count": 13092, "profile_image_url": "http://pbs.twimg.com/profile_images/1202307702715830277/1fZGqKca_normal.jpg", "profile_banner_url": "https://pbs.twimg.com/profile_banners/1084375028/1625352758", "profile_link_color": "1F98C7", "profile_text_color": "333333", "follow_request_sent": null, "contributors_enabled": false, "default_profile_image": false, "withheld_in_countries": [], "profile_background_tile": false, "profile_image_url_https": "https://pbs.twimg.com/profile_images/1202307702715830277/1fZGqKca_normal.jpg", "profile_background_color": "C6E2EE", "profile_sidebar_fill_color": "DDEEF6", "profile_background_image_url": "http://abs.twimg.com/images/themes/theme1/bg.png", "profile_sidebar_border_color": "FFFFFF", "profile_use_background_image": false, "profile_background_image_url_https": "https://abs.twimg.com/images/themes/theme1/bg.png"}, "place": null, "id_str": "1431288941987180554", "source": "<a href=\"http://twitter.com/download/iphone\" rel=\"nofollow\">Twitter for iPhone</a>", "entities": {"urls": [{"url": "https://t.co/33jovLB0av", "indices": [117, 140], "display_url": "twitter.com/i/web/status/1\u2026", "expanded_url": "https://twitter.com/i/web/status/1431288941987180554"}], "symbols": [], "hashtags": [], "user_mentions": []}, "favorited": false, "retweeted": false, "truncated": true, "created_at": "Fri Aug 27 16:14:10 +0000 2021", "coordinates": null, "quote_count": 4, "reply_count": 50, "contributors": null, "filter_level": "low", "quoted_status": {"id": 1431265874405740544, "geo": null, "lang": "pt", "text": "CONFIRMADO: TRUMP JR NO CPAC\ud83c\udde7\ud83c\uddf7\n\n@DonaldJTrumpJr \u00e9 escritor, empres\u00e1rio e teve participa\u00e7\u00e3o pol\u00edtica ativa durante a\u2026 https://t.co/T6Q4eWWBVD", "user": {"id": 74756085, "url": "http://www.eduardobolsonarosp.com.br", "lang": null, "name": "Eduardo Bolsonaro\ud83c\udde7\ud83c\uddf7", "id_str": "74756085", "location": "S\u00e3o Paulo - SP", "verified": true, "following": null, "protected": false, "time_zone": null, "created_at": "Wed Sep 16 15:25:13 +0000 2009", "utc_offset": null, "description": "Deputado Federal mais votado da hist\u00f3ria do Brasil (1.843.735) em seu segundo mandato por S\u00c3O PAULO, Policial Federal, Advogado e 3\u00ba filho de Jair Bolsonaro\ud83c\udde7\ud83c\uddf7", "geo_enabled": true, "screen_name": "BolsonaroSP", "listed_count": 2888, "friends_count": 718, "is_translator": false, "notifications": null, "statuses_count": 28609, "default_profile": false, "followers_count": 2152486, "translator_type": "none", "favourites_count": 23993, "profile_image_url": "http://pbs.twimg.com/profile_images/1356302696077258754/0TPHaiko_normal.jpg", "profile_banner_url": "https://pbs.twimg.com/profile_banners/74756085/1612202738", "profile_link_color": "0084B4", "profile_text_color": "333333", "follow_request_sent": null, "contributors_enabled": false, "default_profile_image": false, "withheld_in_countries": [], "profile_background_tile": false, "profile_image_url_https": "https://pbs.twimg.com/profile_images/1356302696077258754/0TPHaiko_normal.jpg", "profile_background_color": "C0DEED", "profile_sidebar_fill_color": "DDEEF6", "profile_background_image_url": "http://abs.twimg.com/images/themes/theme1/bg.png", "profile_sidebar_border_color": "FFFFFF", "profile_use_background_image": true, "profile_background_image_url_https": "https://abs.twimg.com/images/themes/theme1/bg.png"}, "place": null, "id_str": "1431265874405740544", "source": "<a href=\"http://twitter.com/download/iphone\" rel=\"nofollow\">Twitter for iPhone</a>", "entities": {"urls": [{"url": "https://t.co/T6Q4eWWBVD", "indices": [117, 140], "display_url": "twitter.com/i/web/status/1\u2026", "expanded_url": "https://twitter.com/i/web/status/1431265874405740544"}], "symbols": [], "hashtags": [], "user_mentions": [{"id": 39344374, "name": "Donald Trump Jr.", "id_str": "39344374", "indices": [32, 47], "screen_name": "DonaldJTrumpJr"}]}, "favorited": false, "retweeted": false, "truncated": true, "created_at": "Fri Aug 27 14:42:30 +0000 2021", "coordinates": null, "quote_count": 57, "reply_count": 343, "contributors": null, "filter_level": "low", "retweet_count": 1559, "extended_tweet": {"entities": {"urls": [{"url": "https://t.co/kjphVAYX9Z", "indices": [256, 279], "display_url": "cpacbr.com.br", "expanded_url": "http://cpacbr.com.br"}], "media": [{"id": 1431265867845799943, "url": "https://t.co/pw7So8wnpO", "type": "photo", "sizes": {"large": {"h": 1000, "w": 800, "resize": "fit"}, "small": {"h": 680, "w": 544, "resize": "fit"}, "thumb": {"h": 150, "w": 150, "resize": "crop"}, "medium": {"h": 1000, "w": 800, "resize": "fit"}}, "id_str": "1431265867845799943", "indices": [280, 303], "media_url": "http://pbs.twimg.com/media/E9zguUAXEAc_dd-.jpg", "display_url": "pic.twitter.com/pw7So8wnpO", "expanded_url": "https://twitter.com/BolsonaroSP/status/1431265874405740544/photo/1", "media_url_https": "https://pbs.twimg.com/media/E9zguUAXEAc_dd-.jpg"}], "symbols": [], "hashtags": [], "user_mentions": [{"id": 39344374, "name": "Donald Trump Jr.", "id_str": "39344374", "indices": [32, 47], "screen_name": "DonaldJTrumpJr"}]}, "full_text": "CONFIRMADO: TRUMP JR NO CPAC\ud83c\udde7\ud83c\uddf7\n\n@DonaldJTrumpJr \u00e9 escritor, empres\u00e1rio e teve participa\u00e7\u00e3o pol\u00edtica ativa durante a Presid\u00eancia de seu pai\n\nNascido em 1977 em NY, \u00e9 o 1\u00ba filho de Trump, tem 5 filhos e vive com Kimberly Guilfoyle, ex-Fox News\n\n-Inscri\u00e7\u00f5es: https://t.co/kjphVAYX9Z https://t.co/pw7So8wnpO", "extended_entities": {"media": [{"id": 1431265867845799943, "url": "https://t.co/pw7So8wnpO", "type": "photo", "sizes": {"large": {"h": 1000, "w": 800, "resize": "fit"}, "small": {"h": 680, "w": 544, "resize": "fit"}, "thumb": {"h": 150, "w": 150, "resize": "crop"}, "medium": {"h": 1000, "w": 800, "resize": "fit"}}, "id_str": "1431265867845799943", "indices": [280, 303], "media_url": "http://pbs.twimg.com/media/E9zguUAXEAc_dd-.jpg", "display_url": "pic.twitter.com/pw7So8wnpO", "expanded_url": "https://twitter.com/BolsonaroSP/status/1431265874405740544/photo/1", "media_url_https": "https://pbs.twimg.com/media/E9zguUAXEAc_dd-.jpg"}]}, "display_text_range": [0, 279]}, "favorite_count": 7456, "is_quote_status": false, "display_text_range": [0, 140], "possibly_sensitive": false, "in_reply_to_user_id": null, "in_reply_to_status_id": null, "in_reply_to_screen_name": null, "in_reply_to_user_id_str": null, "in_reply_to_status_id_str": null}, "retweet_count": 71, "extended_tweet": {"entities": {"urls": [], "symbols": [], "hashtags": [{"text": "GETTR", "indices": [258, 264]}], "user_mentions": []}, "full_text": "Excited to announce I\u2019ll be joining Donald Trump Jr. in Brasilia next week as a Speaker at CPAC Brasil!\n\nI very much look forward to joining an impressive slate of speakers that\u2019s being assembled in order to discuss free speech, social media, and of course, #GETTR!", "display_text_range": [0, 265]}, "favorite_count": 300, "is_quote_status": true, "quoted_status_id": 1431265874405740544, "in_reply_to_user_id": null, "quoted_status_id_str": "1431265874405740544", "in_reply_to_status_id": null, "in_reply_to_screen_name": null, "in_reply_to_user_id_str": null, "quoted_status_permalink": {"url": "https://t.co/oGyPaxghCW", "display": "twitter.com/bolsonarosp/st\u2026", "expanded": "https://twitter.com/bolsonarosp/status/1431265874405740544"}, "in_reply_to_status_id_str": null}, "in_reply_to_user_id": null, "quoted_status_id_str": "1431265874405740544", "in_reply_to_status_id": null, "in_reply_to_screen_name": null, "in_reply_to_user_id_str": null, "quoted_status_permalink": {"url": "https://t.co/oGyPaxghCW", "display": "twitter.com/bolsonarosp/st\u2026", "expanded": "https://twitter.com/bolsonarosp/status/1431265874405740544"}, "in_reply_to_status_id_str": null}