{"id": 674196495952953344, "geo": null, "lang": "fr", "text": "RT @franceinter: #Regionales2015 Demain \u00e9dition sp\u00e9ciale #le79Inter : @NicolasSarkozy sera l'invit\u00e9 de Patrick Cohen et @LeaSalame. https:/\u2026", "user": {"id": 490126636, "url": "https://t.co/yJl8oAJgE5", "lang": "fr", "name": "Nicolas Sarkozy", "id_str": "490126636", "entities": {"url": {"urls": [{"url": "https://t.co/yJl8oAJgE5", "indices": [0, 23], "display_url": "facebook.com/nicolassarkozy", "expanded_url": "https://www.facebook.com/nicolassarkozy"}]}, "description": {"urls": []}}, "location": "Paris, France", "verified": true, "following": true, "protected": false, "time_zone": null, "created_at": "Sun Feb 12 07:38:56 +0000 2012", "utc_offset": null, "description": "6\u00e8me Pr\u00e9sident de la V\u00e8me R\u00e9publique fran\u00e7aise", "geo_enabled": true, "screen_name": "NicolasSarkozy", "listed_count": 5581, "friends_count": 15145, "is_translator": false, "notifications": false, "statuses_count": 9706, "default_profile": false, "followers_count": 2274152, "translator_type": "regular", "favourites_count": 21, "profile_image_url": "http://pbs.twimg.com/profile_images/1046780471240261632/f9zx2EKg_normal.jpg", "profile_banner_url": "https://pbs.twimg.com/profile_banners/490126636/1484915291", "profile_link_color": "0A34B0", "profile_text_color": "333333", "follow_request_sent": false, "contributors_enabled": false, "has_extended_profile": false, "default_profile_image": false, "is_translation_enabled": false, "profile_background_tile": false, "profile_image_url_https": "https://pbs.twimg.com/profile_images/1046780471240261632/f9zx2EKg_normal.jpg", "profile_background_color": "005384", "profile_sidebar_fill_color": "DDEEF6", "profile_background_image_url": "http://abs.twimg.com/images/themes/theme1/bg.png", "profile_sidebar_border_color": "FFFFFF", "profile_use_background_image": false, "profile_background_image_url_https": "https://abs.twimg.com/images/themes/theme1/bg.png"}, "place": null, "id_str": "674196495952953344", "source": "<a href=\"https://about.twitter.com/products/tweetdeck\" rel=\"nofollow\">TweetDeck</a>", "entities": {"urls": [], "symbols": [], "hashtags": [{"text": "Regionales2015", "indices": [17, 32]}, {"text": "le79Inter", "indices": [57, 67]}], "user_mentions": [{"id": 34867057, "name": "France Inter", "id_str": "34867057", "indices": [3, 15], "screen_name": "franceinter"}, {"id": 490126636, "name": "Nicolas Sarkozy", "id_str": "490126636", "indices": [70, 85], "screen_name": "NicolasSarkozy"}, {"id": 370854282, "name": "L\u00e9a Salam\u00e9", "id_str": "370854282", "indices": [120, 130], "screen_name": "LeaSalame"}]}, "favorited": false, "retweeted": false, "truncated": false, "created_at": "Tue Dec 08 11:59:05 +0000 2015", "coordinates": null, "contributors": null, "retweet_count": 131, "favorite_count": 0, "is_quote_status": false, "retweeted_status": {"id": 674195260352954368, "geo": null, "lang": "fr", "text": "#Regionales2015 Demain \u00e9dition sp\u00e9ciale #le79Inter : @NicolasSarkozy sera l'invit\u00e9 de Patrick Cohen et @LeaSalame. https://t.co/40VmZXc8B2", "user": {"id": 34867057, "url": "https://t.co/WwE5ZgXbaW", "lang": "fr", "name": "France Inter", "id_str": "34867057", "entities": {"url": {"urls": [{"url": "https://t.co/WwE5ZgXbaW", "indices": [0, 23], "display_url": "franceinter.fr", "expanded_url": "https://www.franceinter.fr"}]}, "description": {"urls": []}}, "location": "Paris", "verified": true, "following": false, "protected": false, "time_zone": null, "created_at": "Fri Apr 24 06:28:52 +0000 2009", "utc_offset": null, "description": "France Inter : InterVenez Fil officiel de France Inter, la radio publique g\u00e9n\u00e9raliste de Radio France.", "geo_enabled": false, "screen_name": "franceinter", "listed_count": 8789, "friends_count": 4502, "is_translator": false, "notifications": false, "statuses_count": 108489, "default_profile": false, "followers_count": 1412865, "translator_type": "regular", "favourites_count": 3076, "profile_image_url": "http://pbs.twimg.com/profile_images/755746740779749376/f-lxJosk_normal.jpg", "profile_banner_url": "https://pbs.twimg.com/profile_banners/34867057/1547540554", "profile_link_color": "FC7C84", "profile_text_color": "000000", "follow_request_sent": false, "contributors_enabled": false, "has_extended_profile": false, "default_profile_image": false, "is_translation_enabled": false, "profile_background_tile": false, "profile_image_url_https": "https://pbs.twimg.com/profile_images/755746740779749376/f-lxJosk_normal.jpg", "profile_background_color": "000000", "profile_sidebar_fill_color": "E20035", "profile_background_image_url": "http://abs.twimg.com/images/themes/theme1/bg.png", "profile_sidebar_border_color": "FFFFFF", "profile_use_background_image": true, "profile_background_image_url_https": "https://abs.twimg.com/images/themes/theme1/bg.png"}, "place": null, "id_str": "674195260352954368", "source": "<a href=\"https://about.twitter.com/products/tweetdeck\" rel=\"nofollow\">TweetDeck</a>", "entities": {"urls": [], "media": [{"id": 674194108815142913, "url": "https://t.co/40VmZXc8B2", "type": "photo", "sizes": {"large": {"h": 1140, "w": 2048, "resize": "fit"}, "small": {"h": 378, "w": 680, "resize": "fit"}, "thumb": {"h": 150, "w": 150, "resize": "crop"}, "medium": {"h": 668, "w": 1200, "resize": "fit"}}, "id_str": "674194108815142913", "indices": [115, 138], "media_url": "http://pbs.twimg.com/media/CVs3-E2WcAE5v1v.jpg", "display_url": "pic.twitter.com/40VmZXc8B2", "expanded_url": "https://twitter.com/franceinter/status/674195260352954368/photo/1", "media_url_https": "https://pbs.twimg.com/media/CVs3-E2WcAE5v1v.jpg"}], "symbols": [], "hashtags": [{"text": "Regionales2015", "indices": [0, 15]}, {"text": "le79Inter", "indices": [40, 50]}], "user_mentions": [{"id": 490126636, "name": "Nicolas Sarkozy", "id_str": "490126636", "indices": [53, 68], "screen_name": "NicolasSarkozy"}, {"id": 370854282, "name": "L\u00e9a Salam\u00e9", "id_str": "370854282", "indices": [103, 113], "screen_name": "LeaSalame"}]}, "favorited": false, "retweeted": false, "truncated": false, "created_at": "Tue Dec 08 11:54:10 +0000 2015", "coordinates": null, "contributors": null, "retweet_count": 131, "favorite_count": 100, "is_quote_status": false, "extended_entities": {"media": [{"id": 674194108815142913, "url": "https://t.co/40VmZXc8B2", "type": "photo", "sizes": {"large": {"h": 1140, "w": 2048, "resize": "fit"}, "small": {"h": 378, "w": 680, "resize": "fit"}, "thumb": {"h": 150, "w": 150, "resize": "crop"}, "medium": {"h": 668, "w": 1200, "resize": "fit"}}, "id_str": "674194108815142913", "indices": [115, 138], "media_url": "http://pbs.twimg.com/media/CVs3-E2WcAE5v1v.jpg", "display_url": "pic.twitter.com/40VmZXc8B2", "expanded_url": "https://twitter.com/franceinter/status/674195260352954368/photo/1", "media_url_https": "https://pbs.twimg.com/media/CVs3-E2WcAE5v1v.jpg"}]}, "possibly_sensitive": false, "in_reply_to_user_id": null, "in_reply_to_status_id": null, "in_reply_to_screen_name": null, "in_reply_to_user_id_str": null, "in_reply_to_status_id_str": null}, "in_reply_to_user_id": null, "in_reply_to_status_id": null, "in_reply_to_screen_name": null, "in_reply_to_user_id_str": null, "in_reply_to_status_id_str": null}