{"id": 645252163598467072, "lang": "fr", "text": "Entier soutien et f\u00e9licitations \u00e0 @francoisbaroin, @l_amf et les nombreux maires mobilis\u00e9s ajh pour d\u00e9noncer le d\u00e9sengagement de l\u2019\u00c9tat -NS", "urls": [], "user": {"id": 490126636}, "id_str": "645252163598467072", "source": "<a href=\"http://twitter.com/download/iphone\" rel=\"nofollow\">Twitter for iPhone</a>", "deleted": false, "hashtags": [], "retrieved": "2018-10-06--21-40-26", "created_at": "Sat Sep 19 15:04:38 +0000 2015", "retweet_count": 330, "user_mentions": [{"id": 96093611, "name": "Fran\u00e7ois Baroin", "screen_name": "francoisbaroin"}, {"id": 1181759336, "name": "AMF", "screen_name": "l_amf"}], "favorite_count": 194, "legacy_imported": true}