{"id": 644868411709878272, "lang": "fr", "text": "Je suis pour le r\u00e9tablissement des contr\u00f4les aux fronti\u00e8res pour les \u00e9trangers non communautaires, tant que la crise est l\u00e0. #NSParisien", "urls": [], "user": {"id": 490126636}, "id_str": "644868411709878272", "source": "<a href=\"https://about.twitter.com/products/tweetdeck\" rel=\"nofollow\">TweetDeck</a>", "deleted": false, "hashtags": [{"text": "NSParisien"}], "retrieved": "2018-10-06--21-40-26", "created_at": "Fri Sep 18 13:39:45 +0000 2015", "retweet_count": 257, "user_mentions": [], "favorite_count": 134, "legacy_imported": true}