{"id": 641878198444257280, "lang": "fr", "text": "La France a vocation \u00e0 fixer un cap en Europe et non pas \u00e0 se retrouver \u00e0 la tra\u00eene. #NSFigaro #migrants", "urls": [], "user": {"id": 490126636}, "id_str": "641878198444257280", "source": "<a href=\"https://about.twitter.com/products/tweetdeck\" rel=\"nofollow\">TweetDeck</a>", "deleted": false, "hashtags": [{"text": "NSFigaro"}, {"text": "migrants"}], "retrieved": "2018-06-12--20-19-14", "created_at": "Thu Sep 10 07:37:42 +0000 2015", "retweet_count": 163, "user_mentions": [], "favorite_count": 79, "legacy_imported": true}