{"id": 641686931122860032, "lang": "fr", "text": "Tous mes voeux de r\u00e9ussite \u00e0 @marinebrenier et son \u00e9quipe @jeunesreps pour la t\u00e2che exaltante qui les attend. Rendez-vous au Touquet ! \u2013 NS", "urls": [], "user": {"id": 490126636}, "id_str": "641686931122860032", "source": "<a href=\"https://about.twitter.com/products/tweetdeck\" rel=\"nofollow\">TweetDeck</a>", "deleted": false, "hashtags": [], "retrieved": "2018-06-12--20-19-14", "created_at": "Wed Sep 09 18:57:41 +0000 2015", "retweet_count": 225, "user_mentions": [{"id": 96111834, "name": "Marine Brenier", "screen_name": "marinebrenier"}, {"id": 23459220, "name": "Jeunes R\u00e9publicains", "screen_name": "jeunesreps"}], "favorite_count": 151, "legacy_imported": true}