{"id": 1562541086806986752, "geo": null, "lang": "es", "text": "RT @somos_CAD: Hoy en #HablemosdePrivacidad compartimos un interesante debate sobre la Dimensi\u00f3n Pol\u00edtica y Social de la Protecci\u00f3n de Dato\u2026", "user": {"id": 4816, "url": "https://t.co/dKBiOwSb8N", "lang": null, "name": "EFF", "id_str": "4816", "entities": {"url": {"urls": [{"url": "https://t.co/dKBiOwSb8N", "indices": [0, 23], "display_url": "eff.org", "expanded_url": "https://www.eff.org"}]}, "description": {"urls": []}}, "location": "San Francisco, CA", "verified": true, "following": true, "protected": false, "time_zone": null, "created_at": "Mon Aug 28 14:17:28 +0000 2006", "utc_offset": null, "description": "We're the Electronic Frontier Foundation. We defend your civil liberties in a digital world.", "geo_enabled": true, "screen_name": "EFF", "listed_count": 14308, "friends_count": 1086, "is_translator": false, "notifications": false, "statuses_count": 34968, "default_profile": false, "followers_count": 506089, "translator_type": "none", "favourites_count": 2525, "profile_image_url": "http://pbs.twimg.com/profile_images/1569789536359845888/gaw50HlV_normal.jpg", "profile_banner_url": "https://pbs.twimg.com/profile_banners/4816/1662501483", "profile_link_color": "6A3ACB", "profile_text_color": "000000", "follow_request_sent": false, "contributors_enabled": false, "has_extended_profile": true, "default_profile_image": false, "withheld_in_countries": [], "is_translation_enabled": false, "profile_background_tile": true, "profile_image_url_https": "https://pbs.twimg.com/profile_images/1569789536359845888/gaw50HlV_normal.jpg", "profile_background_color": "E17701", "profile_sidebar_fill_color": "E8D8DD", "profile_background_image_url": "http://abs.twimg.com/images/themes/theme1/bg.png", "profile_sidebar_border_color": "FFFFFF", "profile_use_background_image": false, "profile_background_image_url_https": "https://abs.twimg.com/images/themes/theme1/bg.png"}, "place": null, "id_str": "1562541086806986752", "source": "<a href=\"https://www.eff.org/\" rel=\"nofollow\">Thingie</a>", "entities": {"urls": [], "symbols": [], "hashtags": [{"text": "HablemosdePrivacidad", "indices": [22, 43]}], "user_mentions": [{"id": 983349876879749121, "name": "Centro de Autonom\u00eda Digital", "id_str": "983349876879749121", "indices": [3, 13], "screen_name": "somos_CAD"}]}, "favorited": false, "retweeted": false, "truncated": false, "created_at": "Wed Aug 24 20:43:20 +0000 2022", "coordinates": null, "contributors": null, "retweet_count": 15, "favorite_count": 0, "is_quote_status": false, "retweeted_status": {"id": 1561767401523388416, "geo": null, "lang": "es", "text": "Hoy en #HablemosdePrivacidad compartimos un interesante debate sobre la Dimensi\u00f3n Pol\u00edtica y Social de la Protecci\u00f3\u2026 https://t.co/uDr2nMJ1Bv", "user": {"id": 983349876879749121, "url": "https://t.co/DfJwZlt0nE", "lang": null, "name": "Centro de Autonom\u00eda Digital", "id_str": "983349876879749121", "entities": {"url": {"urls": [{"url": "https://t.co/DfJwZlt0nE", "indices": [0, 23], "display_url": "autonomia.digital", "expanded_url": "https://autonomia.digital/"}]}, "description": {"urls": []}}, "location": "Quito", "verified": false, "following": false, "protected": false, "time_zone": null, "created_at": "Mon Apr 09 14:24:15 +0000 2018", "utc_offset": null, "description": "Creemos que la privacidad es un derecho humano que debe ser respetado, trabajamos para ello.", "geo_enabled": false, "screen_name": "somos_CAD", "listed_count": 21, "friends_count": 551, "is_translator": false, "notifications": false, "statuses_count": 534, "default_profile": true, "followers_count": 1842, "translator_type": "none", "favourites_count": 187, "profile_image_url": "http://pbs.twimg.com/profile_images/1489334660979212291/zsEXIkcG_normal.jpg", "profile_banner_url": "https://pbs.twimg.com/profile_banners/983349876879749121/1644001930", "profile_link_color": "1DA1F2", "profile_text_color": "333333", "follow_request_sent": false, "contributors_enabled": false, "has_extended_profile": false, "default_profile_image": false, "withheld_in_countries": [], "is_translation_enabled": false, "profile_background_tile": false, "profile_image_url_https": "https://pbs.twimg.com/profile_images/1489334660979212291/zsEXIkcG_normal.jpg", "profile_background_color": "F5F8FA", "profile_sidebar_fill_color": "DDEEF6", "profile_background_image_url": null, "profile_sidebar_border_color": "C0DEED", "profile_use_background_image": true, "profile_background_image_url_https": null}, "place": null, "id_str": "1561767401523388416", "source": "<a href=\"https://mobile.twitter.com\" rel=\"nofollow\">Twitter Web App</a>", "entities": {"urls": [{"url": "https://t.co/uDr2nMJ1Bv", "indices": [117, 140], "display_url": "twitter.com/i/web/status/1\u2026", "expanded_url": "https://twitter.com/i/web/status/1561767401523388416"}], "symbols": [], "hashtags": [{"text": "HablemosdePrivacidad", "indices": [7, 28]}], "user_mentions": []}, "favorited": false, "retweeted": false, "truncated": true, "created_at": "Mon Aug 22 17:28:59 +0000 2022", "coordinates": null, "contributors": null, "retweet_count": 15, "favorite_count": 18, "is_quote_status": false, "possibly_sensitive": false, "in_reply_to_user_id": null, "in_reply_to_status_id": null, "in_reply_to_screen_name": null, "in_reply_to_user_id_str": null, "in_reply_to_status_id_str": null}, "in_reply_to_user_id": null, "in_reply_to_status_id": null, "in_reply_to_screen_name": null, "in_reply_to_user_id_str": null, "in_reply_to_status_id_str": null}