{"id": 800359511378788356, "geo": null, "lang": "es", "text": "RT @fpiesdescalzos: \u00a1Somos el mejor colegio p\u00fablico de Colombia seg\u00fan @FundacionMerani! Gracias a toda la comunidad de la IED Pies Descalzo\u2026", "user": {"id": 44409004, "url": "https://t.co/lL3bUtNcA1", "lang": "en", "name": "Shakira", "id_str": "44409004", "entities": {"url": {"urls": [{"url": "https://t.co/lL3bUtNcA1", "indices": [0, 23], "display_url": "shakira.com", "expanded_url": "http://www.shakira.com"}]}, "description": {"urls": [{"url": "https://t.co/50Yl0h1Xkh", "indices": [13, 36], "display_url": "youtu.be/UjX10jO-p3c", "expanded_url": "https://youtu.be/UjX10jO-p3c"}]}}, "location": "Barranquilla", "verified": true, "following": true, "protected": false, "time_zone": null, "created_at": "Wed Jun 03 17:38:07 +0000 2009", "utc_offset": null, "description": "Shakira NADA https://t.co/50Yl0h1Xkh", "geo_enabled": true, "screen_name": "shakira", "listed_count": 100703, "friends_count": 212, "is_translator": false, "notifications": false, "statuses_count": 6170, "default_profile": false, "followers_count": 51024476, "translator_type": "regular", "favourites_count": 1266, "profile_image_url": "http://pbs.twimg.com/profile_images/1043155752435834881/7MAR7MJO_normal.jpg", "profile_banner_url": "https://pbs.twimg.com/profile_banners/44409004/1541296607", "profile_link_color": "99033A", "profile_text_color": "080808", "follow_request_sent": false, "contributors_enabled": false, "has_extended_profile": false, "default_profile_image": false, "is_translation_enabled": true, "profile_background_tile": true, "profile_image_url_https": "https://pbs.twimg.com/profile_images/1043155752435834881/7MAR7MJO_normal.jpg", "profile_background_color": "FFFFFF", "profile_sidebar_fill_color": "C3E2FA", "profile_background_image_url": "http://abs.twimg.com/images/themes/theme1/bg.png", "profile_sidebar_border_color": "000000", "profile_use_background_image": true, "profile_background_image_url_https": "https://abs.twimg.com/images/themes/theme1/bg.png"}, "place": null, "id_str": "800359511378788356", "source": "<a href=\"http://twitter.com/download/iphone\" rel=\"nofollow\">Twitter for iPhone</a>", "entities": {"urls": [], "symbols": [], "hashtags": [], "user_mentions": [{"id": 84365525, "name": "Fund PiesDescalzos", "id_str": "84365525", "indices": [3, 18], "screen_name": "fpiesdescalzos"}, {"id": 831227708, "name": "Fundaci\u00f3n Merani", "id_str": "831227708", "indices": [70, 86], "screen_name": "FundacionMerani"}]}, "favorited": false, "retweeted": false, "truncated": false, "created_at": "Sun Nov 20 15:25:52 +0000 2016", "coordinates": null, "contributors": null, "retweet_count": 147, "favorite_count": 0, "is_quote_status": true, "quoted_status_id": 798533635037085696, "retweeted_status": {"id": 799632415262183426, "geo": null, "lang": "es", "text": "\u00a1Somos el mejor colegio p\u00fablico de Colombia seg\u00fan @FundacionMerani! Gracias a toda la comunidad de la IED Pies Desc\u2026 https://t.co/utG8iahisu", "user": {"id": 84365525, "url": "https://t.co/hh7AhC2vY0", "lang": "es", "name": "Fund PiesDescalzos", "id_str": "84365525", "entities": {"url": {"urls": [{"url": "https://t.co/hh7AhC2vY0", "indices": [0, 23], "display_url": "fundacionpiesdescalzos.com", "expanded_url": "http://www.fundacionpiesdescalzos.com"}]}, "description": {"urls": []}}, "location": "Colombia", "verified": true, "following": false, "protected": false, "time_zone": null, "created_at": "Thu Oct 22 16:36:08 +0000 2009", "utc_offset": null, "description": "Somos una ONG colombiana con el objetivo de promover la educaci\u00f3n p\u00fablica de calidad para los ni\u00f1os en situaci\u00f3n de vulnerabilidad en Colombia.", "geo_enabled": false, "screen_name": "fpiesdescalzos", "listed_count": 774, "friends_count": 509, "is_translator": false, "notifications": false, "statuses_count": 3687, "default_profile": false, "followers_count": 153533, "translator_type": "none", "favourites_count": 901, "profile_image_url": "http://pbs.twimg.com/profile_images/940668854623186944/VD2dzaaG_normal.jpg", "profile_banner_url": "https://pbs.twimg.com/profile_banners/84365525/1517253131", "profile_link_color": "CFAA14", "profile_text_color": "333333", "follow_request_sent": false, "contributors_enabled": false, "has_extended_profile": false, "default_profile_image": false, "is_translation_enabled": false, "profile_background_tile": true, "profile_image_url_https": "https://pbs.twimg.com/profile_images/940668854623186944/VD2dzaaG_normal.jpg", "profile_background_color": "FFFFFF", "profile_sidebar_fill_color": "F8FFC7", "profile_background_image_url": "http://abs.twimg.com/images/themes/theme1/bg.png", "profile_sidebar_border_color": "FFFFFF", "profile_use_background_image": true, "profile_background_image_url_https": "https://abs.twimg.com/images/themes/theme1/bg.png"}, "place": null, "id_str": "799632415262183426", "source": "<a href=\"http://twitter.com\" rel=\"nofollow\">Twitter Web Client</a>", "entities": {"urls": [{"url": "https://t.co/utG8iahisu", "indices": [117, 140], "display_url": "twitter.com/i/web/status/7\u2026", "expanded_url": "https://twitter.com/i/web/status/799632415262183426"}], "symbols": [], "hashtags": [], "user_mentions": [{"id": 831227708, "name": "Fundaci\u00f3n Merani", "id_str": "831227708", "indices": [50, 66], "screen_name": "FundacionMerani"}]}, "favorited": false, "retweeted": false, "truncated": true, "created_at": "Fri Nov 18 15:16:38 +0000 2016", "coordinates": null, "contributors": null, "quoted_status": {"id": 798533635037085696, "geo": null, "lang": "es", "text": "Los 25 mejores colegios OFICIALES DE COLOMBIA @Mineducacion @NoticiasCaracol @Citytv @ELTIEMPO @WRadioColombia\u2026 https://t.co/yUNYnZd5Q5", "user": {"id": 831227708, "url": "https://t.co/nKwcXVxBUQ", "lang": "es", "name": "Fundaci\u00f3n Merani", "id_str": "831227708", "entities": {"url": {"urls": [{"url": "https://t.co/nKwcXVxBUQ", "indices": [0, 23], "display_url": "fundamerani.edu.co", "expanded_url": "http://www.fundamerani.edu.co/"}]}, "description": {"urls": []}}, "location": "Colombia", "verified": false, "following": false, "protected": false, "time_zone": null, "created_at": "Tue Sep 18 14:57:20 +0000 2012", "utc_offset": null, "description": "Trabajamos para lograr que los estudiantes colombianos alcancen los niveles acad\u00e9micos de los estudiantes de pa\u00edses ricos y desarrollados #Pedagog\u00edaConceptual", "geo_enabled": true, "screen_name": "FundacionMerani", "listed_count": 7, "friends_count": 602, "is_translator": false, "notifications": false, "statuses_count": 2115, "default_profile": false, "followers_count": 855, "translator_type": "none", "favourites_count": 1127, "profile_image_url": "http://pbs.twimg.com/profile_images/905483978949488640/hMEvEdBE_normal.jpg", "profile_banner_url": "https://pbs.twimg.com/profile_banners/831227708/1518809709", "profile_link_color": "1B95E0", "profile_text_color": "333333", "follow_request_sent": false, "contributors_enabled": false, "has_extended_profile": false, "default_profile_image": false, "is_translation_enabled": false, "profile_background_tile": false, "profile_image_url_https": "https://pbs.twimg.com/profile_images/905483978949488640/hMEvEdBE_normal.jpg", "profile_background_color": "022330", "profile_sidebar_fill_color": "F6F6F6", "profile_background_image_url": "http://abs.twimg.com/images/themes/theme18/bg.gif", "profile_sidebar_border_color": "FFFFFF", "profile_use_background_image": true, "profile_background_image_url_https": "https://abs.twimg.com/images/themes/theme18/bg.gif"}, "place": null, "id_str": "798533635037085696", "source": "<a href=\"http://twitter.com\" rel=\"nofollow\">Twitter Web Client</a>", "entities": {"urls": [{"url": "https://t.co/yUNYnZd5Q5", "indices": [112, 135], "display_url": "twitter.com/i/web/status/7\u2026", "expanded_url": "https://twitter.com/i/web/status/798533635037085696"}], "symbols": [], "hashtags": [], "user_mentions": [{"id": 143924206, "name": "MinEducaci\u00f3n", "id_str": "143924206", "indices": [46, 59], "screen_name": "Mineducacion"}, {"id": 17813487, "name": "Noticias Caracol", "id_str": "17813487", "indices": [60, 76], "screen_name": "NoticiasCaracol"}, {"id": 41139989, "name": "Canal Citytv", "id_str": "41139989", "indices": [77, 84], "screen_name": "Citytv"}, {"id": 9633802, "name": "EL TIEMPO", "id_str": "9633802", "indices": [85, 94], "screen_name": "ELTIEMPO"}, {"id": 20560294, "name": "W Radio Colombia", "id_str": "20560294", "indices": [95, 110], "screen_name": "WRadioColombia"}]}, "favorited": false, "retweeted": false, "truncated": true, "created_at": "Tue Nov 15 14:30:29 +0000 2016", "coordinates": null, "contributors": null, "retweet_count": 5, "favorite_count": 7, "is_quote_status": false, "possibly_sensitive": false, "in_reply_to_user_id": null, "in_reply_to_status_id": null, "in_reply_to_screen_name": null, "in_reply_to_user_id_str": null, "in_reply_to_status_id_str": null}, "retweet_count": 147, "favorite_count": 520, "is_quote_status": true, "quoted_status_id": 798533635037085696, "possibly_sensitive": false, "in_reply_to_user_id": null, "quoted_status_id_str": "798533635037085696", "in_reply_to_status_id": null, "in_reply_to_screen_name": null, "in_reply_to_user_id_str": null, "in_reply_to_status_id_str": null}, "in_reply_to_user_id": null, "quoted_status_id_str": "798533635037085696", "in_reply_to_status_id": null, "in_reply_to_screen_name": null, "in_reply_to_user_id_str": null, "in_reply_to_status_id_str": null}