{"id": 1337106814450593794, "geo": null, "lang": "en", "text": "RT @geertwilderspvv: Welcome to The Netherlands Szijj\u00e1rt\u00f3 P\u00e9ter - Minister of Foreign Affairs of Hungary. It was a pleasure to talk to you\u2026", "user": {"id": 41778159, "url": null, "lang": null, "name": "Geert Wilders", "id_str": "41778159", "location": null, "verified": true, "following": null, "protected": false, "time_zone": null, "created_at": "Fri May 22 08:34:16 +0000 2009", "utc_offset": null, "description": "Voorzitter Tweede Kamerfractie PVV  / Chairman Party for Freedom (PVV)", "geo_enabled": false, "screen_name": "geertwilderspvv", "listed_count": 4052, "friends_count": 1, "is_translator": false, "notifications": null, "statuses_count": 17144, "default_profile": false, "followers_count": 843929, "translator_type": "none", "favourites_count": 12, "profile_image_url": "http://pbs.twimg.com/profile_images/1284198045140353030/3OHyugX4_normal.jpg", "profile_banner_url": "https://pbs.twimg.com/profile_banners/41778159/1595040608", "profile_link_color": "2FC2EF", "profile_text_color": "666666", "follow_request_sent": null, "contributors_enabled": false, "default_profile_image": false, "profile_background_tile": false, "profile_image_url_https": "https://pbs.twimg.com/profile_images/1284198045140353030/3OHyugX4_normal.jpg", "profile_background_color": "1A1B1F", "profile_sidebar_fill_color": "252429", "profile_background_image_url": "http://abs.twimg.com/images/themes/theme9/bg.gif", "profile_sidebar_border_color": "181A1E", "profile_use_background_image": true, "profile_background_image_url_https": "https://abs.twimg.com/images/themes/theme9/bg.gif"}, "place": null, "id_str": "1337106814450593794", "source": "<a href=\"http://twitter.com/download/iphone\" rel=\"nofollow\">Twitter for iPhone</a>", "entities": {"urls": [], "symbols": [], "hashtags": [], "user_mentions": [{"id": 41778159, "name": "Geert Wilders", "id_str": "41778159", "indices": [3, 19], "screen_name": "geertwilderspvv"}]}, "favorited": false, "retweeted": false, "truncated": false, "created_at": "Thu Dec 10 18:48:01 +0000 2020", "coordinates": null, "quote_count": 0, "reply_count": 0, "contributors": null, "filter_level": "low", "timestamp_ms": "1607626081465", "retweet_count": 0, "favorite_count": 0, "is_quote_status": false, "retweeted_status": {"id": 1337095207330983937, "geo": null, "lang": "en", "text": "Welcome to The Netherlands Szijj\u00e1rt\u00f3 P\u00e9ter - Minister of Foreign Affairs of Hungary. It was a pleasure to talk to y\u2026 https://t.co/6iiiZpufoh", "user": {"id": 41778159, "url": null, "lang": null, "name": "Geert Wilders", "id_str": "41778159", "location": null, "verified": true, "following": null, "protected": false, "time_zone": null, "created_at": "Fri May 22 08:34:16 +0000 2009", "utc_offset": null, "description": "Voorzitter Tweede Kamerfractie PVV  / Chairman Party for Freedom (PVV)", "geo_enabled": false, "screen_name": "geertwilderspvv", "listed_count": 4052, "friends_count": 1, "is_translator": false, "notifications": null, "statuses_count": 17143, "default_profile": false, "followers_count": 843929, "translator_type": "none", "favourites_count": 12, "profile_image_url": "http://pbs.twimg.com/profile_images/1284198045140353030/3OHyugX4_normal.jpg", "profile_banner_url": "https://pbs.twimg.com/profile_banners/41778159/1595040608", "profile_link_color": "2FC2EF", "profile_text_color": "666666", "follow_request_sent": null, "contributors_enabled": false, "default_profile_image": false, "profile_background_tile": false, "profile_image_url_https": "https://pbs.twimg.com/profile_images/1284198045140353030/3OHyugX4_normal.jpg", "profile_background_color": "1A1B1F", "profile_sidebar_fill_color": "252429", "profile_background_image_url": "http://abs.twimg.com/images/themes/theme9/bg.gif", "profile_sidebar_border_color": "181A1E", "profile_use_background_image": true, "profile_background_image_url_https": "https://abs.twimg.com/images/themes/theme9/bg.gif"}, "place": null, "id_str": "1337095207330983937", "source": "<a href=\"http://twitter.com/download/iphone\" rel=\"nofollow\">Twitter for iPhone</a>", "entities": {"urls": [{"url": "https://t.co/6iiiZpufoh", "indices": [117, 140], "display_url": "twitter.com/i/web/status/1\u2026", "expanded_url": "https://twitter.com/i/web/status/1337095207330983937"}], "symbols": [], "hashtags": [], "user_mentions": []}, "favorited": false, "retweeted": false, "truncated": true, "created_at": "Thu Dec 10 18:01:54 +0000 2020", "coordinates": null, "quote_count": 7, "reply_count": 12, "contributors": null, "filter_level": "low", "retweet_count": 46, "extended_tweet": {"entities": {"urls": [], "media": [{"id": 1337095203329552386, "url": "https://t.co/hjUVAC63Yb", "type": "photo", "sizes": {"large": {"h": 1155, "w": 1170, "resize": "fit"}, "small": {"h": 671, "w": 680, "resize": "fit"}, "thumb": {"h": 150, "w": 150, "resize": "crop"}, "medium": {"h": 1155, "w": 1170, "resize": "fit"}}, "id_str": "1337095203329552386", "indices": [280, 303], "media_url": "http://pbs.twimg.com/media/Eo5RANFWMAIgU1G.jpg", "display_url": "pic.twitter.com/hjUVAC63Yb", "expanded_url": "https://twitter.com/geertwilderspvv/status/1337095207330983937/photo/1", "media_url_https": "https://pbs.twimg.com/media/Eo5RANFWMAIgU1G.jpg"}], "symbols": [], "hashtags": [{"text": "Hungary", "indices": [233, 241]}, {"text": "Szijjarto", "indices": [242, 252]}, {"text": "eusummit", "indices": [253, 262]}, {"text": "eucouncil", "indices": [263, 273]}, {"text": "EUCO", "indices": [274, 279]}], "user_mentions": []}, "full_text": "Welcome to The Netherlands Szijj\u00e1rt\u00f3 P\u00e9ter - Minister of Foreign Affairs of Hungary. It was a pleasure to talk to you today. \n\nWe both emphasized the importance of national sovereignty and the need for a strong immigration policy. \n\n#Hungary #Szijjarto\n#eusummit #eucouncil #EUCO https://t.co/hjUVAC63Yb", "extended_entities": {"media": [{"id": 1337095203329552386, "url": "https://t.co/hjUVAC63Yb", "type": "photo", "sizes": {"large": {"h": 1155, "w": 1170, "resize": "fit"}, "small": {"h": 671, "w": 680, "resize": "fit"}, "thumb": {"h": 150, "w": 150, "resize": "crop"}, "medium": {"h": 1155, "w": 1170, "resize": "fit"}}, "id_str": "1337095203329552386", "indices": [280, 303], "media_url": "http://pbs.twimg.com/media/Eo5RANFWMAIgU1G.jpg", "display_url": "pic.twitter.com/hjUVAC63Yb", "expanded_url": "https://twitter.com/geertwilderspvv/status/1337095207330983937/photo/1", "media_url_https": "https://pbs.twimg.com/media/Eo5RANFWMAIgU1G.jpg"}]}, "display_text_range": [0, 279]}, "favorite_count": 274, "is_quote_status": false, "display_text_range": [0, 140], "possibly_sensitive": false, "in_reply_to_user_id": null, "in_reply_to_status_id": null, "in_reply_to_screen_name": null, "in_reply_to_user_id_str": null, "in_reply_to_status_id_str": null}, "in_reply_to_user_id": null, "in_reply_to_status_id": null, "in_reply_to_screen_name": null, "in_reply_to_user_id_str": null, "in_reply_to_status_id_str": null}