{"id": 1641321723172646912, "geo": null, "lang": "es", "text": "RT @VPBolivar: #29Mar \u00a1ESTAMOS PREPARADOS!\ud83c\udf4a\n\nReuni\u00f3n de ERA-EMA ampliando, bajo la direcci\u00f3n del Responsable Regional @fcosucre \n\nOrganiz\u00e1n\u2026", "user": {"id": 39176902, "url": "https://t.co/PpkcSi6FSz", "lang": null, "name": "Juan Guaid\u00f3", "id_str": "39176902", "entities": {"url": {"urls": [{"url": "https://t.co/PpkcSi6FSz", "indices": [0, 23], "display_url": "facebook.com/JGuaido", "expanded_url": "https://www.facebook.com/JGuaido"}]}, "description": {"urls": []}}, "location": "Vargas", "verified": true, "following": true, "protected": false, "time_zone": null, "created_at": "Mon May 11 02:59:20 +0000 2009", "utc_offset": null, "description": "Servidor p\u00fablico en resistencia contra la dictadura en \ud83c\uddfb\ud83c\uddea. Diputado. Presidente (E) de la Rep\u00fablica y de la AN (2019-2022). En todo amar y servir.", "geo_enabled": true, "screen_name": "jguaido", "listed_count": 3287, "friends_count": 2914, "is_translator": false, "notifications": false, "statuses_count": 49429, "default_profile": true, "followers_count": 2663902, "translator_type": "none", "favourites_count": 40046, "profile_image_url": "http://pbs.twimg.com/profile_images/1253171841348370439/fLveV1IQ_normal.jpg", "profile_banner_url": "https://pbs.twimg.com/profile_banners/39176902/1587661135", "profile_link_color": "1DA1F2", "profile_text_color": "333333", "follow_request_sent": false, "contributors_enabled": false, "has_extended_profile": true, "default_profile_image": false, "withheld_in_countries": [], "is_translation_enabled": false, "profile_background_tile": false, "profile_image_url_https": "https://pbs.twimg.com/profile_images/1253171841348370439/fLveV1IQ_normal.jpg", "profile_background_color": "C0DEED", "profile_sidebar_fill_color": "DDEEF6", "profile_background_image_url": "http://abs.twimg.com/images/themes/theme1/bg.png", "profile_sidebar_border_color": "C0DEED", "profile_use_background_image": true, "profile_background_image_url_https": "https://abs.twimg.com/images/themes/theme1/bg.png"}, "place": null, "id_str": "1641321723172646912", "source": "<a href=\"http://twitter.com/download/iphone\" rel=\"nofollow\">Twitter for iPhone</a>", "entities": {"urls": [], "symbols": [], "hashtags": [{"text": "29Mar", "indices": [15, 21]}], "user_mentions": [{"id": 185794575, "name": "VP Bol\u00edvar Oficial", "id_str": "185794575", "indices": [3, 13], "screen_name": "VPBolivar"}, {"id": 48826114, "name": "Francisco Sucre", "id_str": "48826114", "indices": [118, 127], "screen_name": "fcosucre"}]}, "favorited": false, "retweeted": false, "truncated": false, "created_at": "Thu Mar 30 06:09:27 +0000 2023", "coordinates": null, "contributors": null, "retweet_count": 14, "favorite_count": 0, "is_quote_status": false, "retweeted_status": {"id": 1641122311003684881, "geo": null, "lang": "es", "text": "#29Mar \u00a1ESTAMOS PREPARADOS!\ud83c\udf4a\n\nReuni\u00f3n de ERA-EMA ampliando, bajo la direcci\u00f3n del Responsable Regional @fcosucre\u2026 https://t.co/3i4ZMlOBch", "user": {"id": 185794575, "url": "https://t.co/UYpuW2CuD6", "lang": null, "name": "VP Bol\u00edvar Oficial", "id_str": "185794575", "entities": {"url": {"urls": [{"url": "https://t.co/UYpuW2CuD6", "indices": [0, 23], "display_url": "voluntadpopular.com", "expanded_url": "http://www.voluntadpopular.com"}]}, "description": {"urls": []}}, "location": "Estado Bol\u00edvar, Venezuela", "verified": false, "following": false, "protected": false, "time_zone": null, "created_at": "Wed Sep 01 21:20:33 +0000 2010", "utc_offset": null, "description": "Cuenta oficial de @VoluntadPopular en el estado Bol\u00edvar. Luchamos d\u00eda a d\u00eda sin descanso por #LaMejorVzla donde todos los derechos sean para todas las personas", "geo_enabled": true, "screen_name": "VPBolivar", "listed_count": 38, "friends_count": 3479, "is_translator": false, "notifications": false, "statuses_count": 19482, "default_profile": false, "followers_count": 7941, "translator_type": "none", "favourites_count": 739, "profile_image_url": "http://pbs.twimg.com/profile_images/1599573401223544832/mQfPKQ5f_normal.jpg", "profile_banner_url": "https://pbs.twimg.com/profile_banners/185794575/1670202990", "profile_link_color": "F58308", "profile_text_color": "0C3E53", "follow_request_sent": false, "contributors_enabled": false, "has_extended_profile": false, "default_profile_image": false, "withheld_in_countries": [], "is_translation_enabled": false, "profile_background_tile": true, "profile_image_url_https": "https://pbs.twimg.com/profile_images/1599573401223544832/mQfPKQ5f_normal.jpg", "profile_background_color": "F78E1E", "profile_sidebar_fill_color": "FFF7CC", "profile_background_image_url": "http://abs.twimg.com/images/themes/theme12/bg.gif", "profile_sidebar_border_color": "FFFFFF", "profile_use_background_image": true, "profile_background_image_url_https": "https://abs.twimg.com/images/themes/theme12/bg.gif"}, "place": null, "id_str": "1641122311003684881", "source": "<a href=\"http://twitter.com/download/android\" rel=\"nofollow\">Twitter for Android</a>", "entities": {"urls": [{"url": "https://t.co/3i4ZMlOBch", "indices": [114, 137], "display_url": "twitter.com/i/web/status/1\u2026", "expanded_url": "https://twitter.com/i/web/status/1641122311003684881"}], "symbols": [], "hashtags": [{"text": "29Mar", "indices": [0, 6]}], "user_mentions": [{"id": 48826114, "name": "Francisco Sucre", "id_str": "48826114", "indices": [103, 112], "screen_name": "fcosucre"}]}, "favorited": false, "retweeted": false, "truncated": true, "created_at": "Wed Mar 29 16:57:04 +0000 2023", "coordinates": null, "contributors": null, "retweet_count": 14, "favorite_count": 24, "is_quote_status": false, "possibly_sensitive": false, "in_reply_to_user_id": null, "in_reply_to_status_id": null, "in_reply_to_screen_name": null, "in_reply_to_user_id_str": null, "in_reply_to_status_id_str": null}, "in_reply_to_user_id": null, "in_reply_to_status_id": null, "in_reply_to_screen_name": null, "in_reply_to_user_id_str": null, "in_reply_to_status_id_str": null}