{"id": 1639834065099448322, "geo": null, "lang": "es", "text": "RT @Aragua_Guaido: Tenemos un compromiso con todos esos j\u00f3venes que a\u00fan no est\u00e1n inscritos en el REP, organizarlos, movilizarlos \u00e9 inscribi\u2026", "user": {"id": 39176902, "url": "https://t.co/PpkcSi6FSz", "lang": null, "name": "Juan Guaid\u00f3", "id_str": "39176902", "entities": {"url": {"urls": [{"url": "https://t.co/PpkcSi6FSz", "indices": [0, 23], "display_url": "facebook.com/JGuaido", "expanded_url": "https://www.facebook.com/JGuaido"}]}, "description": {"urls": []}}, "location": "Vargas", "verified": true, "following": true, "protected": false, "time_zone": null, "created_at": "Mon May 11 02:59:20 +0000 2009", "utc_offset": null, "description": "Servidor p\u00fablico en resistencia contra la dictadura en \ud83c\uddfb\ud83c\uddea. Diputado. Presidente (E) de la Rep\u00fablica y de la AN (2019-2022). En todo amar y servir.", "geo_enabled": true, "screen_name": "jguaido", "listed_count": 3290, "friends_count": 2924, "is_translator": false, "notifications": false, "statuses_count": 49466, "default_profile": true, "followers_count": 2663103, "translator_type": "none", "favourites_count": 40201, "profile_image_url": "http://pbs.twimg.com/profile_images/1253171841348370439/fLveV1IQ_normal.jpg", "profile_banner_url": "https://pbs.twimg.com/profile_banners/39176902/1587661135", "profile_link_color": "1DA1F2", "profile_text_color": "333333", "follow_request_sent": false, "contributors_enabled": false, "has_extended_profile": true, "default_profile_image": false, "withheld_in_countries": [], "is_translation_enabled": false, "profile_background_tile": false, "profile_image_url_https": "https://pbs.twimg.com/profile_images/1253171841348370439/fLveV1IQ_normal.jpg", "profile_background_color": "C0DEED", "profile_sidebar_fill_color": "DDEEF6", "profile_background_image_url": "http://abs.twimg.com/images/themes/theme1/bg.png", "profile_sidebar_border_color": "C0DEED", "profile_use_background_image": true, "profile_background_image_url_https": "https://abs.twimg.com/images/themes/theme1/bg.png"}, "place": null, "id_str": "1639834065099448322", "source": "<a href=\"http://twitter.com/download/iphone\" rel=\"nofollow\">Twitter for iPhone</a>", "entities": {"urls": [], "symbols": [], "hashtags": [], "user_mentions": [{"id": 1594742157478445061, "name": "#Aragua Con Guaid\u00f3 \ud83c\uddfb\ud83c\uddea", "id_str": "1594742157478445061", "indices": [3, 17], "screen_name": "Aragua_Guaido"}]}, "favorited": false, "retweeted": false, "truncated": false, "created_at": "Sun Mar 26 03:38:02 +0000 2023", "coordinates": null, "contributors": null, "retweet_count": 32, "favorite_count": 0, "is_quote_status": false, "retweeted_status": {"id": 1639805414370942978, "geo": null, "lang": "es", "text": "Tenemos un compromiso con todos esos j\u00f3venes que a\u00fan no est\u00e1n inscritos en el REP, organizarlos, movilizarlos \u00e9 ins\u2026 https://t.co/Ezy83N5kwQ", "user": {"id": 1594742157478445061, "url": "https://t.co/DcKOtNW2JE", "lang": null, "name": "#Aragua Con Guaid\u00f3 \ud83c\uddfb\ud83c\uddea", "id_str": "1594742157478445061", "entities": {"url": {"urls": [{"url": "https://t.co/DcKOtNW2JE", "indices": [0, 23], "display_url": "instagram.com/araguaconguaid\u2026", "expanded_url": "https://www.instagram.com/araguaconguaido_/"}]}, "description": {"urls": []}}, "location": "Aragua", "verified": false, "following": false, "protected": false, "time_zone": null, "created_at": "Mon Nov 21 17:19:08 +0000 2022", "utc_offset": null, "description": "Comando de campa\u00f1a  d\u00e9 apoy\u00f3 a @jguaido en las primaria del 22 de octubre en #aragua / informaci\u00f3n y campa\u00f1a \ud83c\uddfb\ud83c\uddea #guaidopresidente #araguaconguaid\u00f3", "geo_enabled": false, "screen_name": "Aragua_Guaido", "listed_count": 0, "friends_count": 92, "is_translator": false, "notifications": false, "statuses_count": 286, "default_profile": true, "followers_count": 39, "translator_type": "none", "favourites_count": 355, "profile_image_url": "http://pbs.twimg.com/profile_images/1639771034491449344/fUmEcbsa_normal.jpg", "profile_banner_url": "https://pbs.twimg.com/profile_banners/1594742157478445061/1679786826", "profile_link_color": "1DA1F2", "profile_text_color": "333333", "follow_request_sent": false, "contributors_enabled": false, "has_extended_profile": true, "default_profile_image": false, "withheld_in_countries": [], "is_translation_enabled": false, "profile_background_tile": false, "profile_image_url_https": "https://pbs.twimg.com/profile_images/1639771034491449344/fUmEcbsa_normal.jpg", "profile_background_color": "F5F8FA", "profile_sidebar_fill_color": "DDEEF6", "profile_background_image_url": null, "profile_sidebar_border_color": "C0DEED", "profile_use_background_image": true, "profile_background_image_url_https": null}, "place": null, "id_str": "1639805414370942978", "source": "<a href=\"https://mobile.twitter.com\" rel=\"nofollow\">Twitter Web App</a>", "entities": {"urls": [{"url": "https://t.co/Ezy83N5kwQ", "indices": [117, 140], "display_url": "twitter.com/i/web/status/1\u2026", "expanded_url": "https://twitter.com/i/web/status/1639805414370942978"}], "symbols": [], "hashtags": [], "user_mentions": []}, "favorited": false, "retweeted": false, "truncated": true, "created_at": "Sun Mar 26 01:44:11 +0000 2023", "coordinates": null, "contributors": null, "retweet_count": 32, "favorite_count": 55, "is_quote_status": false, "possibly_sensitive": false, "in_reply_to_user_id": null, "in_reply_to_status_id": null, "in_reply_to_screen_name": null, "in_reply_to_user_id_str": null, "in_reply_to_status_id_str": null}, "in_reply_to_user_id": null, "in_reply_to_status_id": null, "in_reply_to_screen_name": null, "in_reply_to_user_id_str": null, "in_reply_to_status_id_str": null}