{"id": 1637908198609891329, "geo": null, "lang": "es", "text": "En unos minutos hablar\u00e9 EN VIVO del saqueo contin\u00fao por el regimen de Maduro. Pendiente de mi cuenta de Instagram y\u2026 https://t.co/cBXSTbCT7A", "user": {"id": 39176902, "url": "https://t.co/PpkcSi6FSz", "lang": null, "name": "Juan Guaid\u00f3", "id_str": "39176902", "entities": {"url": {"urls": [{"url": "https://t.co/PpkcSi6FSz", "indices": [0, 23], "display_url": "facebook.com/JGuaido", "expanded_url": "https://www.facebook.com/JGuaido"}]}, "description": {"urls": []}}, "location": "Vargas", "verified": true, "following": true, "protected": false, "time_zone": null, "created_at": "Mon May 11 02:59:20 +0000 2009", "utc_offset": null, "description": "Servidor p\u00fablico en resistencia contra la dictadura en \ud83c\uddfb\ud83c\uddea. Diputado. Presidente (E) de la Rep\u00fablica y de la AN (2019-2022). En todo amar y servir.", "geo_enabled": true, "screen_name": "jguaido", "listed_count": 3290, "friends_count": 2924, "is_translator": false, "notifications": false, "statuses_count": 49466, "default_profile": true, "followers_count": 2663103, "translator_type": "none", "favourites_count": 40201, "profile_image_url": "http://pbs.twimg.com/profile_images/1253171841348370439/fLveV1IQ_normal.jpg", "profile_banner_url": "https://pbs.twimg.com/profile_banners/39176902/1587661135", "profile_link_color": "1DA1F2", "profile_text_color": "333333", "follow_request_sent": false, "contributors_enabled": false, "has_extended_profile": true, "default_profile_image": false, "withheld_in_countries": [], "is_translation_enabled": false, "profile_background_tile": false, "profile_image_url_https": "https://pbs.twimg.com/profile_images/1253171841348370439/fLveV1IQ_normal.jpg", "profile_background_color": "C0DEED", "profile_sidebar_fill_color": "DDEEF6", "profile_background_image_url": "http://abs.twimg.com/images/themes/theme1/bg.png", "profile_sidebar_border_color": "C0DEED", "profile_use_background_image": true, "profile_background_image_url_https": "https://abs.twimg.com/images/themes/theme1/bg.png"}, "place": null, "id_str": "1637908198609891329", "source": "<a href=\"https://mobile.twitter.com\" rel=\"nofollow\">Twitter Web App</a>", "entities": {"urls": [{"url": "https://t.co/cBXSTbCT7A", "indices": [117, 140], "display_url": "twitter.com/i/web/status/1\u2026", "expanded_url": "https://twitter.com/i/web/status/1637908198609891329"}], "symbols": [], "hashtags": [], "user_mentions": []}, "favorited": false, "retweeted": false, "truncated": true, "created_at": "Mon Mar 20 20:05:20 +0000 2023", "coordinates": null, "contributors": null, "quoted_status": {"id": 1637899270593363972, "geo": null, "lang": "es", "text": "#\u00daLTIMAHORA El ministro venezolano de Petr\u00f3leo, Tareck El Aissami, renunci\u00f3 este lunes a su cargo despu\u00e9s de que el\u2026 https://t.co/hVoMWeh4Y6", "user": {"id": 851108442, "url": "https://t.co/xUUUHGq0CB", "lang": null, "name": "Agence France-Presse", "id_str": "851108442", "entities": {"url": {"urls": [{"url": "https://t.co/xUUUHGq0CB", "indices": [0, 23], "display_url": "afp.com/es", "expanded_url": "http://www.afp.com/es"}]}, "description": {"urls": [{"url": "https://t.co/USg46DHztr", "indices": [118, 141], "display_url": "u.afp.com/AFPespanol", "expanded_url": "http://u.afp.com/AFPespanol"}]}}, "location": "Montevideo, Uruguay", "verified": true, "following": false, "protected": false, "time_zone": null, "created_at": "Fri Sep 28 14:00:14 +0000 2012", "utc_offset": null, "description": "Las noticias y las historias del mundo con el aporte de los periodistas de la AFP en 150 pa\u00edses. Tambi\u00e9n en Facebook: https://t.co/USg46DHztr", "geo_enabled": false, "screen_name": "AFPespanol", "listed_count": 5720, "friends_count": 978, "is_translator": false, "notifications": false, "statuses_count": 225712, "default_profile": false, "followers_count": 672291, "translator_type": "none", "favourites_count": 366, "profile_image_url": "http://pbs.twimg.com/profile_images/1272859011474481152/J3eS0fH9_normal.jpg", "profile_banner_url": "https://pbs.twimg.com/profile_banners/851108442/1606670390", "profile_link_color": "0084B4", "profile_text_color": "333333", "follow_request_sent": false, "contributors_enabled": false, "has_extended_profile": false, "default_profile_image": false, "withheld_in_countries": [], "is_translation_enabled": false, "profile_background_tile": false, "profile_image_url_https": "https://pbs.twimg.com/profile_images/1272859011474481152/J3eS0fH9_normal.jpg", "profile_background_color": "C0DEED", "profile_sidebar_fill_color": "DDEEF6", "profile_background_image_url": "http://abs.twimg.com/images/themes/theme1/bg.png", "profile_sidebar_border_color": "FFFFFF", "profile_use_background_image": true, "profile_background_image_url_https": "https://abs.twimg.com/images/themes/theme1/bg.png"}, "place": null, "id_str": "1637899270593363972", "source": "<a href=\"https://about.twitter.com/products/tweetdeck\" rel=\"nofollow\">TweetDeck</a>", "entities": {"urls": [{"url": "https://t.co/hVoMWeh4Y6", "indices": [117, 140], "display_url": "twitter.com/i/web/status/1\u2026", "expanded_url": "https://twitter.com/i/web/status/1637899270593363972"}], "symbols": [], "hashtags": [{"text": "\u00daLTIMAHORA", "indices": [0, 11]}], "user_mentions": []}, "favorited": false, "retweeted": false, "truncated": true, "created_at": "Mon Mar 20 19:29:51 +0000 2023", "coordinates": null, "contributors": null, "retweet_count": 471, "favorite_count": 713, "is_quote_status": false, "possibly_sensitive": false, "in_reply_to_user_id": null, "in_reply_to_status_id": null, "in_reply_to_screen_name": null, "in_reply_to_user_id_str": null, "in_reply_to_status_id_str": null}, "retweet_count": 515, "favorite_count": 777, "is_quote_status": true, "quoted_status_id": 1637899270593363972, "possibly_sensitive": false, "in_reply_to_user_id": null, "quoted_status_id_str": "1637899270593363972", "in_reply_to_status_id": null, "in_reply_to_screen_name": null, "in_reply_to_user_id_str": null, "in_reply_to_status_id_str": null}