{"id": 1631655861499187202, "geo": null, "lang": "es", "text": "RT @DossierVzla: Juan Guaid\u00f3 (@jguaido) y Fuerza Liberal (@fuerzaliberal) unir\u00e1n fuerzas pol\u00edticas para las elecciones primarias\nhttps://t.\u2026", "user": {"id": 39176902, "url": "https://t.co/PpkcSi6FSz", "lang": null, "name": "Juan Guaid\u00f3", "id_str": "39176902", "entities": {"url": {"urls": [{"url": "https://t.co/PpkcSi6FSz", "indices": [0, 23], "display_url": "facebook.com/JGuaido", "expanded_url": "https://www.facebook.com/JGuaido"}]}, "description": {"urls": []}}, "location": "Vargas", "verified": true, "following": true, "protected": false, "time_zone": null, "created_at": "Mon May 11 02:59:20 +0000 2009", "utc_offset": null, "description": "Servidor p\u00fablico en resistencia contra la dictadura en \ud83c\uddfb\ud83c\uddea. Diputado. Presidente (E) de la Rep\u00fablica y de la AN (2019-2022). En todo amar y servir.", "geo_enabled": true, "screen_name": "jguaido", "listed_count": 3278, "friends_count": 2903, "is_translator": false, "notifications": false, "statuses_count": 49256, "default_profile": true, "followers_count": 2667503, "translator_type": "none", "favourites_count": 39147, "profile_image_url": "http://pbs.twimg.com/profile_images/1253171841348370439/fLveV1IQ_normal.jpg", "profile_banner_url": "https://pbs.twimg.com/profile_banners/39176902/1587661135", "profile_link_color": "1DA1F2", "profile_text_color": "333333", "follow_request_sent": false, "contributors_enabled": false, "has_extended_profile": true, "default_profile_image": false, "withheld_in_countries": [], "is_translation_enabled": false, "profile_background_tile": false, "profile_image_url_https": "https://pbs.twimg.com/profile_images/1253171841348370439/fLveV1IQ_normal.jpg", "profile_background_color": "C0DEED", "profile_sidebar_fill_color": "DDEEF6", "profile_background_image_url": "http://abs.twimg.com/images/themes/theme1/bg.png", "profile_sidebar_border_color": "C0DEED", "profile_use_background_image": true, "profile_background_image_url_https": "https://abs.twimg.com/images/themes/theme1/bg.png"}, "place": null, "id_str": "1631655861499187202", "source": "<a href=\"http://twitter.com/#!/download/ipad\" rel=\"nofollow\">Twitter for iPad</a>", "entities": {"urls": [], "symbols": [], "hashtags": [], "user_mentions": [{"id": 1614723330577403904, "name": "Dossier Venezuela", "id_str": "1614723330577403904", "indices": [3, 15], "screen_name": "DossierVzla"}, {"id": 39176902, "name": "Juan Guaid\u00f3", "id_str": "39176902", "indices": [30, 38], "screen_name": "jguaido"}, {"id": 109429349, "name": "Haydee Deutsch", "id_str": "109429349", "indices": [58, 72], "screen_name": "fuerzaliberal"}]}, "favorited": false, "retweeted": false, "truncated": false, "created_at": "Fri Mar 03 14:00:46 +0000 2023", "coordinates": null, "contributors": null, "retweet_count": 16, "favorite_count": 0, "is_quote_status": false, "retweeted_status": {"id": 1631381659118346244, "geo": null, "lang": "es", "text": "Juan Guaid\u00f3 (@jguaido) y Fuerza Liberal (@fuerzaliberal) unir\u00e1n fuerzas pol\u00edticas para las elecciones primarias\u2026 https://t.co/pl8on6Qro1", "user": {"id": 1614723330577403904, "url": "https://t.co/jflIXfdd4z", "lang": null, "name": "Dossier Venezuela", "id_str": "1614723330577403904", "entities": {"url": {"urls": [{"url": "https://t.co/jflIXfdd4z", "indices": [0, 23], "display_url": "dossiervenezuela.com", "expanded_url": "https://www.dossiervenezuela.com/"}]}, "description": {"urls": []}}, "location": "Colombia", "verified": false, "following": false, "protected": false, "time_zone": null, "created_at": "Sun Jan 15 20:37:16 +0000 2023", "utc_offset": null, "description": "Somos el epicentro de informaci\u00f3n pura para los que peleamos por la libertad y democracia.", "geo_enabled": false, "screen_name": "DossierVzla", "listed_count": 0, "friends_count": 55, "is_translator": false, "notifications": false, "statuses_count": 313, "default_profile": true, "followers_count": 77, "translator_type": "none", "favourites_count": 5, "profile_image_url": "http://pbs.twimg.com/profile_images/1614724408949747712/hxUdI2yu_normal.jpg", "profile_banner_url": "https://pbs.twimg.com/profile_banners/1614723330577403904/1673815274", "profile_link_color": "1DA1F2", "profile_text_color": "333333", "follow_request_sent": false, "contributors_enabled": false, "has_extended_profile": true, "default_profile_image": false, "withheld_in_countries": [], "is_translation_enabled": false, "profile_background_tile": false, "profile_image_url_https": "https://pbs.twimg.com/profile_images/1614724408949747712/hxUdI2yu_normal.jpg", "profile_background_color": "F5F8FA", "profile_sidebar_fill_color": "DDEEF6", "profile_background_image_url": null, "profile_sidebar_border_color": "C0DEED", "profile_use_background_image": true, "profile_background_image_url_https": null}, "place": null, "id_str": "1631381659118346244", "source": "<a href=\"https://mobile.twitter.com\" rel=\"nofollow\">Twitter Web App</a>", "entities": {"urls": [{"url": "https://t.co/pl8on6Qro1", "indices": [113, 136], "display_url": "twitter.com/i/web/status/1\u2026", "expanded_url": "https://twitter.com/i/web/status/1631381659118346244"}], "symbols": [], "hashtags": [], "user_mentions": [{"id": 39176902, "name": "Juan Guaid\u00f3", "id_str": "39176902", "indices": [13, 21], "screen_name": "jguaido"}, {"id": 109429349, "name": "Haydee Deutsch", "id_str": "109429349", "indices": [41, 55], "screen_name": "fuerzaliberal"}]}, "favorited": false, "retweeted": false, "truncated": true, "created_at": "Thu Mar 02 19:51:11 +0000 2023", "coordinates": null, "contributors": null, "retweet_count": 16, "favorite_count": 23, "is_quote_status": false, "possibly_sensitive": false, "in_reply_to_user_id": null, "in_reply_to_status_id": null, "in_reply_to_screen_name": null, "in_reply_to_user_id_str": null, "in_reply_to_status_id_str": null}, "in_reply_to_user_id": null, "in_reply_to_status_id": null, "in_reply_to_screen_name": null, "in_reply_to_user_id_str": null, "in_reply_to_status_id_str": null}