{"id": 1621959750995873792, "geo": null, "lang": "es", "text": "RT @endsequera: Falso. Esto fue lo que realmente dijo Guaid\u00f3: \n\n \u201cMaduro decidi\u00f3 cooptar a parte de la alternativa democr\u00e1tica con financia\u2026", "user": {"id": 39176902, "url": "https://t.co/PpkcSi6FSz", "lang": null, "name": "Juan Guaid\u00f3", "id_str": "39176902", "entities": {"url": {"urls": [{"url": "https://t.co/PpkcSi6FSz", "indices": [0, 23], "display_url": "facebook.com/JGuaido", "expanded_url": "https://www.facebook.com/JGuaido"}]}, "description": {"urls": []}}, "location": "Vargas", "verified": true, "following": true, "protected": false, "time_zone": null, "created_at": "Mon May 11 02:59:20 +0000 2009", "utc_offset": null, "description": "Servidor p\u00fablico en resistencia contra la dictadura en \ud83c\uddfb\ud83c\uddea. Diputado. Presidente (E) de la Rep\u00fablica y de la AN (2019-2022). En todo amar y servir.", "geo_enabled": true, "screen_name": "jguaido", "listed_count": 3286, "friends_count": 2911, "is_translator": false, "notifications": false, "statuses_count": 49401, "default_profile": true, "followers_count": 2664339, "translator_type": "none", "favourites_count": 39977, "profile_image_url": "http://pbs.twimg.com/profile_images/1253171841348370439/fLveV1IQ_normal.jpg", "profile_banner_url": "https://pbs.twimg.com/profile_banners/39176902/1587661135", "profile_link_color": "1DA1F2", "profile_text_color": "333333", "follow_request_sent": false, "contributors_enabled": false, "has_extended_profile": true, "default_profile_image": false, "withheld_in_countries": [], "is_translation_enabled": false, "profile_background_tile": false, "profile_image_url_https": "https://pbs.twimg.com/profile_images/1253171841348370439/fLveV1IQ_normal.jpg", "profile_background_color": "C0DEED", "profile_sidebar_fill_color": "DDEEF6", "profile_background_image_url": "http://abs.twimg.com/images/themes/theme1/bg.png", "profile_sidebar_border_color": "C0DEED", "profile_use_background_image": true, "profile_background_image_url_https": "https://abs.twimg.com/images/themes/theme1/bg.png"}, "place": null, "id_str": "1621959750995873792", "source": "<a href=\"http://twitter.com/#!/download/ipad\" rel=\"nofollow\">Twitter for iPad</a>", "entities": {"urls": [], "symbols": [], "hashtags": [], "user_mentions": [{"id": 342957703, "name": "Enderson Sequera S.", "id_str": "342957703", "indices": [3, 14], "screen_name": "endsequera"}]}, "favorited": false, "retweeted": false, "truncated": false, "created_at": "Sat Feb 04 19:51:53 +0000 2023", "coordinates": null, "contributors": null, "retweet_count": 111, "favorite_count": 0, "is_quote_status": true, "quoted_status_id": 1621899506349445121, "retweeted_status": {"id": 1621926514026586112, "geo": null, "lang": "es", "text": "Falso. Esto fue lo que realmente dijo Guaid\u00f3: \n\n \u201cMaduro decidi\u00f3 cooptar a parte de la alternativa democr\u00e1tica con\u2026 https://t.co/3rUxrnbIV1", "user": {"id": 342957703, "url": "https://t.co/w7fLCKlHGE", "lang": null, "name": "Enderson Sequera S.", "id_str": "342957703", "entities": {"url": {"urls": [{"url": "https://t.co/w7fLCKlHGE", "indices": [0, 23], "display_url": "linktr.ee/endersonsequer\u2026", "expanded_url": "https://linktr.ee/endersonsequerave"}]}, "description": {"urls": []}}, "location": "Valencia, Venezuela", "verified": false, "following": false, "protected": false, "time_zone": null, "created_at": "Tue Jul 26 21:03:42 +0000 2011", "utc_offset": null, "description": "Polit\u00f3logo | Consultor pol\u00edtico | Director Estrat\u00e9gico de @espolitiks | \u00abStrategy is the art of creating power\u00bb.", "geo_enabled": true, "screen_name": "endsequera", "listed_count": 58, "friends_count": 814, "is_translator": false, "notifications": false, "statuses_count": 88280, "default_profile": false, "followers_count": 10006, "translator_type": "none", "favourites_count": 217202, "profile_image_url": "http://pbs.twimg.com/profile_images/1563974907951726597/uLA07enO_normal.jpg", "profile_banner_url": "https://pbs.twimg.com/profile_banners/342957703/1657825057", "profile_link_color": "0084B4", "profile_text_color": "663B12", "follow_request_sent": false, "contributors_enabled": false, "has_extended_profile": false, "default_profile_image": false, "withheld_in_countries": [], "is_translation_enabled": false, "profile_background_tile": true, "profile_image_url_https": "https://pbs.twimg.com/profile_images/1563974907951726597/uLA07enO_normal.jpg", "profile_background_color": "C0DEED", "profile_sidebar_fill_color": "DAECF4", "profile_background_image_url": "http://abs.twimg.com/images/themes/theme2/bg.gif", "profile_sidebar_border_color": "000000", "profile_use_background_image": true, "profile_background_image_url_https": "https://abs.twimg.com/images/themes/theme2/bg.gif"}, "place": null, "id_str": "1621926514026586112", "source": "<a href=\"http://twitter.com/download/iphone\" rel=\"nofollow\">Twitter for iPhone</a>", "entities": {"urls": [{"url": "https://t.co/3rUxrnbIV1", "indices": [116, 139], "display_url": "twitter.com/i/web/status/1\u2026", "expanded_url": "https://twitter.com/i/web/status/1621926514026586112"}], "symbols": [], "hashtags": [], "user_mentions": []}, "favorited": false, "retweeted": false, "truncated": true, "created_at": "Sat Feb 04 17:39:49 +0000 2023", "coordinates": null, "contributors": null, "quoted_status": {"id": 1621899506349445121, "geo": null, "lang": "es", "text": "\ud83d\udfe0 Juan Guaid\u00f3:\n\n\ud83d\udde3 \u201cEl gobierno interino fue eliminado porque Maduro soborn\u00f3 con dinero de Alex Saab a Diputados de\u2026 https://t.co/Qps5dM4sSv", "user": {"id": 2526472152, "url": "https://t.co/Ok3b04UfXg", "lang": null, "name": "\ud835\ude4b\ud835\ude64\ud835\ude61\ud835\ude5e\ud835\ude56\ud835\ude63\ud835\ude56\ud835\ude61\ud835\ude5e\ud835\ude69\ud835\ude5e\ud835\ude58\ud835\ude56", "id_str": "2526472152", "entities": {"url": {"urls": [{"url": "https://t.co/Ok3b04UfXg", "indices": [0, 23], "display_url": "polianaliticave.com", "expanded_url": "http://www.polianaliticave.com"}]}, "description": {"urls": []}}, "location": "Caracas, Venezuela", "verified": false, "following": false, "protected": false, "time_zone": null, "created_at": "Tue May 27 03:56:32 +0000 2014", "utc_offset": null, "description": "\ud83c\uddfb\ud83c\uddea Agencia de inteligencia pol\u00edtica para la toma de decisiones: monitoreo pol\u00edtico, encuestas, campa\u00f1as, investigaci\u00f3n y an\u00e1lisis \u2022 Polit\u00f3logos \ud83c\udfdb\ud83d\udda5\ud83d\udcca\ud83d\uddf3\ud83d\udd0e\u265f", "geo_enabled": false, "screen_name": "polianalitica", "listed_count": 67, "friends_count": 17, "is_translator": false, "notifications": false, "statuses_count": 7278, "default_profile": false, "followers_count": 18398, "translator_type": "none", "favourites_count": 545, "profile_image_url": "http://pbs.twimg.com/profile_images/1584616569161875459/apvo4ka5_normal.jpg", "profile_banner_url": "https://pbs.twimg.com/profile_banners/2526472152/1638890733", "profile_link_color": "661100", "profile_text_color": "000000", "follow_request_sent": false, "contributors_enabled": false, "has_extended_profile": false, "default_profile_image": false, "withheld_in_countries": [], "is_translation_enabled": false, "profile_background_tile": false, "profile_image_url_https": "https://pbs.twimg.com/profile_images/1584616569161875459/apvo4ka5_normal.jpg", "profile_background_color": "000000", "profile_sidebar_fill_color": "000000", "profile_background_image_url": "http://abs.twimg.com/images/themes/theme1/bg.png", "profile_sidebar_border_color": "000000", "profile_use_background_image": false, "profile_background_image_url_https": "https://abs.twimg.com/images/themes/theme1/bg.png"}, "place": null, "id_str": "1621899506349445121", "source": "<a href=\"http://twitter.com/download/iphone\" rel=\"nofollow\">Twitter for iPhone</a>", "entities": {"urls": [{"url": "https://t.co/Qps5dM4sSv", "indices": [116, 139], "display_url": "twitter.com/i/web/status/1\u2026", "expanded_url": "https://twitter.com/i/web/status/1621899506349445121"}], "symbols": [], "hashtags": [], "user_mentions": []}, "favorited": false, "retweeted": false, "truncated": true, "created_at": "Sat Feb 04 15:52:30 +0000 2023", "coordinates": null, "contributors": null, "retweet_count": 353, "favorite_count": 509, "is_quote_status": false, "possibly_sensitive": false, "in_reply_to_user_id": null, "in_reply_to_status_id": null, "in_reply_to_screen_name": null, "in_reply_to_user_id_str": null, "in_reply_to_status_id_str": null}, "retweet_count": 111, "favorite_count": 158, "is_quote_status": true, "quoted_status_id": 1621899506349445121, "possibly_sensitive": false, "in_reply_to_user_id": null, "quoted_status_id_str": "1621899506349445121", "in_reply_to_status_id": null, "in_reply_to_screen_name": null, "in_reply_to_user_id_str": null, "in_reply_to_status_id_str": null}, "in_reply_to_user_id": null, "quoted_status_id_str": "1621899506349445121", "in_reply_to_status_id": null, "in_reply_to_screen_name": null, "in_reply_to_user_id_str": null, "in_reply_to_status_id_str": null}