{"id": 1618657305385660419, "geo": null, "lang": "es", "text": "RT @AlbertoRodNews: \u00daLTIMA HORA | Guaid\u00f3 exige fecha para la primaria presidencial y la participaci\u00f3n de todos los venezolanos \u201cest\u00e9n donde\u2026", "user": {"id": 39176902, "url": "https://www.facebook.com/JGuaido", "lang": null, "name": "Juan Guaid\u00f3", "id_str": "39176902", "location": "Vargas", "verified": true, "following": null, "protected": false, "time_zone": null, "created_at": "Mon May 11 02:59:20 +0000 2009", "utc_offset": null, "description": "Servidor p\u00fablico en resistencia contra la dictadura en \ud83c\uddfb\ud83c\uddea. Diputado. Presidente (E) de la Rep\u00fablica y de la AN (2019-2022). En todo amar y servir.", "geo_enabled": true, "screen_name": "jguaido", "listed_count": 3285, "friends_count": 2897, "is_translator": false, "notifications": null, "verified_type": "blue", "statuses_count": 49219, "default_profile": true, "followers_count": 2670027, "translator_type": "none", "favourites_count": 38913, "profile_image_url": "http://pbs.twimg.com/profile_images/1253171841348370439/fLveV1IQ_normal.jpg", "profile_banner_url": "https://pbs.twimg.com/profile_banners/39176902/1587661135", "profile_link_color": "1DA1F2", "profile_text_color": "333333", "follow_request_sent": null, "contributors_enabled": false, "default_profile_image": false, "withheld_in_countries": [], "profile_background_tile": false, "profile_image_url_https": "https://pbs.twimg.com/profile_images/1253171841348370439/fLveV1IQ_normal.jpg", "profile_background_color": "C0DEED", "profile_sidebar_fill_color": "DDEEF6", "profile_background_image_url": "http://abs.twimg.com/images/themes/theme1/bg.png", "profile_sidebar_border_color": "C0DEED", "profile_use_background_image": true, "profile_background_image_url_https": "https://abs.twimg.com/images/themes/theme1/bg.png"}, "place": null, "id_str": "1618657305385660419", "source": "<a href=\"http://twitter.com/#!/download/ipad\" rel=\"nofollow\">Twitter for iPad</a>", "entities": {"urls": [], "symbols": [], "hashtags": [], "user_mentions": [{"id": 2334661493, "name": "AlbertoRodNews", "id_str": "2334661493", "indices": [3, 18], "screen_name": "AlbertoRodNews"}]}, "favorited": false, "retweeted": false, "truncated": false, "created_at": "Thu Jan 26 17:09:09 +0000 2023", "coordinates": null, "quote_count": 0, "reply_count": 0, "contributors": null, "filter_level": "low", "timestamp_ms": "1674752949459", "retweet_count": 0, "favorite_count": 0, "is_quote_status": false, "retweeted_status": {"id": 1618656565896044544, "geo": null, "lang": "es", "text": "\u00daLTIMA HORA | Guaid\u00f3 exige fecha para la primaria presidencial y la participaci\u00f3n de todos los venezolanos \u201cest\u00e9n d\u2026 https://t.co/AGQPE88UkA", "user": {"id": 2334661493, "url": "https://bit.ly/3vk5slE", "lang": null, "name": "AlbertoRodNews", "id_str": "2334661493", "location": "Caracas, Venezuela", "verified": true, "following": null, "protected": false, "time_zone": null, "created_at": "Sun Feb 09 23:24:09 +0000 2014", "utc_offset": null, "description": "RT's are not endorsements. - Instagram: @AlbertoRodNews", "geo_enabled": true, "screen_name": "AlbertoRodNews", "listed_count": 1758, "friends_count": 565, "is_translator": false, "notifications": null, "verified_type": "blue", "statuses_count": 399829, "default_profile": false, "followers_count": 590180, "translator_type": "regular", "favourites_count": 5591, "profile_image_url": "http://pbs.twimg.com/profile_images/1346101946395078658/9SlbFJQA_normal.jpg", "profile_banner_url": "https://pbs.twimg.com/profile_banners/2334661493/1535606213", "profile_link_color": "1B95E0", "profile_text_color": "000000", "follow_request_sent": null, "contributors_enabled": false, "default_profile_image": false, "withheld_in_countries": [], "profile_background_tile": false, "profile_image_url_https": "https://pbs.twimg.com/profile_images/1346101946395078658/9SlbFJQA_normal.jpg", "profile_background_color": "000000", "profile_sidebar_fill_color": "000000", "profile_background_image_url": "http://abs.twimg.com/images/themes/theme14/bg.gif", "profile_sidebar_border_color": "000000", "profile_use_background_image": false, "profile_background_image_url_https": "https://abs.twimg.com/images/themes/theme14/bg.gif"}, "place": null, "id_str": "1618656565896044544", "source": "<a href=\"https://studio.twitter.com\" rel=\"nofollow\">Twitter Media Studio</a>", "entities": {"urls": [{"url": "https://t.co/AGQPE88UkA", "indices": [117, 140], "display_url": "twitter.com/i/web/status/1\u2026", "expanded_url": "https://twitter.com/i/web/status/1618656565896044544"}], "symbols": [], "hashtags": [], "user_mentions": []}, "favorited": false, "retweeted": false, "truncated": true, "created_at": "Thu Jan 26 17:06:13 +0000 2023", "coordinates": null, "quote_count": 1, "reply_count": 0, "contributors": null, "filter_level": "low", "retweet_count": 1, "extended_tweet": {"entities": {"urls": [{"url": "https://t.co/Yzg0k7zCGL", "indices": [135, 158], "display_url": "bit.ly/3kFKRXH", "expanded_url": "https://bit.ly/3kFKRXH"}], "media": [{"id": 1618656115138379786, "url": "https://t.co/eajaWk4KsI", "type": "video", "sizes": {"large": {"h": 694, "w": 1032, "resize": "fit"}, "small": {"h": 457, "w": 680, "resize": "fit"}, "thumb": {"h": 150, "w": 150, "resize": "crop"}, "medium": {"h": 694, "w": 1032, "resize": "fit"}}, "id_str": "1618656115138379786", "indices": [159, 182], "media_url": "http://pbs.twimg.com/amplify_video_thumb/1618656115138379786/img/voXERCcQNWp_V3rR.jpg", "video_info": {"variants": [{"url": "https://video.twimg.com/amplify_video/1618656115138379786/vid/400x270/Gq4Dnhm1UYkXLtyJ.mp4?tag=14", "bitrate": 288000, "content_type": "video/mp4"}, {"url": "https://video.twimg.com/amplify_video/1618656115138379786/vid/534x360/3BZf4odRa-ZpYDab.mp4?tag=14", "bitrate": 832000, "content_type": "video/mp4"}, {"url": "https://video.twimg.com/amplify_video/1618656115138379786/vid/1032x694/3c_mgOIqRaDTpBKQ.mp4?tag=14", "bitrate": 2176000, "content_type": "video/mp4"}, {"url": "https://video.twimg.com/amplify_video/1618656115138379786/pl/n6SezBDrk3efzhDw.m3u8?tag=14&container=fmp4", "content_type": "application/x-mpegURL"}], "aspect_ratio": [516, 347], "duration_millis": 116683}, "display_url": "pic.twitter.com/eajaWk4KsI", "expanded_url": "https://twitter.com/AlbertoRodNews/status/1618656565896044544/video/1", "media_url_https": "https://pbs.twimg.com/amplify_video_thumb/1618656115138379786/img/voXERCcQNWp_V3rR.jpg", "additional_media_info": {"title": "", "embeddable": true, "description": "", "monetizable": false}}], "symbols": [], "hashtags": [], "user_mentions": []}, "full_text": "\u00daLTIMA HORA | Guaid\u00f3 exige fecha para la primaria presidencial y la participaci\u00f3n de todos los venezolanos \u201cest\u00e9n donde est\u00e9n\u201d (Video) https://t.co/Yzg0k7zCGL https://t.co/eajaWk4KsI", "extended_entities": {"media": [{"id": 1618656115138379786, "url": "https://t.co/eajaWk4KsI", "type": "video", "sizes": {"large": {"h": 694, "w": 1032, "resize": "fit"}, "small": {"h": 457, "w": 680, "resize": "fit"}, "thumb": {"h": 150, "w": 150, "resize": "crop"}, "medium": {"h": 694, "w": 1032, "resize": "fit"}}, "id_str": "1618656115138379786", "indices": [159, 182], "media_url": "http://pbs.twimg.com/amplify_video_thumb/1618656115138379786/img/voXERCcQNWp_V3rR.jpg", "video_info": {"variants": [{"url": "https://video.twimg.com/amplify_video/1618656115138379786/vid/400x270/Gq4Dnhm1UYkXLtyJ.mp4?tag=14", "bitrate": 288000, "content_type": "video/mp4"}, {"url": "https://video.twimg.com/amplify_video/1618656115138379786/vid/534x360/3BZf4odRa-ZpYDab.mp4?tag=14", "bitrate": 832000, "content_type": "video/mp4"}, {"url": "https://video.twimg.com/amplify_video/1618656115138379786/vid/1032x694/3c_mgOIqRaDTpBKQ.mp4?tag=14", "bitrate": 2176000, "content_type": "video/mp4"}, {"url": "https://video.twimg.com/amplify_video/1618656115138379786/pl/n6SezBDrk3efzhDw.m3u8?tag=14&container=fmp4", "content_type": "application/x-mpegURL"}], "aspect_ratio": [516, 347], "duration_millis": 116683}, "display_url": "pic.twitter.com/eajaWk4KsI", "expanded_url": "https://twitter.com/AlbertoRodNews/status/1618656565896044544/video/1", "media_url_https": "https://pbs.twimg.com/amplify_video_thumb/1618656115138379786/img/voXERCcQNWp_V3rR.jpg", "additional_media_info": {"title": "", "embeddable": true, "description": "", "monetizable": false}}]}, "display_text_range": [0, 158]}, "favorite_count": 3, "is_quote_status": false, "display_text_range": [0, 140], "possibly_sensitive": false, "in_reply_to_user_id": null, "in_reply_to_status_id": null, "in_reply_to_screen_name": null, "in_reply_to_user_id_str": null, "in_reply_to_status_id_str": null}, "in_reply_to_user_id": null, "in_reply_to_status_id": null, "in_reply_to_screen_name": null, "in_reply_to_user_id_str": null, "in_reply_to_status_id_str": null}