{"id": 1618213149622308866, "geo": null, "lang": "es", "text": "RT @lanacionmas: \ud83d\udca3 \"Maduro no viaj\u00f3 a la Argentina por miedo\" \n\n\ud83d\udc49 @jguaido, expresidente interino de Venezuela, dio su opini\u00f3n respecto de\u2026", "user": {"id": 39176902, "url": "https://www.facebook.com/JGuaido", "lang": null, "name": "Juan Guaid\u00f3", "id_str": "39176902", "location": "Vargas", "verified": true, "following": null, "protected": false, "time_zone": null, "created_at": "Mon May 11 02:59:20 +0000 2009", "utc_offset": null, "description": "Servidor p\u00fablico en resistencia contra la dictadura en \ud83c\uddfb\ud83c\uddea. Diputado. Presidente (E) de la Rep\u00fablica y de la AN (2019-2022). En todo amar y servir.", "geo_enabled": true, "screen_name": "jguaido", "listed_count": 3285, "friends_count": 2897, "is_translator": false, "notifications": null, "verified_type": "blue", "statuses_count": 49218, "default_profile": true, "followers_count": 2669933, "translator_type": "none", "favourites_count": 38905, "profile_image_url": "http://pbs.twimg.com/profile_images/1253171841348370439/fLveV1IQ_normal.jpg", "profile_banner_url": "https://pbs.twimg.com/profile_banners/39176902/1587661135", "profile_link_color": "1DA1F2", "profile_text_color": "333333", "follow_request_sent": null, "contributors_enabled": false, "default_profile_image": false, "withheld_in_countries": [], "profile_background_tile": false, "profile_image_url_https": "https://pbs.twimg.com/profile_images/1253171841348370439/fLveV1IQ_normal.jpg", "profile_background_color": "C0DEED", "profile_sidebar_fill_color": "DDEEF6", "profile_background_image_url": "http://abs.twimg.com/images/themes/theme1/bg.png", "profile_sidebar_border_color": "C0DEED", "profile_use_background_image": true, "profile_background_image_url_https": "https://abs.twimg.com/images/themes/theme1/bg.png"}, "place": null, "id_str": "1618213149622308866", "source": "<a href=\"http://twitter.com/#!/download/ipad\" rel=\"nofollow\">Twitter for iPad</a>", "entities": {"urls": [], "symbols": [], "hashtags": [], "user_mentions": [{"id": 780858179018035200, "name": "La Naci\u00f3n M\u00e1s", "id_str": "780858179018035200", "indices": [3, 15], "screen_name": "lanacionmas"}, {"id": 39176902, "name": "Juan Guaid\u00f3", "id_str": "39176902", "indices": [66, 74], "screen_name": "jguaido"}]}, "favorited": false, "retweeted": false, "truncated": false, "created_at": "Wed Jan 25 11:44:14 +0000 2023", "coordinates": null, "quote_count": 0, "reply_count": 0, "contributors": null, "filter_level": "low", "timestamp_ms": "1674647054473", "retweet_count": 0, "favorite_count": 0, "is_quote_status": false, "retweeted_status": {"id": 1618044993536499715, "geo": null, "lang": "es", "text": "\ud83d\udca3 \"Maduro no viaj\u00f3 a la Argentina por miedo\" \n\n\ud83d\udc49 @jguaido, expresidente interino de Venezuela, dio su opini\u00f3n respe\u2026 https://t.co/dFTVj2oncR", "user": {"id": 780858179018035200, "url": "https://lnmas.lanacion.com.ar/", "lang": null, "name": "La Naci\u00f3n M\u00e1s", "id_str": "780858179018035200", "location": "Buenos Aires, Argentina", "verified": true, "following": null, "protected": false, "time_zone": null, "created_at": "Tue Sep 27 19:54:32 +0000 2016", "utc_offset": null, "description": "El canal de noticias de @LANACION.\n\ud83d\udcfa: DirecTV 715/1715, Flow 19, Telecentro 1/705, TDA 25.3 y YouTube", "geo_enabled": false, "screen_name": "lanacionmas", "listed_count": 468, "friends_count": 210, "is_translator": false, "notifications": null, "verified_type": "blue", "statuses_count": 28665, "default_profile": true, "followers_count": 204497, "translator_type": "none", "favourites_count": 263, "profile_image_url": "http://pbs.twimg.com/profile_images/1421221924580044800/YV3QcaCT_normal.jpg", "profile_banner_url": "https://pbs.twimg.com/profile_banners/780858179018035200/1637067428", "profile_link_color": "1DA1F2", "profile_text_color": "333333", "follow_request_sent": null, "contributors_enabled": false, "default_profile_image": false, "withheld_in_countries": [], "profile_background_tile": false, "profile_image_url_https": "https://pbs.twimg.com/profile_images/1421221924580044800/YV3QcaCT_normal.jpg", "profile_background_color": "F5F8FA", "profile_sidebar_fill_color": "DDEEF6", "profile_background_image_url": "", "profile_sidebar_border_color": "C0DEED", "profile_use_background_image": true, "profile_background_image_url_https": ""}, "place": null, "id_str": "1618044993536499715", "source": "<a href=\"https://studio.twitter.com\" rel=\"nofollow\">Twitter Media Studio</a>", "entities": {"urls": [{"url": "https://t.co/dFTVj2oncR", "indices": [117, 140], "display_url": "twitter.com/i/web/status/1\u2026", "expanded_url": "https://twitter.com/i/web/status/1618044993536499715"}], "symbols": [], "hashtags": [], "user_mentions": [{"id": 39176902, "name": "Juan Guaid\u00f3", "id_str": "39176902", "indices": [49, 57], "screen_name": "jguaido"}]}, "favorited": false, "retweeted": false, "truncated": true, "created_at": "Wed Jan 25 00:36:02 +0000 2023", "coordinates": null, "quote_count": 0, "reply_count": 7, "contributors": null, "filter_level": "low", "retweet_count": 10, "extended_tweet": {"entities": {"urls": [], "media": [{"id": 1618040482138824706, "url": "https://t.co/bQZIOWtIPF", "type": "video", "sizes": {"large": {"h": 720, "w": 1280, "resize": "fit"}, "small": {"h": 383, "w": 680, "resize": "fit"}, "thumb": {"h": 150, "w": 150, "resize": "crop"}, "medium": {"h": 675, "w": 1200, "resize": "fit"}}, "id_str": "1618040482138824706", "indices": [242, 265], "media_url": "http://pbs.twimg.com/amplify_video_thumb/1618040482138824706/img/jiHuNPmZGGYz9eka.jpg", "video_info": {"variants": [{"url": "https://video.twimg.com/amplify_video/1618040482138824706/vid/1280x720/qd7qicqCuxhXslvN.mp4?tag=16", "bitrate": 2176000, "content_type": "video/mp4"}, {"url": "https://video.twimg.com/amplify_video/1618040482138824706/vid/640x360/BR4M9cLy_EHVNBr-.mp4?tag=16", "bitrate": 832000, "content_type": "video/mp4"}, {"url": "https://video.twimg.com/amplify_video/1618040482138824706/pl/_ybOuWduEMfZaz-z.m3u8?tag=16&container=fmp4", "content_type": "application/x-mpegURL"}, {"url": "https://video.twimg.com/amplify_video/1618040482138824706/vid/480x270/hRNO1LkI9myR_FYy.mp4?tag=16", "bitrate": 288000, "content_type": "video/mp4"}], "aspect_ratio": [16, 9], "duration_millis": 202633}, "display_url": "pic.twitter.com/bQZIOWtIPF", "expanded_url": "https://twitter.com/lanacionmas/status/1618044993536499715/video/1", "media_url_https": "https://pbs.twimg.com/amplify_video_thumb/1618040482138824706/img/jiHuNPmZGGYz9eka.jpg", "additional_media_info": {"title": "", "embeddable": true, "description": "", "monetizable": false}}], "symbols": [], "hashtags": [{"text": "M\u00e1sInfoALaNoche", "indices": [204, 220]}], "user_mentions": [{"id": 39176902, "name": "Juan Guaid\u00f3", "id_str": "39176902", "indices": [49, 57], "screen_name": "jguaido"}, {"id": 167130608, "name": "Pablo Fern\u00e1ndez Blanco", "id_str": "167130608", "indices": [225, 240], "screen_name": "pabloferblanco"}]}, "full_text": "\ud83d\udca3 \"Maduro no viaj\u00f3 a la Argentina por miedo\" \n\n\ud83d\udc49 @jguaido, expresidente interino de Venezuela, dio su opini\u00f3n respecto de la decisi\u00f3n de Maduro de no viajar a la cumbre de la CELAC. \n\ud83d\udc40 \u00bfCoincid\u00eds? \n\n\ud83d\udd39 En #M\u00e1sInfoALaNoche con @pabloferblanco. https://t.co/bQZIOWtIPF", "extended_entities": {"media": [{"id": 1618040482138824706, "url": "https://t.co/bQZIOWtIPF", "type": "video", "sizes": {"large": {"h": 720, "w": 1280, "resize": "fit"}, "small": {"h": 383, "w": 680, "resize": "fit"}, "thumb": {"h": 150, "w": 150, "resize": "crop"}, "medium": {"h": 675, "w": 1200, "resize": "fit"}}, "id_str": "1618040482138824706", "indices": [242, 265], "media_url": "http://pbs.twimg.com/amplify_video_thumb/1618040482138824706/img/jiHuNPmZGGYz9eka.jpg", "video_info": {"variants": [{"url": "https://video.twimg.com/amplify_video/1618040482138824706/vid/1280x720/qd7qicqCuxhXslvN.mp4?tag=16", "bitrate": 2176000, "content_type": "video/mp4"}, {"url": "https://video.twimg.com/amplify_video/1618040482138824706/vid/640x360/BR4M9cLy_EHVNBr-.mp4?tag=16", "bitrate": 832000, "content_type": "video/mp4"}, {"url": "https://video.twimg.com/amplify_video/1618040482138824706/pl/_ybOuWduEMfZaz-z.m3u8?tag=16&container=fmp4", "content_type": "application/x-mpegURL"}, {"url": "https://video.twimg.com/amplify_video/1618040482138824706/vid/480x270/hRNO1LkI9myR_FYy.mp4?tag=16", "bitrate": 288000, "content_type": "video/mp4"}], "aspect_ratio": [16, 9], "duration_millis": 202633}, "display_url": "pic.twitter.com/bQZIOWtIPF", "expanded_url": "https://twitter.com/lanacionmas/status/1618044993536499715/video/1", "media_url_https": "https://pbs.twimg.com/amplify_video_thumb/1618040482138824706/img/jiHuNPmZGGYz9eka.jpg", "additional_media_info": {"title": "", "embeddable": true, "description": "", "monetizable": false}}]}, "display_text_range": [0, 241]}, "favorite_count": 19, "is_quote_status": false, "display_text_range": [0, 140], "possibly_sensitive": false, "in_reply_to_user_id": null, "in_reply_to_status_id": null, "in_reply_to_screen_name": null, "in_reply_to_user_id_str": null, "in_reply_to_status_id_str": null}, "in_reply_to_user_id": null, "in_reply_to_status_id": null, "in_reply_to_screen_name": null, "in_reply_to_user_id_str": null, "in_reply_to_status_id_str": null}