{"id": 1604896897373974528, "geo": null, "lang": "es", "text": "Los diputados AN no van a dejar solos a los venezolanos, la dictadura quiere acabar con el \u00fanico poder que resiste\u2026 https://t.co/epZsFVyKGW", "user": {"id": 39176902, "url": "https://t.co/PpkcSi6FSz", "lang": null, "name": "Juan Guaid\u00f3", "id_str": "39176902", "entities": {"url": {"urls": [{"url": "https://t.co/PpkcSi6FSz", "indices": [0, 23], "display_url": "facebook.com/JGuaido", "expanded_url": "https://www.facebook.com/JGuaido"}]}, "description": {"urls": []}}, "location": "Vargas", "verified": true, "following": true, "protected": false, "time_zone": null, "created_at": "Mon May 11 02:59:20 +0000 2009", "utc_offset": null, "description": "Servidor p\u00fablico en resistencia contra la dictadura en \ud83c\uddfb\ud83c\uddea. Diputado. Presidente (E) de la Rep\u00fablica y de la AN (2019-2022). En todo amar y servir.", "geo_enabled": true, "screen_name": "jguaido", "listed_count": 3281, "friends_count": 2907, "is_translator": false, "notifications": false, "statuses_count": 49295, "default_profile": true, "followers_count": 2666119, "translator_type": "none", "favourites_count": 39464, "profile_image_url": "http://pbs.twimg.com/profile_images/1253171841348370439/fLveV1IQ_normal.jpg", "profile_banner_url": "https://pbs.twimg.com/profile_banners/39176902/1587661135", "profile_link_color": "1DA1F2", "profile_text_color": "333333", "follow_request_sent": false, "contributors_enabled": false, "has_extended_profile": true, "default_profile_image": false, "withheld_in_countries": [], "is_translation_enabled": false, "profile_background_tile": false, "profile_image_url_https": "https://pbs.twimg.com/profile_images/1253171841348370439/fLveV1IQ_normal.jpg", "profile_background_color": "C0DEED", "profile_sidebar_fill_color": "DDEEF6", "profile_background_image_url": "http://abs.twimg.com/images/themes/theme1/bg.png", "profile_sidebar_border_color": "C0DEED", "profile_use_background_image": true, "profile_background_image_url_https": "https://abs.twimg.com/images/themes/theme1/bg.png"}, "place": null, "id_str": "1604896897373974528", "source": "<a href=\"http://twitter.com/#!/download/ipad\" rel=\"nofollow\">Twitter for iPad</a>", "entities": {"urls": [{"url": "https://t.co/epZsFVyKGW", "indices": [116, 139], "display_url": "twitter.com/i/web/status/1\u2026", "expanded_url": "https://twitter.com/i/web/status/1604896897373974528"}], "symbols": [], "hashtags": [], "user_mentions": []}, "favorited": false, "retweeted": false, "truncated": true, "created_at": "Mon Dec 19 17:50:12 +0000 2022", "coordinates": null, "contributors": null, "quoted_status": {"id": 1604850542559330311, "geo": null, "lang": "es", "text": "El Presidente (E) de Venezuela y de la #ANLeg\u00edtima, @jguaido, convoca sesi\u00f3n para el pr\u00f3ximo jueves 22 de diciembre\u2026 https://t.co/qiW1ilHjaq", "user": {"id": 4744395743, "url": "https://t.co/uu3PnxsVfT", "lang": null, "name": "Asamblea Nacional", "id_str": "4744395743", "entities": {"url": {"urls": [{"url": "https://t.co/uu3PnxsVfT", "indices": [0, 23], "display_url": "asambleanacionalvenezuela.org", "expanded_url": "http://www.asambleanacionalvenezuela.org"}]}, "description": {"urls": []}}, "location": "", "verified": true, "following": false, "protected": false, "time_zone": null, "created_at": "Fri Jan 08 12:34:12 +0000 2016", "utc_offset": null, "description": "Cuenta oficial de la Asamblea Nacional de Venezuela Facebook: Asamblea Nacional de Venezuela Instagram: AsambleaVE", "geo_enabled": true, "screen_name": "AsambleaVE", "listed_count": 1904, "friends_count": 571, "is_translator": false, "notifications": false, "statuses_count": 96819, "default_profile": true, "followers_count": 1287950, "translator_type": "none", "favourites_count": 11876, "profile_image_url": "http://pbs.twimg.com/profile_images/1341016238466719744/3xCI0mGP_normal.jpg", "profile_banner_url": "https://pbs.twimg.com/profile_banners/4744395743/1580139068", "profile_link_color": "1DA1F2", "profile_text_color": "333333", "follow_request_sent": false, "contributors_enabled": false, "has_extended_profile": true, "default_profile_image": false, "withheld_in_countries": [], "is_translation_enabled": false, "profile_background_tile": false, "profile_image_url_https": "https://pbs.twimg.com/profile_images/1341016238466719744/3xCI0mGP_normal.jpg", "profile_background_color": "F5F8FA", "profile_sidebar_fill_color": "DDEEF6", "profile_background_image_url": null, "profile_sidebar_border_color": "C0DEED", "profile_use_background_image": true, "profile_background_image_url_https": null}, "place": null, "id_str": "1604850542559330311", "source": "<a href=\"https://mobile.twitter.com\" rel=\"nofollow\">Twitter Web App</a>", "entities": {"urls": [{"url": "https://t.co/qiW1ilHjaq", "indices": [117, 140], "display_url": "twitter.com/i/web/status/1\u2026", "expanded_url": "https://twitter.com/i/web/status/1604850542559330311"}], "symbols": [], "hashtags": [{"text": "ANLeg\u00edtima", "indices": [39, 50]}], "user_mentions": [{"id": 39176902, "name": "Juan Guaid\u00f3", "id_str": "39176902", "indices": [52, 60], "screen_name": "jguaido"}]}, "favorited": false, "retweeted": false, "truncated": true, "created_at": "Mon Dec 19 14:46:00 +0000 2022", "coordinates": null, "contributors": null, "retweet_count": 206, "favorite_count": 422, "is_quote_status": false, "possibly_sensitive": false, "in_reply_to_user_id": null, "in_reply_to_status_id": null, "in_reply_to_screen_name": null, "in_reply_to_user_id_str": null, "in_reply_to_status_id_str": null}, "retweet_count": 260, "favorite_count": 426, "is_quote_status": true, "quoted_status_id": 1604850542559330311, "possibly_sensitive": false, "in_reply_to_user_id": null, "quoted_status_id_str": "1604850542559330311", "in_reply_to_status_id": null, "in_reply_to_screen_name": null, "in_reply_to_user_id_str": null, "in_reply_to_status_id_str": null}