{"id": 1572309259714703360, "geo": null, "lang": "es", "text": "Ministro aqu\u00ed le dejo informe ONU que ratifica y se\u00f1ala directamente a Maduro por cr\u00edmenes de lesa humanidad. Esper\u2026 https://t.co/WTVC34ikbL", "user": {"id": 39176902, "url": "https://t.co/PpkcSiogK7", "lang": null, "name": "Juan Guaid\u00f3", "id_str": "39176902", "entities": {"url": {"urls": [{"url": "https://t.co/PpkcSiogK7", "indices": [0, 23], "display_url": "facebook.com/JGuaido", "expanded_url": "https://www.facebook.com/JGuaido"}]}, "description": {"urls": []}}, "location": "Vargas", "verified": true, "following": true, "protected": false, "time_zone": null, "created_at": "Mon May 11 02:59:20 +0000 2009", "utc_offset": null, "description": "Servidor P\u00fablico, Presidente (E) de la Rep\u00fablica Bolivariana de Venezuela y la @AsambleaVe, apegado a los Art. 233/333 CRBV. Ingeniero. En todo amar y servir", "geo_enabled": true, "screen_name": "jguaido", "listed_count": 3295, "friends_count": 2891, "is_translator": false, "notifications": false, "statuses_count": 48949, "default_profile": true, "followers_count": 2675124, "translator_type": "none", "favourites_count": 38128, "profile_image_url": "http://pbs.twimg.com/profile_images/1253171841348370439/fLveV1IQ_normal.jpg", "profile_banner_url": "https://pbs.twimg.com/profile_banners/39176902/1587661135", "profile_link_color": "1DA1F2", "profile_text_color": "333333", "follow_request_sent": false, "contributors_enabled": false, "has_extended_profile": true, "default_profile_image": false, "withheld_in_countries": [], "is_translation_enabled": false, "profile_background_tile": false, "profile_image_url_https": "https://pbs.twimg.com/profile_images/1253171841348370439/fLveV1IQ_normal.jpg", "profile_background_color": "C0DEED", "profile_sidebar_fill_color": "DDEEF6", "profile_background_image_url": "http://abs.twimg.com/images/themes/theme1/bg.png", "profile_sidebar_border_color": "C0DEED", "profile_use_background_image": true, "profile_background_image_url_https": "https://abs.twimg.com/images/themes/theme1/bg.png"}, "place": null, "id_str": "1572309259714703360", "source": "<a href=\"http://twitter.com/#!/download/ipad\" rel=\"nofollow\">Twitter for iPad</a>", "entities": {"urls": [{"url": "https://t.co/WTVC34ikbL", "indices": [117, 140], "display_url": "twitter.com/i/web/status/1\u2026", "expanded_url": "https://twitter.com/i/web/status/1572309259714703360"}], "symbols": [], "hashtags": [], "user_mentions": []}, "favorited": false, "retweeted": false, "truncated": true, "created_at": "Tue Sep 20 19:38:34 +0000 2022", "coordinates": null, "contributors": null, "quoted_status": {"id": 1572290130601197570, "geo": null, "lang": "es", "text": "Primer encuentro con el canciller de Venezuela, @Fariacrt , para tratar nuestras relaciones bilaterales, en especia\u2026 https://t.co/TA22x6FMRt", "user": {"id": 1126761835519139840, "url": null, "lang": null, "name": "Jos\u00e9 Manuel Albares", "id_str": "1126761835519139840", "entities": {"description": {"urls": []}}, "location": "Madrid, Comunidad de Madrid", "verified": true, "following": false, "protected": false, "time_zone": null, "created_at": "Fri May 10 08:12:10 +0000 2019", "utc_offset": null, "description": "Ministro de Asuntos Exteriores, Uni\u00f3n Europea y Cooperaci\u00f3n. Gobierno de Espa\u00f1a. Padre de 4 hijos. Socialista. Trabajo por l@s espa\u00f1ol@s en Europa y el mundo.", "geo_enabled": true, "screen_name": "jmalbares", "listed_count": 308, "friends_count": 366, "is_translator": false, "notifications": false, "statuses_count": 2395, "default_profile": false, "followers_count": 34767, "translator_type": "none", "favourites_count": 1712, "profile_image_url": "http://pbs.twimg.com/profile_images/1495892913615683590/t8Fm-GjD_normal.jpg", "profile_banner_url": "https://pbs.twimg.com/profile_banners/1126761835519139840/1656954439", "profile_link_color": "E81C4F", "profile_text_color": "000000", "follow_request_sent": false, "contributors_enabled": false, "has_extended_profile": false, "default_profile_image": false, "withheld_in_countries": [], "is_translation_enabled": false, "profile_background_tile": false, "profile_image_url_https": "https://pbs.twimg.com/profile_images/1495892913615683590/t8Fm-GjD_normal.jpg", "profile_background_color": "000000", "profile_sidebar_fill_color": "000000", "profile_background_image_url": "http://abs.twimg.com/images/themes/theme1/bg.png", "profile_sidebar_border_color": "000000", "profile_use_background_image": false, "profile_background_image_url_https": "https://abs.twimg.com/images/themes/theme1/bg.png"}, "place": null, "id_str": "1572290130601197570", "source": "<a href=\"http://twitter.com/download/iphone\" rel=\"nofollow\">Twitter for iPhone</a>", "entities": {"urls": [{"url": "https://t.co/TA22x6FMRt", "indices": [117, 140], "display_url": "twitter.com/i/web/status/1\u2026", "expanded_url": "https://twitter.com/i/web/status/1572290130601197570"}], "symbols": [], "hashtags": [], "user_mentions": [{"id": 1225541333131104257, "name": "Carlos Faria", "id_str": "1225541333131104257", "indices": [48, 57], "screen_name": "Fariacrt"}]}, "favorited": false, "retweeted": false, "truncated": true, "created_at": "Tue Sep 20 18:22:33 +0000 2022", "coordinates": null, "contributors": null, "retweet_count": 50, "favorite_count": 88, "is_quote_status": false, "possibly_sensitive": false, "in_reply_to_user_id": null, "in_reply_to_status_id": null, "in_reply_to_screen_name": null, "in_reply_to_user_id_str": null, "in_reply_to_status_id_str": null}, "retweet_count": 406, "favorite_count": 644, "is_quote_status": true, "quoted_status_id": 1572290130601197570, "possibly_sensitive": false, "in_reply_to_user_id": null, "quoted_status_id_str": "1572290130601197570", "in_reply_to_status_id": null, "in_reply_to_screen_name": null, "in_reply_to_user_id_str": null, "in_reply_to_status_id_str": null}