{"id": 1560631898354855936, "geo": null, "lang": "pt", "text": "RT @claudioedantas: Vou conversar hoje com @jguaido sobre o esfor\u00e7o para encerrar a ditadura na Venezuela, o contexto regional de restri\u00e7\u00f5e\u2026", "user": {"id": 39176902, "url": "https://www.facebook.com/JGuaido", "lang": null, "name": "Juan Guaid\u00f3", "id_str": "39176902", "location": "Vargas", "verified": true, "following": null, "protected": false, "time_zone": null, "created_at": "Mon May 11 02:59:20 +0000 2009", "utc_offset": null, "description": "Servidor P\u00fablico, Presidente (E) de la Rep\u00fablica Bolivariana de Venezuela y la @AsambleaVe, apegado a los Art. 233/333 CRBV. Ingeniero. En todo amar y servir", "geo_enabled": true, "screen_name": "jguaido", "listed_count": 3297, "friends_count": 2886, "is_translator": false, "notifications": null, "statuses_count": 48615, "default_profile": true, "followers_count": 2671757, "translator_type": "none", "favourites_count": 37222, "profile_image_url": "http://pbs.twimg.com/profile_images/1253171841348370439/fLveV1IQ_normal.jpg", "profile_banner_url": "https://pbs.twimg.com/profile_banners/39176902/1587661135", "profile_link_color": "1DA1F2", "profile_text_color": "333333", "follow_request_sent": null, "contributors_enabled": false, "default_profile_image": false, "withheld_in_countries": [], "profile_background_tile": false, "profile_image_url_https": "https://pbs.twimg.com/profile_images/1253171841348370439/fLveV1IQ_normal.jpg", "profile_background_color": "C0DEED", "profile_sidebar_fill_color": "DDEEF6", "profile_background_image_url": "http://abs.twimg.com/images/themes/theme1/bg.png", "profile_sidebar_border_color": "C0DEED", "profile_use_background_image": true, "profile_background_image_url_https": "https://abs.twimg.com/images/themes/theme1/bg.png"}, "place": null, "id_str": "1560631898354855936", "source": "<a href=\"http://twitter.com/#!/download/ipad\" rel=\"nofollow\">Twitter for iPad</a>", "entities": {"urls": [], "symbols": [], "hashtags": [], "user_mentions": [{"id": 2923397967, "name": "Claudio Dantas", "id_str": "2923397967", "indices": [3, 18], "screen_name": "claudioedantas"}, {"id": 39176902, "name": "Juan Guaid\u00f3", "id_str": "39176902", "indices": [43, 51], "screen_name": "jguaido"}]}, "favorited": false, "retweeted": false, "truncated": false, "created_at": "Fri Aug 19 14:16:54 +0000 2022", "coordinates": null, "quote_count": 0, "reply_count": 0, "contributors": null, "filter_level": "low", "timestamp_ms": "1660918614363", "retweet_count": 0, "favorite_count": 0, "is_quote_status": false, "retweeted_status": {"id": 1560576718867398656, "geo": null, "lang": "pt", "text": "Vou conversar hoje com @jguaido sobre o esfor\u00e7o para encerrar a ditadura na Venezuela, o contexto regional de restr\u2026 https://t.co/o23epPkiKU", "user": {"id": 2923397967, "url": "https://www.oantagonista.com/expediente/", "lang": null, "name": "Claudio Dantas", "id_str": "2923397967", "location": "Bras\u00edlia, DF", "verified": true, "following": null, "protected": false, "time_zone": null, "created_at": "Mon Dec 15 19:11:00 +0000 2014", "utc_offset": null, "description": "Jornalista, analista pol\u00edtico e palestrante. Diretor de Reda\u00e7\u00e3o de O Antagonista e apresentador do #PapoAntagonista, todo dia \u00e0s 18h", "geo_enabled": false, "screen_name": "claudioedantas", "listed_count": 719, "friends_count": 3084, "is_translator": false, "notifications": null, "statuses_count": 73175, "default_profile": false, "followers_count": 276045, "translator_type": "none", "favourites_count": 30530, "profile_image_url": "http://pbs.twimg.com/profile_images/1469118312118374402/42RYCDNu_normal.jpg", "profile_banner_url": "https://pbs.twimg.com/profile_banners/2923397967/1652204667", "profile_link_color": "ABB8C2", "profile_text_color": "000000", "follow_request_sent": null, "contributors_enabled": false, "default_profile_image": false, "withheld_in_countries": [], "profile_background_tile": false, "profile_image_url_https": "https://pbs.twimg.com/profile_images/1469118312118374402/42RYCDNu_normal.jpg", "profile_background_color": "000000", "profile_sidebar_fill_color": "000000", "profile_background_image_url": "http://abs.twimg.com/images/themes/theme1/bg.png", "profile_sidebar_border_color": "000000", "profile_use_background_image": false, "profile_background_image_url_https": "https://abs.twimg.com/images/themes/theme1/bg.png"}, "place": null, "id_str": "1560576718867398656", "source": "<a href=\"http://twitter.com/download/android\" rel=\"nofollow\">Twitter for Android</a>", "entities": {"urls": [{"url": "https://t.co/o23epPkiKU", "indices": [117, 140], "display_url": "twitter.com/i/web/status/1\u2026", "expanded_url": "https://twitter.com/i/web/status/1560576718867398656"}], "symbols": [], "hashtags": [], "user_mentions": [{"id": 39176902, "name": "Juan Guaid\u00f3", "id_str": "39176902", "indices": [23, 31], "screen_name": "jguaido"}]}, "favorited": false, "retweeted": false, "truncated": true, "created_at": "Fri Aug 19 10:37:38 +0000 2022", "coordinates": null, "quote_count": 1, "reply_count": 6, "contributors": null, "filter_level": "low", "retweet_count": 9, "extended_tweet": {"entities": {"urls": [], "media": [{"id": 1560576716099256321, "url": "https://t.co/ScEgl3BoRw", "type": "photo", "sizes": {"large": {"h": 487, "w": 930, "resize": "fit"}, "small": {"h": 356, "w": 680, "resize": "fit"}, "thumb": {"h": 150, "w": 150, "resize": "crop"}, "medium": {"h": 487, "w": 930, "resize": "fit"}}, "id_str": "1560576716099256321", "indices": [196, 219], "media_url": "http://pbs.twimg.com/media/FahIQUfXgAENtu0.jpg", "display_url": "pic.twitter.com/ScEgl3BoRw", "expanded_url": "https://twitter.com/claudioedantas/status/1560576718867398656/photo/1", "media_url_https": "https://pbs.twimg.com/media/FahIQUfXgAENtu0.jpg"}], "symbols": [], "hashtags": [], "user_mentions": [{"id": 39176902, "name": "Juan Guaid\u00f3", "id_str": "39176902", "indices": [23, 31], "screen_name": "jguaido"}, {"id": 3700276875, "name": "F\u00f3rum Liberdade e Democracia", "id_str": "3700276875", "indices": [180, 195], "screen_name": "forumliberdade"}]}, "full_text": "Vou conversar hoje com @jguaido sobre o esfor\u00e7o para encerrar a ditadura na Venezuela, o contexto regional de restri\u00e7\u00f5es \u00e0s liberdades e o impacto da elei\u00e7\u00e3o no Brasil. Te vejo no @forumliberdade https://t.co/ScEgl3BoRw", "extended_entities": {"media": [{"id": 1560576716099256321, "url": "https://t.co/ScEgl3BoRw", "type": "photo", "sizes": {"large": {"h": 487, "w": 930, "resize": "fit"}, "small": {"h": 356, "w": 680, "resize": "fit"}, "thumb": {"h": 150, "w": 150, "resize": "crop"}, "medium": {"h": 487, "w": 930, "resize": "fit"}}, "id_str": "1560576716099256321", "indices": [196, 219], "media_url": "http://pbs.twimg.com/media/FahIQUfXgAENtu0.jpg", "display_url": "pic.twitter.com/ScEgl3BoRw", "expanded_url": "https://twitter.com/claudioedantas/status/1560576718867398656/photo/1", "media_url_https": "https://pbs.twimg.com/media/FahIQUfXgAENtu0.jpg"}]}, "display_text_range": [0, 195]}, "favorite_count": 72, "is_quote_status": false, "display_text_range": [0, 140], "possibly_sensitive": false, "in_reply_to_user_id": null, "in_reply_to_status_id": null, "in_reply_to_screen_name": null, "in_reply_to_user_id_str": null, "in_reply_to_status_id_str": null}, "in_reply_to_user_id": null, "in_reply_to_status_id": null, "in_reply_to_screen_name": null, "in_reply_to_user_id_str": null, "in_reply_to_status_id_str": null}