{"id": 1544445697973489665, "geo": null, "lang": "es", "text": "RT @AsambleaVE: .@jguaido: Venezuela el D\u00eda de su independencia est\u00e1 en resistencia democr\u00e1tica\n\nPara leer m\u00e1s: https://t.co/oqqy1bfYaz", "user": {"id": 39176902, "url": "https://www.facebook.com/JGuaido", "lang": null, "name": "Juan Guaid\u00f3", "id_str": "39176902", "location": "Vargas", "verified": true, "following": null, "protected": false, "time_zone": null, "created_at": "Mon May 11 02:59:20 +0000 2009", "utc_offset": null, "description": "Servidor P\u00fablico, Presidente (E) de la Rep\u00fablica Bolivariana de Venezuela y la @AsambleaVe, apegado a los Art. 233/333 CRBV. Ingeniero. En todo amar y servir", "geo_enabled": true, "screen_name": "jguaido", "listed_count": 3294, "friends_count": 2883, "is_translator": false, "notifications": null, "statuses_count": 48519, "default_profile": true, "followers_count": 2658373, "translator_type": "none", "favourites_count": 36818, "profile_image_url": "http://pbs.twimg.com/profile_images/1253171841348370439/fLveV1IQ_normal.jpg", "profile_banner_url": "https://pbs.twimg.com/profile_banners/39176902/1587661135", "profile_link_color": "1DA1F2", "profile_text_color": "333333", "follow_request_sent": null, "contributors_enabled": false, "default_profile_image": false, "withheld_in_countries": [], "profile_background_tile": false, "profile_image_url_https": "https://pbs.twimg.com/profile_images/1253171841348370439/fLveV1IQ_normal.jpg", "profile_background_color": "C0DEED", "profile_sidebar_fill_color": "DDEEF6", "profile_background_image_url": "http://abs.twimg.com/images/themes/theme1/bg.png", "profile_sidebar_border_color": "C0DEED", "profile_use_background_image": true, "profile_background_image_url_https": "https://abs.twimg.com/images/themes/theme1/bg.png"}, "place": null, "id_str": "1544445697973489665", "source": "<a href=\"http://twitter.com/#!/download/ipad\" rel=\"nofollow\">Twitter for iPad</a>", "entities": {"urls": [{"url": "https://t.co/oqqy1bfYaz", "indices": [112, 135], "display_url": "asambleanacionalvenezuela.org/noticias/guaid\u2026", "expanded_url": "https://www.asambleanacionalvenezuela.org/noticias/guaido-venezuela-el-dia-de-su-independencia-esta-en-resistencia-democratica"}], "symbols": [], "hashtags": [], "user_mentions": [{"id": 4744395743, "name": "Asamblea Nacional", "id_str": "4744395743", "indices": [3, 14], "screen_name": "AsambleaVE"}, {"id": 39176902, "name": "Juan Guaid\u00f3", "id_str": "39176902", "indices": [17, 25], "screen_name": "jguaido"}]}, "favorited": false, "retweeted": false, "truncated": false, "created_at": "Tue Jul 05 22:18:43 +0000 2022", "coordinates": null, "quote_count": 0, "reply_count": 0, "contributors": null, "filter_level": "low", "timestamp_ms": "1657059523467", "retweet_count": 0, "favorite_count": 0, "is_quote_status": false, "retweeted_status": {"id": 1544432589989191688, "geo": null, "lang": "es", "text": ".@jguaido: Venezuela el D\u00eda de su independencia est\u00e1 en resistencia democr\u00e1tica\n\nPara leer m\u00e1s: https://t.co/oqqy1bfYaz", "user": {"id": 4744395743, "url": "http://www.asambleanacionalvenezuela.org", "lang": null, "name": "Asamblea Nacional", "id_str": "4744395743", "location": null, "verified": true, "following": null, "protected": false, "time_zone": null, "created_at": "Fri Jan 08 12:34:12 +0000 2016", "utc_offset": null, "description": "Cuenta oficial de la Asamblea Nacional de Venezuela Facebook: Asamblea Nacional de Venezuela Instagram: AsambleaVE", "geo_enabled": true, "screen_name": "AsambleaVE", "listed_count": 1904, "friends_count": 579, "is_translator": false, "notifications": null, "statuses_count": 94060, "default_profile": true, "followers_count": 1285589, "translator_type": "none", "favourites_count": 10682, "profile_image_url": "http://pbs.twimg.com/profile_images/1341016238466719744/3xCI0mGP_normal.jpg", "profile_banner_url": "https://pbs.twimg.com/profile_banners/4744395743/1580139068", "profile_link_color": "1DA1F2", "profile_text_color": "333333", "follow_request_sent": null, "contributors_enabled": false, "default_profile_image": false, "withheld_in_countries": [], "profile_background_tile": false, "profile_image_url_https": "https://pbs.twimg.com/profile_images/1341016238466719744/3xCI0mGP_normal.jpg", "profile_background_color": "F5F8FA", "profile_sidebar_fill_color": "DDEEF6", "profile_background_image_url": "", "profile_sidebar_border_color": "C0DEED", "profile_use_background_image": true, "profile_background_image_url_https": ""}, "place": null, "id_str": "1544432589989191688", "source": "<a href=\"https://mobile.twitter.com\" rel=\"nofollow\">Twitter Web App</a>", "entities": {"urls": [{"url": "https://t.co/oqqy1bfYaz", "indices": [96, 119], "display_url": "asambleanacionalvenezuela.org/noticias/guaid\u2026", "expanded_url": "https://www.asambleanacionalvenezuela.org/noticias/guaido-venezuela-el-dia-de-su-independencia-esta-en-resistencia-democratica"}], "symbols": [], "hashtags": [], "user_mentions": [{"id": 39176902, "name": "Juan Guaid\u00f3", "id_str": "39176902", "indices": [1, 9], "screen_name": "jguaido"}]}, "favorited": false, "retweeted": false, "truncated": false, "created_at": "Tue Jul 05 21:26:38 +0000 2022", "coordinates": null, "quote_count": 0, "reply_count": 2, "contributors": null, "filter_level": "low", "retweet_count": 4, "favorite_count": 4, "is_quote_status": false, "possibly_sensitive": false, "in_reply_to_user_id": null, "in_reply_to_status_id": null, "in_reply_to_screen_name": null, "in_reply_to_user_id_str": null, "in_reply_to_status_id_str": null}, "possibly_sensitive": false, "in_reply_to_user_id": null, "in_reply_to_status_id": null, "in_reply_to_screen_name": null, "in_reply_to_user_id_str": null, "in_reply_to_status_id_str": null}