{"id": 1543593438255390721, "geo": null, "lang": "es", "text": "RT @jguaido: El asesinato de Virgilio Trujillo, as\u00ed como la de todos los ind\u00edgenas que han padecido las consecuencias de la miner\u00eda ilegal\u2026", "user": {"id": 39176902, "url": "https://www.facebook.com/JGuaido", "lang": null, "name": "Juan Guaid\u00f3", "id_str": "39176902", "location": "Vargas", "verified": true, "following": null, "protected": false, "time_zone": null, "created_at": "Mon May 11 02:59:20 +0000 2009", "utc_offset": null, "description": "Servidor P\u00fablico, Presidente (E) de la Rep\u00fablica Bolivariana de Venezuela y la @AsambleaVe, apegado a los Art. 233/333 CRBV. Ingeniero. En todo amar y servir", "geo_enabled": true, "screen_name": "jguaido", "listed_count": 3292, "friends_count": 2884, "is_translator": false, "notifications": null, "statuses_count": 48512, "default_profile": true, "followers_count": 2658406, "translator_type": "none", "favourites_count": 36788, "profile_image_url": "http://pbs.twimg.com/profile_images/1253171841348370439/fLveV1IQ_normal.jpg", "profile_banner_url": "https://pbs.twimg.com/profile_banners/39176902/1587661135", "profile_link_color": "1DA1F2", "profile_text_color": "333333", "follow_request_sent": null, "contributors_enabled": false, "default_profile_image": false, "withheld_in_countries": [], "profile_background_tile": false, "profile_image_url_https": "https://pbs.twimg.com/profile_images/1253171841348370439/fLveV1IQ_normal.jpg", "profile_background_color": "C0DEED", "profile_sidebar_fill_color": "DDEEF6", "profile_background_image_url": "http://abs.twimg.com/images/themes/theme1/bg.png", "profile_sidebar_border_color": "C0DEED", "profile_use_background_image": true, "profile_background_image_url_https": "https://abs.twimg.com/images/themes/theme1/bg.png"}, "place": null, "id_str": "1543593438255390721", "source": "<a href=\"http://twitter.com/#!/download/ipad\" rel=\"nofollow\">Twitter for iPad</a>", "entities": {"urls": [], "symbols": [], "hashtags": [], "user_mentions": [{"id": 39176902, "name": "Juan Guaid\u00f3", "id_str": "39176902", "indices": [3, 11], "screen_name": "jguaido"}]}, "favorited": false, "retweeted": false, "truncated": false, "created_at": "Sun Jul 03 13:52:08 +0000 2022", "coordinates": null, "quote_count": 0, "reply_count": 0, "contributors": null, "filter_level": "low", "timestamp_ms": "1656856328916", "quoted_status": {"id": 1542973404206227459, "geo": null, "lang": "es", "text": "JUSTICIA\n\nVirgilio Trujillo, l\u00edder ind\u00edgena Uwott\u00fcja y defensor ambiental asesinado (30.06.22) en Puerto Ayacucho,\u2026 https://t.co/INJK8lYu9c", "user": {"id": 80197195, "url": "https://provea.org/redes/", "lang": null, "name": "PROVEA", "id_str": "80197195", "location": "Venezuela", "verified": true, "following": null, "protected": false, "time_zone": null, "created_at": "Tue Oct 06 02:50:48 +0000 2009", "utc_offset": null, "description": "Somos una organizaci\u00f3n independiente, sin fines de lucro, que defiende derechos humanos DESC desde 1988 \ud83c\uddfb\ud83c\uddea 0212-8621011\u2709\ufe0fcoordinacion.general@derechos.org.ve", "geo_enabled": true, "screen_name": "_Provea", "listed_count": 1316, "friends_count": 1000, "is_translator": false, "notifications": null, "statuses_count": 92446, "default_profile": false, "followers_count": 314627, "translator_type": "none", "favourites_count": 2878, "profile_image_url": "http://pbs.twimg.com/profile_images/1542928074722971648/Hg28cclZ_normal.jpg", "profile_banner_url": "https://pbs.twimg.com/profile_banners/80197195/1652750196", "profile_link_color": "0084B4", "profile_text_color": "333333", "follow_request_sent": null, "contributors_enabled": false, "default_profile_image": false, "withheld_in_countries": [], "profile_background_tile": true, "profile_image_url_https": "https://pbs.twimg.com/profile_images/1542928074722971648/Hg28cclZ_normal.jpg", "profile_background_color": "022330", "profile_sidebar_fill_color": "C0DFEC", "profile_background_image_url": "http://abs.twimg.com/images/themes/theme15/bg.png", "profile_sidebar_border_color": "FFFFFF", "profile_use_background_image": true, "profile_background_image_url_https": "https://abs.twimg.com/images/themes/theme15/bg.png"}, "place": null, "id_str": "1542973404206227459", "source": "<a href=\"https://mobile.twitter.com\" rel=\"nofollow\">Twitter Web App</a>", "entities": {"urls": [{"url": "https://t.co/INJK8lYu9c", "indices": [116, 139], "display_url": "twitter.com/i/web/status/1\u2026", "expanded_url": "https://twitter.com/i/web/status/1542973404206227459"}], "symbols": [], "hashtags": [], "user_mentions": []}, "favorited": false, "retweeted": false, "truncated": true, "created_at": "Fri Jul 01 20:48:21 +0000 2022", "coordinates": null, "quote_count": 23, "reply_count": 13, "contributors": null, "filter_level": "low", "retweet_count": 602, "extended_tweet": {"entities": {"urls": [{"url": "https://t.co/7lJdPrwFID", "indices": [257, 280], "display_url": "bit.ly/JusticiaParaVi\u2026", "expanded_url": "https://bit.ly/JusticiaParaVirgilio"}], "media": [{"id": 1542937214803484672, "url": "https://t.co/zp2XjxJsnV", "type": "photo", "sizes": {"large": {"h": 1080, "w": 604, "resize": "fit"}, "small": {"h": 680, "w": 380, "resize": "fit"}, "thumb": {"h": 150, "w": 150, "resize": "crop"}, "medium": {"h": 1080, "w": 604, "resize": "fit"}}, "id_str": "1542937214803484672", "indices": [281, 304], "media_url": "http://pbs.twimg.com/media/FWmdONcXoAArrJI.jpg", "description": "Imagen de Virgilio Trujillo, l\u00edder ind\u00edgena y defensor ambiental asesinado el 30 de junio 2022 en Puerto Ayacucho, Amazonas, por defender su territorio de miner\u00eda y grupos armados. ", "display_url": "pic.twitter.com/zp2XjxJsnV", "expanded_url": "https://twitter.com/_Provea/status/1542973404206227459/photo/1", "media_url_https": "https://pbs.twimg.com/media/FWmdONcXoAArrJI.jpg"}, {"id": 1542972485012000773, "url": "https://t.co/zp2XjxJsnV", "type": "photo", "sizes": {"large": {"h": 1674, "w": 1294, "resize": "fit"}, "small": {"h": 680, "w": 526, "resize": "fit"}, "thumb": {"h": 150, "w": 150, "resize": "crop"}, "medium": {"h": 1200, "w": 928, "resize": "fit"}}, "id_str": "1542972485012000773", "indices": [281, 304], "media_url": "http://pbs.twimg.com/media/FWm9TNNXkAUIrw-.jpg", "description": "Comunicado de Odevida\n\nCon gran preocupaci\u00f3n, el Observatorio para la defensa de la vida \u2013 ODEVIDA, Cap\u00edtulo Venezuela denuncia el asesinato de l\u00edder ind\u00edgena defensor del ambiente y el territorio, coordinador de Guardianes territoriales Uwottujja del municipio Autana, VIRGILIO TRUJILLO ARANA. Seg\u00fan informaci\u00f3n brindada por la Organizaci\u00f3n Regional de los Pueblos Ind\u00edgenas de Amazonas (ORPIA) fue asesinado el jueves 30 de junio de 2022, en Puerto Ayacucho, capital del estado Amazonas, Venezuela.\n\nVIRGILIO TRUJILLO ARANA, participaba como miembro de la Organizaci\u00f3n Ind\u00edgena Piaroas Unidos del Sipapo (Oipus) de las actividades de la Guardia Ind\u00edgena Territorial de su comunidad, luchando por mantener su territorio libre de la extracci\u00f3n de minerales y de la presencia de fuerzas irregulares de la guerrilla colombiana que operan en la zona. Esta situaci\u00f3n irregular, fue denunciada por ODEVIDA en diciembre de 2021 en el \u201cInforme sobre ambiente y territorio en Venezuela: Las consecu", "display_url": "pic.twitter.com/zp2XjxJsnV", "expanded_url": "https://twitter.com/_Provea/status/1542973404206227459/photo/1", "media_url_https": "https://pbs.twimg.com/media/FWm9TNNXkAUIrw-.jpg"}], "symbols": [], "hashtags": [{"text": "Odevida", "indices": [248, 256]}], "user_mentions": []}, "full_text": "JUSTICIA\n\nVirgilio Trujillo, l\u00edder ind\u00edgena Uwott\u00fcja y defensor ambiental asesinado (30.06.22) en Puerto Ayacucho, por defender su territorio de miner\u00eda y grupos armados.\n\n32 defensores ambientales han sido asesinados en Venezuela entre 2013/2021. #Odevida https://t.co/7lJdPrwFID https://t.co/zp2XjxJsnV", "extended_entities": {"media": [{"id": 1542937214803484672, "url": "https://t.co/zp2XjxJsnV", "type": "photo", "sizes": {"large": {"h": 1080, "w": 604, "resize": "fit"}, "small": {"h": 680, "w": 380, "resize": "fit"}, "thumb": {"h": 150, "w": 150, "resize": "crop"}, "medium": {"h": 1080, "w": 604, "resize": "fit"}}, "id_str": "1542937214803484672", "indices": [281, 304], "media_url": "http://pbs.twimg.com/media/FWmdONcXoAArrJI.jpg", "description": "Imagen de Virgilio Trujillo, l\u00edder ind\u00edgena y defensor ambiental asesinado el 30 de junio 2022 en Puerto Ayacucho, Amazonas, por defender su territorio de miner\u00eda y grupos armados. ", "display_url": "pic.twitter.com/zp2XjxJsnV", "expanded_url": "https://twitter.com/_Provea/status/1542973404206227459/photo/1", "media_url_https": "https://pbs.twimg.com/media/FWmdONcXoAArrJI.jpg"}, {"id": 1542972485012000773, "url": "https://t.co/zp2XjxJsnV", "type": "photo", "sizes": {"large": {"h": 1674, "w": 1294, "resize": "fit"}, "small": {"h": 680, "w": 526, "resize": "fit"}, "thumb": {"h": 150, "w": 150, "resize": "crop"}, "medium": {"h": 1200, "w": 928, "resize": "fit"}}, "id_str": "1542972485012000773", "indices": [281, 304], "media_url": "http://pbs.twimg.com/media/FWm9TNNXkAUIrw-.jpg", "description": "Comunicado de Odevida\n\nCon gran preocupaci\u00f3n, el Observatorio para la defensa de la vida \u2013 ODEVIDA, Cap\u00edtulo Venezuela denuncia el asesinato de l\u00edder ind\u00edgena defensor del ambiente y el territorio, coordinador de Guardianes territoriales Uwottujja del municipio Autana, VIRGILIO TRUJILLO ARANA. Seg\u00fan informaci\u00f3n brindada por la Organizaci\u00f3n Regional de los Pueblos Ind\u00edgenas de Amazonas (ORPIA) fue asesinado el jueves 30 de junio de 2022, en Puerto Ayacucho, capital del estado Amazonas, Venezuela.\n\nVIRGILIO TRUJILLO ARANA, participaba como miembro de la Organizaci\u00f3n Ind\u00edgena Piaroas Unidos del Sipapo (Oipus) de las actividades de la Guardia Ind\u00edgena Territorial de su comunidad, luchando por mantener su territorio libre de la extracci\u00f3n de minerales y de la presencia de fuerzas irregulares de la guerrilla colombiana que operan en la zona. Esta situaci\u00f3n irregular, fue denunciada por ODEVIDA en diciembre de 2021 en el \u201cInforme sobre ambiente y territorio en Venezuela: Las consecu", "display_url": "pic.twitter.com/zp2XjxJsnV", "expanded_url": "https://twitter.com/_Provea/status/1542973404206227459/photo/1", "media_url_https": "https://pbs.twimg.com/media/FWm9TNNXkAUIrw-.jpg"}]}, "display_text_range": [0, 280]}, "favorite_count": 256, "is_quote_status": false, "display_text_range": [0, 140], "possibly_sensitive": false, "in_reply_to_user_id": null, "in_reply_to_status_id": null, "in_reply_to_screen_name": null, "in_reply_to_user_id_str": null, "in_reply_to_status_id_str": null}, "retweet_count": 0, "favorite_count": 0, "is_quote_status": true, "quoted_status_id": 1542973404206227459, "retweeted_status": {"id": 1543308586935263237, "geo": null, "lang": "es", "text": "El asesinato de Virgilio Trujillo, as\u00ed como la de todos los ind\u00edgenas que han padecido las consecuencias de la mine\u2026 https://t.co/a30dtXw8tA", "user": {"id": 39176902, "url": "https://www.facebook.com/JGuaido", "lang": null, "name": "Juan Guaid\u00f3", "id_str": "39176902", "location": "Vargas", "verified": true, "following": null, "protected": false, "time_zone": null, "created_at": "Mon May 11 02:59:20 +0000 2009", "utc_offset": null, "description": "Servidor P\u00fablico, Presidente (E) de la Rep\u00fablica Bolivariana de Venezuela y la @AsambleaVe, apegado a los Art. 233/333 CRBV. Ingeniero. En todo amar y servir", "geo_enabled": true, "screen_name": "jguaido", "listed_count": 3292, "friends_count": 2884, "is_translator": false, "notifications": null, "statuses_count": 48511, "default_profile": true, "followers_count": 2658406, "translator_type": "none", "favourites_count": 36788, "profile_image_url": "http://pbs.twimg.com/profile_images/1253171841348370439/fLveV1IQ_normal.jpg", "profile_banner_url": "https://pbs.twimg.com/profile_banners/39176902/1587661135", "profile_link_color": "1DA1F2", "profile_text_color": "333333", "follow_request_sent": null, "contributors_enabled": false, "default_profile_image": false, "withheld_in_countries": [], "profile_background_tile": false, "profile_image_url_https": "https://pbs.twimg.com/profile_images/1253171841348370439/fLveV1IQ_normal.jpg", "profile_background_color": "C0DEED", "profile_sidebar_fill_color": "DDEEF6", "profile_background_image_url": "http://abs.twimg.com/images/themes/theme1/bg.png", "profile_sidebar_border_color": "C0DEED", "profile_use_background_image": true, "profile_background_image_url_https": "https://abs.twimg.com/images/themes/theme1/bg.png"}, "place": null, "id_str": "1543308586935263237", "source": "<a href=\"http://twitter.com/download/iphone\" rel=\"nofollow\">Twitter for iPhone</a>", "entities": {"urls": [{"url": "https://t.co/a30dtXw8tA", "indices": [117, 140], "display_url": "twitter.com/i/web/status/1\u2026", "expanded_url": "https://twitter.com/i/web/status/1543308586935263237"}], "symbols": [], "hashtags": [], "user_mentions": []}, "favorited": false, "retweeted": false, "truncated": true, "created_at": "Sat Jul 02 19:00:15 +0000 2022", "coordinates": null, "quote_count": 10, "reply_count": 85, "contributors": null, "filter_level": "low", "quoted_status": {"id": 1542973404206227459, "geo": null, "lang": "es", "text": "JUSTICIA\n\nVirgilio Trujillo, l\u00edder ind\u00edgena Uwott\u00fcja y defensor ambiental asesinado (30.06.22) en Puerto Ayacucho,\u2026 https://t.co/INJK8lYu9c", "user": {"id": 80197195, "url": "https://provea.org/redes/", "lang": null, "name": "PROVEA", "id_str": "80197195", "location": "Venezuela", "verified": true, "following": null, "protected": false, "time_zone": null, "created_at": "Tue Oct 06 02:50:48 +0000 2009", "utc_offset": null, "description": "Somos una organizaci\u00f3n independiente, sin fines de lucro, que defiende derechos humanos DESC desde 1988 \ud83c\uddfb\ud83c\uddea 0212-8621011\u2709\ufe0fcoordinacion.general@derechos.org.ve", "geo_enabled": true, "screen_name": "_Provea", "listed_count": 1316, "friends_count": 1000, "is_translator": false, "notifications": null, "statuses_count": 92446, "default_profile": false, "followers_count": 314627, "translator_type": "none", "favourites_count": 2878, "profile_image_url": "http://pbs.twimg.com/profile_images/1542928074722971648/Hg28cclZ_normal.jpg", "profile_banner_url": "https://pbs.twimg.com/profile_banners/80197195/1652750196", "profile_link_color": "0084B4", "profile_text_color": "333333", "follow_request_sent": null, "contributors_enabled": false, "default_profile_image": false, "withheld_in_countries": [], "profile_background_tile": true, "profile_image_url_https": "https://pbs.twimg.com/profile_images/1542928074722971648/Hg28cclZ_normal.jpg", "profile_background_color": "022330", "profile_sidebar_fill_color": "C0DFEC", "profile_background_image_url": "http://abs.twimg.com/images/themes/theme15/bg.png", "profile_sidebar_border_color": "FFFFFF", "profile_use_background_image": true, "profile_background_image_url_https": "https://abs.twimg.com/images/themes/theme15/bg.png"}, "place": null, "id_str": "1542973404206227459", "source": "<a href=\"https://mobile.twitter.com\" rel=\"nofollow\">Twitter Web App</a>", "entities": {"urls": [{"url": "https://t.co/INJK8lYu9c", "indices": [116, 139], "display_url": "twitter.com/i/web/status/1\u2026", "expanded_url": "https://twitter.com/i/web/status/1542973404206227459"}], "symbols": [], "hashtags": [], "user_mentions": []}, "favorited": false, "retweeted": false, "truncated": true, "created_at": "Fri Jul 01 20:48:21 +0000 2022", "coordinates": null, "quote_count": 23, "reply_count": 13, "contributors": null, "filter_level": "low", "retweet_count": 602, "extended_tweet": {"entities": {"urls": [{"url": "https://t.co/7lJdPrwFID", "indices": [257, 280], "display_url": "bit.ly/JusticiaParaVi\u2026", "expanded_url": "https://bit.ly/JusticiaParaVirgilio"}], "media": [{"id": 1542937214803484672, "url": "https://t.co/zp2XjxJsnV", "type": "photo", "sizes": {"large": {"h": 1080, "w": 604, "resize": "fit"}, "small": {"h": 680, "w": 380, "resize": "fit"}, "thumb": {"h": 150, "w": 150, "resize": "crop"}, "medium": {"h": 1080, "w": 604, "resize": "fit"}}, "id_str": "1542937214803484672", "indices": [281, 304], "media_url": "http://pbs.twimg.com/media/FWmdONcXoAArrJI.jpg", "description": "Imagen de Virgilio Trujillo, l\u00edder ind\u00edgena y defensor ambiental asesinado el 30 de junio 2022 en Puerto Ayacucho, Amazonas, por defender su territorio de miner\u00eda y grupos armados. ", "display_url": "pic.twitter.com/zp2XjxJsnV", "expanded_url": "https://twitter.com/_Provea/status/1542973404206227459/photo/1", "media_url_https": "https://pbs.twimg.com/media/FWmdONcXoAArrJI.jpg"}, {"id": 1542972485012000773, "url": "https://t.co/zp2XjxJsnV", "type": "photo", "sizes": {"large": {"h": 1674, "w": 1294, "resize": "fit"}, "small": {"h": 680, "w": 526, "resize": "fit"}, "thumb": {"h": 150, "w": 150, "resize": "crop"}, "medium": {"h": 1200, "w": 928, "resize": "fit"}}, "id_str": "1542972485012000773", "indices": [281, 304], "media_url": "http://pbs.twimg.com/media/FWm9TNNXkAUIrw-.jpg", "description": "Comunicado de Odevida\n\nCon gran preocupaci\u00f3n, el Observatorio para la defensa de la vida \u2013 ODEVIDA, Cap\u00edtulo Venezuela denuncia el asesinato de l\u00edder ind\u00edgena defensor del ambiente y el territorio, coordinador de Guardianes territoriales Uwottujja del municipio Autana, VIRGILIO TRUJILLO ARANA. Seg\u00fan informaci\u00f3n brindada por la Organizaci\u00f3n Regional de los Pueblos Ind\u00edgenas de Amazonas (ORPIA) fue asesinado el jueves 30 de junio de 2022, en Puerto Ayacucho, capital del estado Amazonas, Venezuela.\n\nVIRGILIO TRUJILLO ARANA, participaba como miembro de la Organizaci\u00f3n Ind\u00edgena Piaroas Unidos del Sipapo (Oipus) de las actividades de la Guardia Ind\u00edgena Territorial de su comunidad, luchando por mantener su territorio libre de la extracci\u00f3n de minerales y de la presencia de fuerzas irregulares de la guerrilla colombiana que operan en la zona. Esta situaci\u00f3n irregular, fue denunciada por ODEVIDA en diciembre de 2021 en el \u201cInforme sobre ambiente y territorio en Venezuela: Las consecu", "display_url": "pic.twitter.com/zp2XjxJsnV", "expanded_url": "https://twitter.com/_Provea/status/1542973404206227459/photo/1", "media_url_https": "https://pbs.twimg.com/media/FWm9TNNXkAUIrw-.jpg"}], "symbols": [], "hashtags": [{"text": "Odevida", "indices": [248, 256]}], "user_mentions": []}, "full_text": "JUSTICIA\n\nVirgilio Trujillo, l\u00edder ind\u00edgena Uwott\u00fcja y defensor ambiental asesinado (30.06.22) en Puerto Ayacucho, por defender su territorio de miner\u00eda y grupos armados.\n\n32 defensores ambientales han sido asesinados en Venezuela entre 2013/2021. #Odevida https://t.co/7lJdPrwFID https://t.co/zp2XjxJsnV", "extended_entities": {"media": [{"id": 1542937214803484672, "url": "https://t.co/zp2XjxJsnV", "type": "photo", "sizes": {"large": {"h": 1080, "w": 604, "resize": "fit"}, "small": {"h": 680, "w": 380, "resize": "fit"}, "thumb": {"h": 150, "w": 150, "resize": "crop"}, "medium": {"h": 1080, "w": 604, "resize": "fit"}}, "id_str": "1542937214803484672", "indices": [281, 304], "media_url": "http://pbs.twimg.com/media/FWmdONcXoAArrJI.jpg", "description": "Imagen de Virgilio Trujillo, l\u00edder ind\u00edgena y defensor ambiental asesinado el 30 de junio 2022 en Puerto Ayacucho, Amazonas, por defender su territorio de miner\u00eda y grupos armados. ", "display_url": "pic.twitter.com/zp2XjxJsnV", "expanded_url": "https://twitter.com/_Provea/status/1542973404206227459/photo/1", "media_url_https": "https://pbs.twimg.com/media/FWmdONcXoAArrJI.jpg"}, {"id": 1542972485012000773, "url": "https://t.co/zp2XjxJsnV", "type": "photo", "sizes": {"large": {"h": 1674, "w": 1294, "resize": "fit"}, "small": {"h": 680, "w": 526, "resize": "fit"}, "thumb": {"h": 150, "w": 150, "resize": "crop"}, "medium": {"h": 1200, "w": 928, "resize": "fit"}}, "id_str": "1542972485012000773", "indices": [281, 304], "media_url": "http://pbs.twimg.com/media/FWm9TNNXkAUIrw-.jpg", "description": "Comunicado de Odevida\n\nCon gran preocupaci\u00f3n, el Observatorio para la defensa de la vida \u2013 ODEVIDA, Cap\u00edtulo Venezuela denuncia el asesinato de l\u00edder ind\u00edgena defensor del ambiente y el territorio, coordinador de Guardianes territoriales Uwottujja del municipio Autana, VIRGILIO TRUJILLO ARANA. Seg\u00fan informaci\u00f3n brindada por la Organizaci\u00f3n Regional de los Pueblos Ind\u00edgenas de Amazonas (ORPIA) fue asesinado el jueves 30 de junio de 2022, en Puerto Ayacucho, capital del estado Amazonas, Venezuela.\n\nVIRGILIO TRUJILLO ARANA, participaba como miembro de la Organizaci\u00f3n Ind\u00edgena Piaroas Unidos del Sipapo (Oipus) de las actividades de la Guardia Ind\u00edgena Territorial de su comunidad, luchando por mantener su territorio libre de la extracci\u00f3n de minerales y de la presencia de fuerzas irregulares de la guerrilla colombiana que operan en la zona. Esta situaci\u00f3n irregular, fue denunciada por ODEVIDA en diciembre de 2021 en el \u201cInforme sobre ambiente y territorio en Venezuela: Las consecu", "display_url": "pic.twitter.com/zp2XjxJsnV", "expanded_url": "https://twitter.com/_Provea/status/1542973404206227459/photo/1", "media_url_https": "https://pbs.twimg.com/media/FWm9TNNXkAUIrw-.jpg"}]}, "display_text_range": [0, 280]}, "favorite_count": 256, "is_quote_status": false, "display_text_range": [0, 140], "possibly_sensitive": false, "in_reply_to_user_id": null, "in_reply_to_status_id": null, "in_reply_to_screen_name": null, "in_reply_to_user_id_str": null, "in_reply_to_status_id_str": null}, "retweet_count": 384, "extended_tweet": {"entities": {"urls": [], "symbols": [], "hashtags": [], "user_mentions": []}, "full_text": "El asesinato de Virgilio Trujillo, as\u00ed como la de todos los ind\u00edgenas que han padecido las consecuencias de la miner\u00eda ilegal y los grupos irregulares amparados por la dictadura, no puede ni va a quedar impune.\n\n\u00a1El r\u00e9gimen es la principal amenaza a nuestros pueblos ancestrales!", "display_text_range": [0, 279]}, "favorite_count": 406, "is_quote_status": true, "quoted_status_id": 1542973404206227459, "in_reply_to_user_id": null, "quoted_status_id_str": "1542973404206227459", "in_reply_to_status_id": null, "in_reply_to_screen_name": null, "in_reply_to_user_id_str": null, "quoted_status_permalink": {"url": "https://t.co/rEzp8SiNuC", "display": "twitter.com/_provea/status\u2026", "expanded": "https://twitter.com/_provea/status/1542973404206227459"}, "in_reply_to_status_id_str": null}, "in_reply_to_user_id": null, "quoted_status_id_str": "1542973404206227459", "in_reply_to_status_id": null, "in_reply_to_screen_name": null, "in_reply_to_user_id_str": null, "quoted_status_permalink": {"url": "https://t.co/rEzp8SiNuC", "display": "twitter.com/_provea/status\u2026", "expanded": "https://twitter.com/_provea/status/1542973404206227459"}, "in_reply_to_status_id_str": null}