{"id": 1535378405415321601, "geo": null, "lang": "es", "text": "Este es el dilema que se le presenta a America y el mundo entero, democracias vs autoritarismos, el presidente\u2026 https://t.co/Q8ofqZ61RF", "user": {"id": 39176902, "url": "https://www.facebook.com/JGuaido", "lang": null, "name": "Juan Guaid\u00f3", "id_str": "39176902", "location": "Vargas", "verified": true, "following": null, "protected": false, "time_zone": null, "created_at": "Mon May 11 02:59:20 +0000 2009", "utc_offset": null, "description": "Servidor P\u00fablico, Presidente (E) de la Rep\u00fablica Bolivariana de Venezuela y la @AsambleaVe, apegado a los Art. 233/333 CRBV. Ingeniero. En todo amar y servir", "geo_enabled": true, "screen_name": "jguaido", "listed_count": 3286, "friends_count": 2878, "is_translator": false, "notifications": null, "statuses_count": 48390, "default_profile": true, "followers_count": 2656625, "translator_type": "none", "favourites_count": 36377, "profile_image_url": "http://pbs.twimg.com/profile_images/1253171841348370439/fLveV1IQ_normal.jpg", "profile_banner_url": "https://pbs.twimg.com/profile_banners/39176902/1587661135", "profile_link_color": "1DA1F2", "profile_text_color": "333333", "follow_request_sent": null, "contributors_enabled": false, "default_profile_image": false, "withheld_in_countries": [], "profile_background_tile": false, "profile_image_url_https": "https://pbs.twimg.com/profile_images/1253171841348370439/fLveV1IQ_normal.jpg", "profile_background_color": "C0DEED", "profile_sidebar_fill_color": "DDEEF6", "profile_background_image_url": "http://abs.twimg.com/images/themes/theme1/bg.png", "profile_sidebar_border_color": "C0DEED", "profile_use_background_image": true, "profile_background_image_url_https": "https://abs.twimg.com/images/themes/theme1/bg.png"}, "place": null, "id_str": "1535378405415321601", "source": "<a href=\"http://twitter.com/#!/download/ipad\" rel=\"nofollow\">Twitter for iPad</a>", "entities": {"urls": [{"url": "https://t.co/Q8ofqZ61RF", "indices": [112, 135], "display_url": "twitter.com/i/web/status/1\u2026", "expanded_url": "https://twitter.com/i/web/status/1535378405415321601"}], "symbols": [], "hashtags": [], "user_mentions": []}, "favorited": false, "retweeted": false, "truncated": true, "created_at": "Fri Jun 10 21:48:32 +0000 2022", "coordinates": null, "quote_count": 0, "reply_count": 0, "contributors": null, "filter_level": "low", "timestamp_ms": "1654897712459", "quoted_status": {"id": 1535331392749551616, "geo": null, "lang": "es", "text": "No caigamos en las falsas narrativas; nuestra regi\u00f3n no se divide entre izquierda y derecha. Aqu\u00ed hay una clara dif\u2026 https://t.co/ZzZnfgrgz9", "user": {"id": 77653794, "url": "http://id.presidencia.gov.co", "lang": null, "name": "Iv\u00e1n Duque \ud83c\udde8\ud83c\uddf4", "id_str": "77653794", "location": null, "verified": true, "following": null, "protected": false, "time_zone": null, "created_at": "Sun Sep 27 03:53:46 +0000 2009", "utc_offset": null, "description": "Presidente de la Rep\u00fablica de Colombia \ud83c\udde8\ud83c\uddf4 2018-2022. Legalidad, Emprendimiento y Equidad. #ElFuturoEsDeTodos", "geo_enabled": true, "screen_name": "IvanDuque", "listed_count": 2516, "friends_count": 1767, "is_translator": false, "notifications": null, "statuses_count": 35771, "default_profile": true, "followers_count": 2470367, "translator_type": "none", "favourites_count": 1368, "profile_image_url": "http://pbs.twimg.com/profile_images/1499162637761978370/ydlG4SzQ_normal.jpg", "profile_banner_url": "https://pbs.twimg.com/profile_banners/77653794/1654636292", "profile_link_color": "1DA1F2", "profile_text_color": "333333", "follow_request_sent": null, "contributors_enabled": false, "default_profile_image": false, "withheld_in_countries": [], "profile_background_tile": false, "profile_image_url_https": "https://pbs.twimg.com/profile_images/1499162637761978370/ydlG4SzQ_normal.jpg", "profile_background_color": "C0DEED", "profile_sidebar_fill_color": "DDEEF6", "profile_background_image_url": "http://abs.twimg.com/images/themes/theme1/bg.png", "profile_sidebar_border_color": "C0DEED", "profile_use_background_image": true, "profile_background_image_url_https": "https://abs.twimg.com/images/themes/theme1/bg.png"}, "place": null, "id_str": "1535331392749551616", "source": "<a href=\"https://studio.twitter.com\" rel=\"nofollow\">Twitter Media Studio</a>", "entities": {"urls": [{"url": "https://t.co/ZzZnfgrgz9", "indices": [117, 140], "display_url": "twitter.com/i/web/status/1\u2026", "expanded_url": "https://twitter.com/i/web/status/1535331392749551616"}], "symbols": [], "hashtags": [], "user_mentions": []}, "favorited": false, "retweeted": false, "truncated": true, "created_at": "Fri Jun 10 18:41:43 +0000 2022", "coordinates": null, "quote_count": 50, "reply_count": 344, "contributors": null, "filter_level": "low", "retweet_count": 723, "extended_tweet": {"entities": {"urls": [], "media": [{"id": 1535331253242806273, "url": "https://t.co/xCPtHrRsfL", "type": "video", "sizes": {"large": {"h": 480, "w": 848, "resize": "fit"}, "small": {"h": 385, "w": 680, "resize": "fit"}, "thumb": {"h": 150, "w": 150, "resize": "crop"}, "medium": {"h": 480, "w": 848, "resize": "fit"}}, "id_str": "1535331253242806273", "indices": [271, 294], "media_url": "http://pbs.twimg.com/amplify_video_thumb/1535331253242806273/img/9sBubdd9RujXIcg5.jpg", "video_info": {"variants": [{"url": "https://video.twimg.com/amplify_video/1535331253242806273/pl/BPYFuB0z-OCg1lcH.m3u8?tag=14&container=fmp4", "content_type": "application/x-mpegURL"}, {"url": "https://video.twimg.com/amplify_video/1535331253242806273/vid/476x270/IRI1HY893AH_qL3X.mp4?tag=14", "bitrate": 288000, "content_type": "video/mp4"}, {"url": "https://video.twimg.com/amplify_video/1535331253242806273/vid/636x360/xJ36M_W0Xth1tKKz.mp4?tag=14", "bitrate": 832000, "content_type": "video/mp4"}, {"url": "https://video.twimg.com/amplify_video/1535331253242806273/vid/848x480/Jcvz856Bkn64bRF8.mp4?tag=14", "bitrate": 2176000, "content_type": "video/mp4"}], "aspect_ratio": [53, 30], "duration_millis": 86286}, "display_url": "pic.twitter.com/xCPtHrRsfL", "expanded_url": "https://twitter.com/IvanDuque/status/1535331392749551616/video/1", "media_url_https": "https://pbs.twimg.com/amplify_video_thumb/1535331253242806273/img/9sBubdd9RujXIcg5.jpg", "additional_media_info": {"title": "", "embeddable": true, "description": "", "monetizable": false}}], "symbols": [], "hashtags": [], "user_mentions": []}, "full_text": "No caigamos en las falsas narrativas; nuestra regi\u00f3n no se divide entre izquierda y derecha. Aqu\u00ed hay una clara diferenciaci\u00f3n entre dem\u00f3cratas y aut\u00f3cratas. Tenemos que defender la democracia de esos aut\u00f3cratas, que se nutren del populismo, la polarizaci\u00f3n y posverdad. https://t.co/xCPtHrRsfL", "extended_entities": {"media": [{"id": 1535331253242806273, "url": "https://t.co/xCPtHrRsfL", "type": "video", "sizes": {"large": {"h": 480, "w": 848, "resize": "fit"}, "small": {"h": 385, "w": 680, "resize": "fit"}, "thumb": {"h": 150, "w": 150, "resize": "crop"}, "medium": {"h": 480, "w": 848, "resize": "fit"}}, "id_str": "1535331253242806273", "indices": [271, 294], "media_url": "http://pbs.twimg.com/amplify_video_thumb/1535331253242806273/img/9sBubdd9RujXIcg5.jpg", "video_info": {"variants": [{"url": "https://video.twimg.com/amplify_video/1535331253242806273/pl/BPYFuB0z-OCg1lcH.m3u8?tag=14&container=fmp4", "content_type": "application/x-mpegURL"}, {"url": "https://video.twimg.com/amplify_video/1535331253242806273/vid/476x270/IRI1HY893AH_qL3X.mp4?tag=14", "bitrate": 288000, "content_type": "video/mp4"}, {"url": "https://video.twimg.com/amplify_video/1535331253242806273/vid/636x360/xJ36M_W0Xth1tKKz.mp4?tag=14", "bitrate": 832000, "content_type": "video/mp4"}, {"url": "https://video.twimg.com/amplify_video/1535331253242806273/vid/848x480/Jcvz856Bkn64bRF8.mp4?tag=14", "bitrate": 2176000, "content_type": "video/mp4"}], "aspect_ratio": [53, 30], "duration_millis": 86286}, "display_url": "pic.twitter.com/xCPtHrRsfL", "expanded_url": "https://twitter.com/IvanDuque/status/1535331392749551616/video/1", "media_url_https": "https://pbs.twimg.com/amplify_video_thumb/1535331253242806273/img/9sBubdd9RujXIcg5.jpg", "additional_media_info": {"title": "", "embeddable": true, "description": "", "monetizable": false}}]}, "display_text_range": [0, 270]}, "favorite_count": 1711, "is_quote_status": false, "display_text_range": [0, 140], "possibly_sensitive": false, "in_reply_to_user_id": null, "in_reply_to_status_id": null, "in_reply_to_screen_name": null, "in_reply_to_user_id_str": null, "in_reply_to_status_id_str": null}, "retweet_count": 0, "extended_tweet": {"entities": {"urls": [], "symbols": [], "hashtags": [], "user_mentions": [{"id": 77653794, "name": "Iv\u00e1n Duque \ud83c\udde8\ud83c\uddf4", "id_str": "77653794", "indices": [111, 121], "screen_name": "IvanDuque"}]}, "full_text": "Este es el dilema que se le presenta a America y el mundo entero, democracias vs autoritarismos, el presidente @IvanDuque deja claro que defender la dignidad humana y a los pueblos es defender sus derechos y las herramientas para lograr la democracia, no hablar dictadores.", "display_text_range": [0, 273]}, "favorite_count": 0, "is_quote_status": true, "quoted_status_id": 1535331392749551616, "in_reply_to_user_id": null, "quoted_status_id_str": "1535331392749551616", "in_reply_to_status_id": null, "in_reply_to_screen_name": null, "in_reply_to_user_id_str": null, "quoted_status_permalink": {"url": "https://t.co/aXmO9c7Y1p", "display": "twitter.com/ivanduque/stat\u2026", "expanded": "https://twitter.com/ivanduque/status/1535331392749551616"}, "in_reply_to_status_id_str": null}