{"id": 1520567946753499138, "geo": null, "lang": "es", "text": "RT @AndresVelasqz: Compromiso del Presidente Juan Guaid\u00f3 con los trabajadores de Guayana y Venezuela https://t.co/nDultuRxCQ", "user": {"id": 39176902, "url": "https://t.co/PpkcSiogK7", "lang": null, "name": "Juan Guaid\u00f3", "id_str": "39176902", "entities": {"url": {"urls": [{"url": "https://t.co/PpkcSiogK7", "indices": [0, 23], "display_url": "facebook.com/JGuaido", "expanded_url": "https://www.facebook.com/JGuaido"}]}, "description": {"urls": []}}, "location": "Vargas", "verified": true, "following": true, "protected": false, "time_zone": null, "created_at": "Mon May 11 02:59:20 +0000 2009", "utc_offset": null, "description": "Servidor P\u00fablico, Presidente (E) de la Rep\u00fablica Bolivariana de Venezuela y la @AsambleaVe, apegado a los Art. 233/333 CRBV. Ingeniero. En todo amar y servir", "geo_enabled": true, "screen_name": "jguaido", "listed_count": 3293, "friends_count": 2885, "is_translator": false, "notifications": false, "statuses_count": 48484, "default_profile": true, "followers_count": 2657662, "translator_type": "none", "favourites_count": 36684, "profile_image_url": "http://pbs.twimg.com/profile_images/1253171841348370439/fLveV1IQ_normal.jpg", "profile_banner_url": "https://pbs.twimg.com/profile_banners/39176902/1587661135", "profile_link_color": "1DA1F2", "profile_text_color": "333333", "follow_request_sent": false, "contributors_enabled": false, "has_extended_profile": true, "default_profile_image": false, "withheld_in_countries": [], "is_translation_enabled": false, "profile_background_tile": false, "profile_image_url_https": "https://pbs.twimg.com/profile_images/1253171841348370439/fLveV1IQ_normal.jpg", "profile_background_color": "C0DEED", "profile_sidebar_fill_color": "DDEEF6", "profile_background_image_url": "http://abs.twimg.com/images/themes/theme1/bg.png", "profile_sidebar_border_color": "C0DEED", "profile_use_background_image": true, "profile_background_image_url_https": "https://abs.twimg.com/images/themes/theme1/bg.png"}, "place": null, "id_str": "1520567946753499138", "source": "<a href=\"http://twitter.com/#!/download/ipad\" rel=\"nofollow\">Twitter for iPad</a>", "entities": {"urls": [], "media": [{"id": 1520503352769056770, "url": "https://t.co/nDultuRxCQ", "type": "photo", "sizes": {"large": {"h": 720, "w": 1280, "resize": "fit"}, "small": {"h": 383, "w": 680, "resize": "fit"}, "thumb": {"h": 150, "w": 150, "resize": "crop"}, "medium": {"h": 675, "w": 1200, "resize": "fit"}}, "id_str": "1520503352769056770", "indices": [101, 124], "media_url": "http://pbs.twimg.com/ext_tw_video_thumb/1520503352769056770/pu/img/kiXG59VmSiZi-qYP.jpg", "display_url": "pic.twitter.com/nDultuRxCQ", "expanded_url": "https://twitter.com/AndresVelasqz/status/1520503976768294912/video/1", "source_user_id": 89799361, "media_url_https": "https://pbs.twimg.com/ext_tw_video_thumb/1520503352769056770/pu/img/kiXG59VmSiZi-qYP.jpg", "source_status_id": 1520503976768294912, "source_user_id_str": "89799361", "source_status_id_str": "1520503976768294912"}], "symbols": [], "hashtags": [], "user_mentions": [{"id": 89799361, "name": "Andres Velasquez", "id_str": "89799361", "indices": [3, 17], "screen_name": "AndresVelasqz"}]}, "favorited": false, "retweeted": false, "truncated": false, "created_at": "Sun May 01 00:57:03 +0000 2022", "coordinates": null, "contributors": null, "retweet_count": 136, "favorite_count": 0, "is_quote_status": false, "retweeted_status": {"id": 1520503976768294912, "geo": null, "lang": "es", "text": "Compromiso del Presidente Juan Guaid\u00f3 con los trabajadores de Guayana y Venezuela https://t.co/nDultuRxCQ", "user": {"id": 89799361, "url": "https://t.co/ix0DqyNLdQ", "lang": null, "name": "Andres Velasquez", "id_str": "89799361", "entities": {"url": {"urls": [{"url": "https://t.co/ix0DqyNLdQ", "indices": [0, 23], "display_url": "lacausar.org.ve", "expanded_url": "http://www.lacausar.org.ve"}]}, "description": {"urls": []}}, "location": "#Venezuela", "verified": false, "following": false, "protected": false, "time_zone": null, "created_at": "Fri Nov 13 21:38:09 +0000 2009", "utc_offset": null, "description": "Pol\u00edtico. Dem\u00f3crata. Parlamentario. Ex Gob.Edo. Bol\u00edvar. Dirigente nacional de @LaCausaRVe. Instagram: andresvcontigo.", "geo_enabled": true, "screen_name": "AndresVelasqz", "listed_count": 1782, "friends_count": 9244, "is_translator": false, "notifications": false, "statuses_count": 61146, "default_profile": true, "followers_count": 591137, "translator_type": "none", "favourites_count": 176, "profile_image_url": "http://pbs.twimg.com/profile_images/1077541061143203840/jJBNmfC-_normal.jpg", "profile_link_color": "1DA1F2", "profile_text_color": "333333", "follow_request_sent": false, "contributors_enabled": false, "has_extended_profile": false, "default_profile_image": false, "withheld_in_countries": [], "is_translation_enabled": false, "profile_background_tile": false, "profile_image_url_https": "https://pbs.twimg.com/profile_images/1077541061143203840/jJBNmfC-_normal.jpg", "profile_background_color": "C0DEED", "profile_sidebar_fill_color": "DDEEF6", "profile_background_image_url": "http://abs.twimg.com/images/themes/theme1/bg.png", "profile_sidebar_border_color": "C0DEED", "profile_use_background_image": true, "profile_background_image_url_https": "https://abs.twimg.com/images/themes/theme1/bg.png"}, "place": null, "id_str": "1520503976768294912", "source": "<a href=\"http://twitter.com/download/android\" rel=\"nofollow\">Twitter for Android</a>", "entities": {"urls": [], "media": [{"id": 1520503352769056770, "url": "https://t.co/nDultuRxCQ", "type": "photo", "sizes": {"large": {"h": 720, "w": 1280, "resize": "fit"}, "small": {"h": 383, "w": 680, "resize": "fit"}, "thumb": {"h": 150, "w": 150, "resize": "crop"}, "medium": {"h": 675, "w": 1200, "resize": "fit"}}, "id_str": "1520503352769056770", "indices": [82, 105], "media_url": "http://pbs.twimg.com/ext_tw_video_thumb/1520503352769056770/pu/img/kiXG59VmSiZi-qYP.jpg", "display_url": "pic.twitter.com/nDultuRxCQ", "expanded_url": "https://twitter.com/AndresVelasqz/status/1520503976768294912/video/1", "media_url_https": "https://pbs.twimg.com/ext_tw_video_thumb/1520503352769056770/pu/img/kiXG59VmSiZi-qYP.jpg"}], "symbols": [], "hashtags": [], "user_mentions": []}, "favorited": false, "retweeted": false, "truncated": false, "created_at": "Sat Apr 30 20:42:52 +0000 2022", "coordinates": null, "contributors": null, "retweet_count": 136, "favorite_count": 286, "is_quote_status": false, "extended_entities": {"media": [{"id": 1520503352769056770, "url": "https://t.co/nDultuRxCQ", "type": "video", "sizes": {"large": {"h": 720, "w": 1280, "resize": "fit"}, "small": {"h": 383, "w": 680, "resize": "fit"}, "thumb": {"h": 150, "w": 150, "resize": "crop"}, "medium": {"h": 675, "w": 1200, "resize": "fit"}}, "id_str": "1520503352769056770", "indices": [82, 105], "media_url": "http://pbs.twimg.com/ext_tw_video_thumb/1520503352769056770/pu/img/kiXG59VmSiZi-qYP.jpg", "video_info": {"variants": [{"url": "https://video.twimg.com/ext_tw_video/1520503352769056770/pu/vid/1280x720/rDWD2P2x3tVAviol.mp4?tag=12", "bitrate": 2176000, "content_type": "video/mp4"}, {"url": "https://video.twimg.com/ext_tw_video/1520503352769056770/pu/vid/640x360/5kpOG78SLi6DPAC3.mp4?tag=12", "bitrate": 832000, "content_type": "video/mp4"}, {"url": "https://video.twimg.com/ext_tw_video/1520503352769056770/pu/vid/480x270/lZQcvLNHYgprlfOJ.mp4?tag=12", "bitrate": 256000, "content_type": "video/mp4"}, {"url": "https://video.twimg.com/ext_tw_video/1520503352769056770/pu/pl/u0fzmP0o7uFvdaeT.m3u8?tag=12&container=fmp4", "content_type": "application/x-mpegURL"}], "aspect_ratio": [16, 9], "duration_millis": 26333}, "display_url": "pic.twitter.com/nDultuRxCQ", "expanded_url": "https://twitter.com/AndresVelasqz/status/1520503976768294912/video/1", "media_url_https": "https://pbs.twimg.com/ext_tw_video_thumb/1520503352769056770/pu/img/kiXG59VmSiZi-qYP.jpg", "additional_media_info": {"monetizable": false}}]}, "possibly_sensitive": false, "in_reply_to_user_id": null, "in_reply_to_status_id": null, "in_reply_to_screen_name": null, "in_reply_to_user_id_str": null, "in_reply_to_status_id_str": null}, "extended_entities": {"media": [{"id": 1520503352769056770, "url": "https://t.co/nDultuRxCQ", "type": "video", "sizes": {"large": {"h": 720, "w": 1280, "resize": "fit"}, "small": {"h": 383, "w": 680, "resize": "fit"}, "thumb": {"h": 150, "w": 150, "resize": "crop"}, "medium": {"h": 675, "w": 1200, "resize": "fit"}}, "id_str": "1520503352769056770", "indices": [101, 124], "media_url": "http://pbs.twimg.com/ext_tw_video_thumb/1520503352769056770/pu/img/kiXG59VmSiZi-qYP.jpg", "video_info": {"variants": [{"url": "https://video.twimg.com/ext_tw_video/1520503352769056770/pu/vid/1280x720/rDWD2P2x3tVAviol.mp4?tag=12", "bitrate": 2176000, "content_type": "video/mp4"}, {"url": "https://video.twimg.com/ext_tw_video/1520503352769056770/pu/vid/640x360/5kpOG78SLi6DPAC3.mp4?tag=12", "bitrate": 832000, "content_type": "video/mp4"}, {"url": "https://video.twimg.com/ext_tw_video/1520503352769056770/pu/vid/480x270/lZQcvLNHYgprlfOJ.mp4?tag=12", "bitrate": 256000, "content_type": "video/mp4"}, {"url": "https://video.twimg.com/ext_tw_video/1520503352769056770/pu/pl/u0fzmP0o7uFvdaeT.m3u8?tag=12&container=fmp4", "content_type": "application/x-mpegURL"}], "aspect_ratio": [16, 9], "duration_millis": 26333}, "display_url": "pic.twitter.com/nDultuRxCQ", "expanded_url": "https://twitter.com/AndresVelasqz/status/1520503976768294912/video/1", "source_user_id": 89799361, "media_url_https": "https://pbs.twimg.com/ext_tw_video_thumb/1520503352769056770/pu/img/kiXG59VmSiZi-qYP.jpg", "source_status_id": 1520503976768294912, "source_user_id_str": "89799361", "source_status_id_str": "1520503976768294912", "additional_media_info": {"monetizable": false, "source_user": {"id": 89799361, "url": "https://t.co/ix0DqyNLdQ", "lang": null, "name": "Andres Velasquez", "id_str": "89799361", "entities": {"url": {"urls": [{"url": "https://t.co/ix0DqyNLdQ", "indices": [0, 23], "display_url": "lacausar.org.ve", "expanded_url": "http://www.lacausar.org.ve"}]}, "description": {"urls": []}}, "location": "#Venezuela", "verified": false, "following": false, "protected": false, "time_zone": null, "created_at": "Fri Nov 13 21:38:09 +0000 2009", "utc_offset": null, "description": "Pol\u00edtico. Dem\u00f3crata. Parlamentario. Ex Gob.Edo. Bol\u00edvar. Dirigente nacional de @LaCausaRVe. Instagram: andresvcontigo.", "geo_enabled": true, "screen_name": "AndresVelasqz", "listed_count": 1782, "friends_count": 9244, "is_translator": false, "notifications": false, "statuses_count": 61146, "default_profile": true, "followers_count": 591137, "translator_type": "none", "favourites_count": 176, "profile_image_url": "http://pbs.twimg.com/profile_images/1077541061143203840/jJBNmfC-_normal.jpg", "profile_link_color": "1DA1F2", "profile_text_color": "333333", "follow_request_sent": false, "contributors_enabled": false, "has_extended_profile": false, "default_profile_image": false, "withheld_in_countries": [], "is_translation_enabled": false, "profile_background_tile": false, "profile_image_url_https": "https://pbs.twimg.com/profile_images/1077541061143203840/jJBNmfC-_normal.jpg", "profile_background_color": "C0DEED", "profile_sidebar_fill_color": "DDEEF6", "profile_background_image_url": "http://abs.twimg.com/images/themes/theme1/bg.png", "profile_sidebar_border_color": "C0DEED", "profile_use_background_image": true, "profile_background_image_url_https": "https://abs.twimg.com/images/themes/theme1/bg.png"}}}]}, "possibly_sensitive": false, "in_reply_to_user_id": null, "in_reply_to_status_id": null, "in_reply_to_screen_name": null, "in_reply_to_user_id_str": null, "in_reply_to_status_id_str": null}