{"id": 1504991927648890886, "geo": null, "lang": "es", "text": "La dictadura dej\u00f3 en libertad a los responsables del asesinato del Concejal Fernando Alb\u00e1n. As\u00ed lo denunci\u00f3 la Misi\u2026 https://t.co/odC5KDVOSL", "user": {"id": 39176902, "url": "https://t.co/PpkcSiogK7", "lang": null, "name": "Juan Guaid\u00f3", "id_str": "39176902", "entities": {"url": {"urls": [{"url": "https://t.co/PpkcSiogK7", "indices": [0, 23], "display_url": "facebook.com/JGuaido", "expanded_url": "https://www.facebook.com/JGuaido"}]}, "description": {"urls": []}}, "location": "Vargas", "verified": true, "following": true, "protected": false, "time_zone": null, "created_at": "Mon May 11 02:59:20 +0000 2009", "utc_offset": null, "description": "Servidor P\u00fablico, Presidente (E) de la Rep\u00fablica Bolivariana de Venezuela y la @AsambleaVe, apegado a los Art. 233/333 CRBV. Ingeniero. En todo amar y servir", "geo_enabled": true, "screen_name": "jguaido", "listed_count": 3285, "friends_count": 2877, "is_translator": false, "notifications": false, "statuses_count": 48373, "default_profile": true, "followers_count": 2656609, "translator_type": "none", "favourites_count": 36201, "profile_image_url": "http://pbs.twimg.com/profile_images/1253171841348370439/fLveV1IQ_normal.jpg", "profile_banner_url": "https://pbs.twimg.com/profile_banners/39176902/1587661135", "profile_link_color": "1DA1F2", "profile_text_color": "333333", "follow_request_sent": false, "contributors_enabled": false, "has_extended_profile": true, "default_profile_image": false, "withheld_in_countries": [], "is_translation_enabled": false, "profile_background_tile": false, "profile_image_url_https": "https://pbs.twimg.com/profile_images/1253171841348370439/fLveV1IQ_normal.jpg", "profile_background_color": "C0DEED", "profile_sidebar_fill_color": "DDEEF6", "profile_background_image_url": "http://abs.twimg.com/images/themes/theme1/bg.png", "profile_sidebar_border_color": "C0DEED", "profile_use_background_image": true, "profile_background_image_url_https": "https://abs.twimg.com/images/themes/theme1/bg.png"}, "place": null, "id_str": "1504991927648890886", "source": "<a href=\"http://twitter.com/download/iphone\" rel=\"nofollow\">Twitter for iPhone</a>", "entities": {"urls": [{"url": "https://t.co/odC5KDVOSL", "indices": [117, 140], "display_url": "twitter.com/i/web/status/1\u2026", "expanded_url": "https://twitter.com/i/web/status/1504991927648890886"}], "symbols": [], "hashtags": [], "user_mentions": []}, "favorited": false, "retweeted": false, "truncated": true, "created_at": "Sat Mar 19 01:23:31 +0000 2022", "coordinates": null, "contributors": null, "quoted_status": {"id": 1504792233358217219, "geo": null, "lang": "es", "text": "\u00daLTIMA HORA | Responsables del asesinato de Fernando Alb\u00e1n en el Sebin, quedaron el libertad al reducirles la pena . https://t.co/rpxay1kizn", "user": {"id": 2334661493, "url": "https://t.co/un6A3cTna8", "lang": null, "name": "AlbertoRodNews", "id_str": "2334661493", "entities": {"url": {"urls": [{"url": "https://t.co/un6A3cTna8", "indices": [0, 23], "display_url": "bit.ly/3vk5slE", "expanded_url": "https://bit.ly/3vk5slE"}]}, "description": {"urls": []}}, "location": "Caracas, Venezuela", "verified": true, "following": false, "protected": false, "time_zone": null, "created_at": "Sun Feb 09 23:24:09 +0000 2014", "utc_offset": null, "description": "RT's are not endorsements. - Instagram: @AlbertoRodNews Cont\u00e1ctanos: arodriguez@albertonews.com", "geo_enabled": true, "screen_name": "AlbertoRodNews", "listed_count": 1729, "friends_count": 19960, "is_translator": false, "notifications": false, "statuses_count": 351729, "default_profile": false, "followers_count": 550188, "translator_type": "regular", "favourites_count": 5114, "profile_image_url": "http://pbs.twimg.com/profile_images/1346101946395078658/9SlbFJQA_normal.jpg", "profile_banner_url": "https://pbs.twimg.com/profile_banners/2334661493/1535606213", "profile_link_color": "1B95E0", "profile_text_color": "000000", "follow_request_sent": false, "contributors_enabled": false, "has_extended_profile": false, "default_profile_image": false, "withheld_in_countries": [], "is_translation_enabled": false, "profile_background_tile": false, "profile_image_url_https": "https://pbs.twimg.com/profile_images/1346101946395078658/9SlbFJQA_normal.jpg", "profile_background_color": "000000", "profile_sidebar_fill_color": "000000", "profile_background_image_url": "http://abs.twimg.com/images/themes/theme14/bg.gif", "profile_sidebar_border_color": "000000", "profile_use_background_image": false, "profile_background_image_url_https": "https://abs.twimg.com/images/themes/theme14/bg.gif"}, "place": null, "id_str": "1504792233358217219", "source": "<a href=\"https://albertonews.com\" rel=\"nofollow\">AlbertoNews</a>", "entities": {"urls": [{"url": "https://t.co/rpxay1kizn", "indices": [117, 140], "display_url": "b1tlydns02io.com/nacionales/ult\u2026", "expanded_url": "https://www.b1tlydns02io.com/nacionales/ultima-hora-responsables-del-asesinato-de-fernando-alban-en-el-sebin-quedaron-el-libertad-al-reducirles-la-pena-inicial/"}], "symbols": [], "hashtags": [], "user_mentions": []}, "favorited": false, "retweeted": false, "truncated": false, "created_at": "Fri Mar 18 12:10:00 +0000 2022", "coordinates": null, "contributors": null, "retweet_count": 876, "favorite_count": 336, "is_quote_status": false, "possibly_sensitive": false, "in_reply_to_user_id": null, "in_reply_to_status_id": null, "in_reply_to_screen_name": null, "in_reply_to_user_id_str": null, "in_reply_to_status_id_str": null}, "retweet_count": 712, "favorite_count": 659, "is_quote_status": true, "quoted_status_id": 1504792233358217219, "possibly_sensitive": false, "in_reply_to_user_id": null, "quoted_status_id_str": "1504792233358217219", "in_reply_to_status_id": null, "in_reply_to_screen_name": null, "in_reply_to_user_id_str": null, "in_reply_to_status_id_str": null}