{"id": 1497177890315804673, "geo": null, "lang": "es", "text": "RT @jguaido: Hoy los ucranianos y el Pdte. @ZelenskyyUa resisten a la barbarie del totalitarismo, en nombre de la libertad y la democracia.\u2026", "user": {"id": 39176902, "url": "https://youtube.com/channel/UCbSDz7_rVKXjZ9fRON16apQ", "lang": null, "name": "Juan Guaid\u00f3", "id_str": "39176902", "location": "Vargas", "verified": true, "following": null, "protected": false, "time_zone": null, "created_at": "Mon May 11 02:59:20 +0000 2009", "utc_offset": null, "description": "Servidor P\u00fablico, Presidente (E) de la Rep\u00fablica Bolivariana de Venezuela y la @AsambleaVe, apegado a los Art. 233/333 CRBV. Ingeniero. En todo amar y servir", "geo_enabled": true, "screen_name": "jguaido", "listed_count": 3284, "friends_count": 2867, "is_translator": false, "notifications": null, "statuses_count": 48063, "default_profile": true, "followers_count": 2648735, "translator_type": "none", "favourites_count": 35163, "profile_image_url": "http://pbs.twimg.com/profile_images/1253171841348370439/fLveV1IQ_normal.jpg", "profile_banner_url": "https://pbs.twimg.com/profile_banners/39176902/1587661135", "profile_link_color": "1DA1F2", "profile_text_color": "333333", "follow_request_sent": null, "contributors_enabled": false, "default_profile_image": false, "withheld_in_countries": [], "profile_background_tile": false, "profile_image_url_https": "https://pbs.twimg.com/profile_images/1253171841348370439/fLveV1IQ_normal.jpg", "profile_background_color": "C0DEED", "profile_sidebar_fill_color": "DDEEF6", "profile_background_image_url": "http://abs.twimg.com/images/themes/theme1/bg.png", "profile_sidebar_border_color": "C0DEED", "profile_use_background_image": true, "profile_background_image_url_https": "https://abs.twimg.com/images/themes/theme1/bg.png"}, "place": null, "id_str": "1497177890315804673", "source": "<a href=\"http://twitter.com/#!/download/ipad\" rel=\"nofollow\">Twitter for iPad</a>", "entities": {"urls": [], "symbols": [], "hashtags": [], "user_mentions": [{"id": 39176902, "name": "Juan Guaid\u00f3", "id_str": "39176902", "indices": [3, 11], "screen_name": "jguaido"}, {"id": 1120633726478823425, "name": "\u0412\u043e\u043b\u043e\u0434\u0438\u043c\u0438\u0440 \u0417\u0435\u043b\u0435\u043d\u0441\u044c\u043a\u0438\u0439", "id_str": "1120633726478823425", "indices": [43, 55], "screen_name": "ZelenskyyUa"}]}, "favorited": false, "retweeted": false, "truncated": false, "created_at": "Fri Feb 25 11:53:19 +0000 2022", "coordinates": null, "quote_count": 0, "reply_count": 0, "contributors": null, "filter_level": "low", "timestamp_ms": "1645789999928", "quoted_status": {"id": 1496993944139440135, "geo": null, "lang": "es", "text": "#\u00daLTIMAHORA \"Nos han dejado solos para defender nuestro Estado (...) \u00bfQui\u00e9n est\u00e1 dispuesto a combatir con nosotros?\u2026 https://t.co/bAIZVflYn8", "user": {"id": 851108442, "url": "http://www.afp.com/es", "lang": null, "name": "Agence France-Presse", "id_str": "851108442", "location": "Montevideo, Uruguay", "verified": true, "following": null, "protected": false, "time_zone": null, "created_at": "Fri Sep 28 14:00:14 +0000 2012", "utc_offset": null, "description": "Las noticias y las historias del mundo con el aporte de los periodistas de la AFP en 150 pa\u00edses. Tambi\u00e9n en Facebook: http://u.afp.com/AFPespanol", "geo_enabled": false, "screen_name": "AFPespanol", "listed_count": 5243, "friends_count": 983, "is_translator": false, "notifications": null, "statuses_count": 210544, "default_profile": false, "followers_count": 581465, "translator_type": "none", "favourites_count": 354, "profile_image_url": "http://pbs.twimg.com/profile_images/1272859011474481152/J3eS0fH9_normal.jpg", "profile_banner_url": "https://pbs.twimg.com/profile_banners/851108442/1606670390", "profile_link_color": "0084B4", "profile_text_color": "333333", "follow_request_sent": null, "contributors_enabled": false, "default_profile_image": false, "withheld_in_countries": [], "profile_background_tile": false, "profile_image_url_https": "https://pbs.twimg.com/profile_images/1272859011474481152/J3eS0fH9_normal.jpg", "profile_background_color": "C0DEED", "profile_sidebar_fill_color": "DDEEF6", "profile_background_image_url": "http://abs.twimg.com/images/themes/theme1/bg.png", "profile_sidebar_border_color": "FFFFFF", "profile_use_background_image": true, "profile_background_image_url_https": "https://abs.twimg.com/images/themes/theme1/bg.png"}, "place": null, "id_str": "1496993944139440135", "source": "<a href=\"https://about.twitter.com/products/tweetdeck\" rel=\"nofollow\">TweetDeck</a>", "entities": {"urls": [{"url": "https://t.co/bAIZVflYn8", "indices": [117, 140], "display_url": "twitter.com/i/web/status/1\u2026", "expanded_url": "https://twitter.com/i/web/status/1496993944139440135"}], "symbols": [], "hashtags": [{"text": "\u00daLTIMAHORA", "indices": [0, 11]}], "user_mentions": []}, "favorited": false, "retweeted": false, "truncated": true, "created_at": "Thu Feb 24 23:42:23 +0000 2022", "coordinates": null, "quote_count": 1973, "reply_count": 1681, "contributors": null, "filter_level": "low", "retweet_count": 13903, "extended_tweet": {"entities": {"urls": [], "media": [{"id": 1496993874140712960, "url": "https://t.co/Used62N8nb", "type": "photo", "sizes": {"large": {"h": 256, "w": 507, "resize": "fit"}, "small": {"h": 256, "w": 507, "resize": "fit"}, "thumb": {"h": 150, "w": 150, "resize": "crop"}, "medium": {"h": 256, "w": 507, "resize": "fit"}}, "id_str": "1496993874140712960", "indices": [278, 301], "media_url": "http://pbs.twimg.com/media/FMZj_0MX0AAB4hz.png", "display_url": "pic.twitter.com/Used62N8nb", "expanded_url": "https://twitter.com/AFPespanol/status/1496993944139440135/photo/1", "media_url_https": "https://pbs.twimg.com/media/FMZj_0MX0AAB4hz.png"}, {"id": 1496993887780487174, "url": "https://t.co/Used62N8nb", "type": "photo", "sizes": {"large": {"h": 630, "w": 1000, "resize": "fit"}, "small": {"h": 428, "w": 680, "resize": "fit"}, "thumb": {"h": 150, "w": 150, "resize": "crop"}, "medium": {"h": 630, "w": 1000, "resize": "fit"}}, "id_str": "1496993887780487174", "indices": [278, 301], "media_url": "http://pbs.twimg.com/media/FMZkAnAWQAYCR81.jpg", "display_url": "pic.twitter.com/Used62N8nb", "expanded_url": "https://twitter.com/AFPespanol/status/1496993944139440135/photo/1", "media_url_https": "https://pbs.twimg.com/media/FMZkAnAWQAYCR81.jpg"}], "symbols": [], "hashtags": [{"text": "\u00daLTIMAHORA", "indices": [0, 11]}, {"text": "AFP", "indices": [273, 277]}], "user_mentions": []}, "full_text": "#\u00daLTIMAHORA \"Nos han dejado solos para defender nuestro Estado (...) \u00bfQui\u00e9n est\u00e1 dispuesto a combatir con nosotros? No veo a nadie. \u00bfQui\u00e9n est\u00e1 listo a dar a Ucrania la garant\u00eda de adhesi\u00f3n a la OTAN? Todo el mundo tiene miedo\", lamenta el presidente ucraniano V. Zelenski #AFP https://t.co/Used62N8nb", "extended_entities": {"media": [{"id": 1496993874140712960, "url": "https://t.co/Used62N8nb", "type": "photo", "sizes": {"large": {"h": 256, "w": 507, "resize": "fit"}, "small": {"h": 256, "w": 507, "resize": "fit"}, "thumb": {"h": 150, "w": 150, "resize": "crop"}, "medium": {"h": 256, "w": 507, "resize": "fit"}}, "id_str": "1496993874140712960", "indices": [278, 301], "media_url": "http://pbs.twimg.com/media/FMZj_0MX0AAB4hz.png", "display_url": "pic.twitter.com/Used62N8nb", "expanded_url": "https://twitter.com/AFPespanol/status/1496993944139440135/photo/1", "media_url_https": "https://pbs.twimg.com/media/FMZj_0MX0AAB4hz.png"}, {"id": 1496993887780487174, "url": "https://t.co/Used62N8nb", "type": "photo", "sizes": {"large": {"h": 630, "w": 1000, "resize": "fit"}, "small": {"h": 428, "w": 680, "resize": "fit"}, "thumb": {"h": 150, "w": 150, "resize": "crop"}, "medium": {"h": 630, "w": 1000, "resize": "fit"}}, "id_str": "1496993887780487174", "indices": [278, 301], "media_url": "http://pbs.twimg.com/media/FMZkAnAWQAYCR81.jpg", "display_url": "pic.twitter.com/Used62N8nb", "expanded_url": "https://twitter.com/AFPespanol/status/1496993944139440135/photo/1", "media_url_https": "https://pbs.twimg.com/media/FMZkAnAWQAYCR81.jpg"}]}, "display_text_range": [0, 277]}, "favorite_count": 28834, "is_quote_status": false, "display_text_range": [0, 140], "possibly_sensitive": false, "in_reply_to_user_id": null, "in_reply_to_status_id": null, "in_reply_to_screen_name": null, "in_reply_to_user_id_str": null, "in_reply_to_status_id_str": null}, "retweet_count": 0, "favorite_count": 0, "is_quote_status": true, "quoted_status_id": 1496993944139440135, "retweeted_status": {"id": 1497059785547534338, "geo": null, "lang": "es", "text": "Hoy los ucranianos y el Pdte. @ZelenskyyUa resisten a la barbarie del totalitarismo, en nombre de la libertad y la\u2026 https://t.co/1nk5JWIBml", "user": {"id": 39176902, "url": "https://youtube.com/channel/UCbSDz7_rVKXjZ9fRON16apQ", "lang": null, "name": "Juan Guaid\u00f3", "id_str": "39176902", "location": "Vargas", "verified": true, "following": null, "protected": false, "time_zone": null, "created_at": "Mon May 11 02:59:20 +0000 2009", "utc_offset": null, "description": "Servidor P\u00fablico, Presidente (E) de la Rep\u00fablica Bolivariana de Venezuela y la @AsambleaVe, apegado a los Art. 233/333 CRBV. Ingeniero. En todo amar y servir", "geo_enabled": true, "screen_name": "jguaido", "listed_count": 3284, "friends_count": 2867, "is_translator": false, "notifications": null, "statuses_count": 48062, "default_profile": true, "followers_count": 2648735, "translator_type": "none", "favourites_count": 35163, "profile_image_url": "http://pbs.twimg.com/profile_images/1253171841348370439/fLveV1IQ_normal.jpg", "profile_banner_url": "https://pbs.twimg.com/profile_banners/39176902/1587661135", "profile_link_color": "1DA1F2", "profile_text_color": "333333", "follow_request_sent": null, "contributors_enabled": false, "default_profile_image": false, "withheld_in_countries": [], "profile_background_tile": false, "profile_image_url_https": "https://pbs.twimg.com/profile_images/1253171841348370439/fLveV1IQ_normal.jpg", "profile_background_color": "C0DEED", "profile_sidebar_fill_color": "DDEEF6", "profile_background_image_url": "http://abs.twimg.com/images/themes/theme1/bg.png", "profile_sidebar_border_color": "C0DEED", "profile_use_background_image": true, "profile_background_image_url_https": "https://abs.twimg.com/images/themes/theme1/bg.png"}, "place": null, "id_str": "1497059785547534338", "source": "<a href=\"http://twitter.com/#!/download/ipad\" rel=\"nofollow\">Twitter for iPad</a>", "entities": {"urls": [{"url": "https://t.co/1nk5JWIBml", "indices": [116, 139], "display_url": "twitter.com/i/web/status/1\u2026", "expanded_url": "https://twitter.com/i/web/status/1497059785547534338"}], "symbols": [], "hashtags": [], "user_mentions": [{"id": 1120633726478823425, "name": "\u0412\u043e\u043b\u043e\u0434\u0438\u043c\u0438\u0440 \u0417\u0435\u043b\u0435\u043d\u0441\u044c\u043a\u0438\u0439", "id_str": "1120633726478823425", "indices": [30, 42], "screen_name": "ZelenskyyUa"}]}, "favorited": false, "retweeted": false, "truncated": true, "created_at": "Fri Feb 25 04:04:01 +0000 2022", "coordinates": null, "quote_count": 54, "reply_count": 196, "contributors": null, "filter_level": "low", "quoted_status": {"id": 1496993944139440135, "geo": null, "lang": "es", "text": "#\u00daLTIMAHORA \"Nos han dejado solos para defender nuestro Estado (...) \u00bfQui\u00e9n est\u00e1 dispuesto a combatir con nosotros?\u2026 https://t.co/bAIZVflYn8", "user": {"id": 851108442, "url": "http://www.afp.com/es", "lang": null, "name": "Agence France-Presse", "id_str": "851108442", "location": "Montevideo, Uruguay", "verified": true, "following": null, "protected": false, "time_zone": null, "created_at": "Fri Sep 28 14:00:14 +0000 2012", "utc_offset": null, "description": "Las noticias y las historias del mundo con el aporte de los periodistas de la AFP en 150 pa\u00edses. Tambi\u00e9n en Facebook: http://u.afp.com/AFPespanol", "geo_enabled": false, "screen_name": "AFPespanol", "listed_count": 5243, "friends_count": 983, "is_translator": false, "notifications": null, "statuses_count": 210544, "default_profile": false, "followers_count": 581465, "translator_type": "none", "favourites_count": 354, "profile_image_url": "http://pbs.twimg.com/profile_images/1272859011474481152/J3eS0fH9_normal.jpg", "profile_banner_url": "https://pbs.twimg.com/profile_banners/851108442/1606670390", "profile_link_color": "0084B4", "profile_text_color": "333333", "follow_request_sent": null, "contributors_enabled": false, "default_profile_image": false, "withheld_in_countries": [], "profile_background_tile": false, "profile_image_url_https": "https://pbs.twimg.com/profile_images/1272859011474481152/J3eS0fH9_normal.jpg", "profile_background_color": "C0DEED", "profile_sidebar_fill_color": "DDEEF6", "profile_background_image_url": "http://abs.twimg.com/images/themes/theme1/bg.png", "profile_sidebar_border_color": "FFFFFF", "profile_use_background_image": true, "profile_background_image_url_https": "https://abs.twimg.com/images/themes/theme1/bg.png"}, "place": null, "id_str": "1496993944139440135", "source": "<a href=\"https://about.twitter.com/products/tweetdeck\" rel=\"nofollow\">TweetDeck</a>", "entities": {"urls": [{"url": "https://t.co/bAIZVflYn8", "indices": [117, 140], "display_url": "twitter.com/i/web/status/1\u2026", "expanded_url": "https://twitter.com/i/web/status/1496993944139440135"}], "symbols": [], "hashtags": [{"text": "\u00daLTIMAHORA", "indices": [0, 11]}], "user_mentions": []}, "favorited": false, "retweeted": false, "truncated": true, "created_at": "Thu Feb 24 23:42:23 +0000 2022", "coordinates": null, "quote_count": 1973, "reply_count": 1681, "contributors": null, "filter_level": "low", "retweet_count": 13903, "extended_tweet": {"entities": {"urls": [], "media": [{"id": 1496993874140712960, "url": "https://t.co/Used62N8nb", "type": "photo", "sizes": {"large": {"h": 256, "w": 507, "resize": "fit"}, "small": {"h": 256, "w": 507, "resize": "fit"}, "thumb": {"h": 150, "w": 150, "resize": "crop"}, "medium": {"h": 256, "w": 507, "resize": "fit"}}, "id_str": "1496993874140712960", "indices": [278, 301], "media_url": "http://pbs.twimg.com/media/FMZj_0MX0AAB4hz.png", "display_url": "pic.twitter.com/Used62N8nb", "expanded_url": "https://twitter.com/AFPespanol/status/1496993944139440135/photo/1", "media_url_https": "https://pbs.twimg.com/media/FMZj_0MX0AAB4hz.png"}, {"id": 1496993887780487174, "url": "https://t.co/Used62N8nb", "type": "photo", "sizes": {"large": {"h": 630, "w": 1000, "resize": "fit"}, "small": {"h": 428, "w": 680, "resize": "fit"}, "thumb": {"h": 150, "w": 150, "resize": "crop"}, "medium": {"h": 630, "w": 1000, "resize": "fit"}}, "id_str": "1496993887780487174", "indices": [278, 301], "media_url": "http://pbs.twimg.com/media/FMZkAnAWQAYCR81.jpg", "display_url": "pic.twitter.com/Used62N8nb", "expanded_url": "https://twitter.com/AFPespanol/status/1496993944139440135/photo/1", "media_url_https": "https://pbs.twimg.com/media/FMZkAnAWQAYCR81.jpg"}], "symbols": [], "hashtags": [{"text": "\u00daLTIMAHORA", "indices": [0, 11]}, {"text": "AFP", "indices": [273, 277]}], "user_mentions": []}, "full_text": "#\u00daLTIMAHORA \"Nos han dejado solos para defender nuestro Estado (...) \u00bfQui\u00e9n est\u00e1 dispuesto a combatir con nosotros? No veo a nadie. \u00bfQui\u00e9n est\u00e1 listo a dar a Ucrania la garant\u00eda de adhesi\u00f3n a la OTAN? Todo el mundo tiene miedo\", lamenta el presidente ucraniano V. Zelenski #AFP https://t.co/Used62N8nb", "extended_entities": {"media": [{"id": 1496993874140712960, "url": "https://t.co/Used62N8nb", "type": "photo", "sizes": {"large": {"h": 256, "w": 507, "resize": "fit"}, "small": {"h": 256, "w": 507, "resize": "fit"}, "thumb": {"h": 150, "w": 150, "resize": "crop"}, "medium": {"h": 256, "w": 507, "resize": "fit"}}, "id_str": "1496993874140712960", "indices": [278, 301], "media_url": "http://pbs.twimg.com/media/FMZj_0MX0AAB4hz.png", "display_url": "pic.twitter.com/Used62N8nb", "expanded_url": "https://twitter.com/AFPespanol/status/1496993944139440135/photo/1", "media_url_https": "https://pbs.twimg.com/media/FMZj_0MX0AAB4hz.png"}, {"id": 1496993887780487174, "url": "https://t.co/Used62N8nb", "type": "photo", "sizes": {"large": {"h": 630, "w": 1000, "resize": "fit"}, "small": {"h": 428, "w": 680, "resize": "fit"}, "thumb": {"h": 150, "w": 150, "resize": "crop"}, "medium": {"h": 630, "w": 1000, "resize": "fit"}}, "id_str": "1496993887780487174", "indices": [278, 301], "media_url": "http://pbs.twimg.com/media/FMZkAnAWQAYCR81.jpg", "display_url": "pic.twitter.com/Used62N8nb", "expanded_url": "https://twitter.com/AFPespanol/status/1496993944139440135/photo/1", "media_url_https": "https://pbs.twimg.com/media/FMZkAnAWQAYCR81.jpg"}]}, "display_text_range": [0, 277]}, "favorite_count": 28834, "is_quote_status": false, "display_text_range": [0, 140], "possibly_sensitive": false, "in_reply_to_user_id": null, "in_reply_to_status_id": null, "in_reply_to_screen_name": null, "in_reply_to_user_id_str": null, "in_reply_to_status_id_str": null}, "retweet_count": 615, "extended_tweet": {"entities": {"urls": [], "symbols": [], "hashtags": [], "user_mentions": [{"id": 1120633726478823425, "name": "\u0412\u043e\u043b\u043e\u0434\u0438\u043c\u0438\u0440 \u0417\u0435\u043b\u0435\u043d\u0441\u044c\u043a\u0438\u0439", "id_str": "1120633726478823425", "indices": [30, 42], "screen_name": "ZelenskyyUa"}]}, "full_text": "Hoy los ucranianos y el Pdte. @ZelenskyyUa resisten a la barbarie del totalitarismo, en nombre de la libertad y la democracia. El mundo libre est\u00e1 en deuda con ellos.\n\nEst\u00e1 a prueba la eficiencia de los mecanismos multilaterales que re\u00fanen a las democracias para frenar el terror.", "display_text_range": [0, 280]}, "favorite_count": 967, "is_quote_status": true, "quoted_status_id": 1496993944139440135, "in_reply_to_user_id": null, "quoted_status_id_str": "1496993944139440135", "in_reply_to_status_id": null, "in_reply_to_screen_name": null, "in_reply_to_user_id_str": null, "quoted_status_permalink": {"url": "https://t.co/cXj5y8nYBC", "display": "twitter.com/afpespanol/sta\u2026", "expanded": "https://twitter.com/afpespanol/status/1496993944139440135"}, "in_reply_to_status_id_str": null}, "in_reply_to_user_id": null, "quoted_status_id_str": "1496993944139440135", "in_reply_to_status_id": null, "in_reply_to_screen_name": null, "in_reply_to_user_id_str": null, "quoted_status_permalink": {"url": "https://t.co/cXj5y8nYBC", "display": "twitter.com/afpespanol/sta\u2026", "expanded": "https://twitter.com/afpespanol/status/1496993944139440135"}, "in_reply_to_status_id_str": null}