{"id": 1469073864634286081, "geo": null, "lang": "es", "text": "RT @RosaMariaPaya: Es un honor integrar la delegaci\u00f3n oficial de Vzla en la #DemocracySummit. \nGracias Pte. @jguaido por la invitaci\u00f3n, pue\u2026", "user": {"id": 39176902, "url": "https://youtube.com/channel/UCbSDz7_rVKXjZ9fRON16apQ", "lang": null, "name": "Juan Guaid\u00f3", "id_str": "39176902", "location": "Vargas", "verified": true, "following": null, "protected": false, "time_zone": null, "created_at": "Mon May 11 02:59:20 +0000 2009", "utc_offset": null, "description": "Servidor P\u00fablico, Presidente (E) de la Rep\u00fablica Bolivariana de Venezuela y la @AsambleaVe, apegado a los Art. 233/333 CRBV. Ingeniero. En todo amar y servir", "geo_enabled": true, "screen_name": "jguaido", "listed_count": 3290, "friends_count": 2852, "is_translator": false, "notifications": null, "statuses_count": 47734, "default_profile": true, "followers_count": 2642753, "translator_type": "none", "favourites_count": 34015, "profile_image_url": "http://pbs.twimg.com/profile_images/1253171841348370439/fLveV1IQ_normal.jpg", "profile_banner_url": "https://pbs.twimg.com/profile_banners/39176902/1587661135", "profile_link_color": "1DA1F2", "profile_text_color": "333333", "follow_request_sent": null, "contributors_enabled": false, "default_profile_image": false, "withheld_in_countries": [], "profile_background_tile": false, "profile_image_url_https": "https://pbs.twimg.com/profile_images/1253171841348370439/fLveV1IQ_normal.jpg", "profile_background_color": "C0DEED", "profile_sidebar_fill_color": "DDEEF6", "profile_background_image_url": "http://abs.twimg.com/images/themes/theme1/bg.png", "profile_sidebar_border_color": "C0DEED", "profile_use_background_image": true, "profile_background_image_url_https": "https://abs.twimg.com/images/themes/theme1/bg.png"}, "place": null, "id_str": "1469073864634286081", "source": "<a href=\"http://twitter.com/download/iphone\" rel=\"nofollow\">Twitter for iPhone</a>", "entities": {"urls": [], "symbols": [], "hashtags": [{"text": "DemocracySummit", "indices": [76, 92]}], "user_mentions": [{"id": 720480098, "name": "Rosa Mar\u00eda Pay\u00e1 A.", "id_str": "720480098", "indices": [3, 17], "screen_name": "RosaMariaPaya"}, {"id": 39176902, "name": "Juan Guaid\u00f3", "id_str": "39176902", "indices": [108, 116], "screen_name": "jguaido"}]}, "favorited": false, "retweeted": false, "truncated": false, "created_at": "Thu Dec 09 22:37:58 +0000 2021", "coordinates": null, "quote_count": 0, "reply_count": 0, "contributors": null, "filter_level": "low", "timestamp_ms": "1639089478058", "quoted_status": {"id": 1468707576653266951, "geo": null, "lang": "es", "text": "Presidente (E) @jguaido anuncia delegaci\u00f3n del Gobierno Leg\u00edtimo que participar\u00e1 en la Cumbre de las Democracias qu\u2026 https://t.co/W0RxAJZmPR", "user": {"id": 1088178314953613313, "url": "https://bit.ly/3oRW58h", "lang": null, "name": "Centro de Comunicaci\u00f3n Nacional", "id_str": "1088178314953613313", "location": "Caracas, Venezuela", "verified": true, "following": null, "protected": false, "time_zone": null, "created_at": "Wed Jan 23 20:55:02 +0000 2019", "utc_offset": null, "description": "Cuenta Oficial de la Presidencia (E) de la Rep\u00fablica Bolivariana de Venezuela \ud83c\uddfb\ud83c\uddea", "geo_enabled": true, "screen_name": "Presidencia_VE", "listed_count": 760, "friends_count": 182, "is_translator": false, "notifications": null, "statuses_count": 37505, "default_profile": false, "followers_count": 445488, "translator_type": "none", "favourites_count": 200, "profile_image_url": "http://pbs.twimg.com/profile_images/1339952606861471747/IeTRF2Xv_normal.jpg", "profile_banner_url": "https://pbs.twimg.com/profile_banners/1088178314953613313/1556559529", "profile_link_color": "FAB81E", "profile_text_color": "000000", "follow_request_sent": null, "contributors_enabled": false, "default_profile_image": false, "withheld_in_countries": [], "profile_background_tile": false, "profile_image_url_https": "https://pbs.twimg.com/profile_images/1339952606861471747/IeTRF2Xv_normal.jpg", "profile_background_color": "000000", "profile_sidebar_fill_color": "000000", "profile_background_image_url": "http://abs.twimg.com/images/themes/theme1/bg.png", "profile_sidebar_border_color": "000000", "profile_use_background_image": false, "profile_background_image_url_https": "https://abs.twimg.com/images/themes/theme1/bg.png"}, "place": null, "id_str": "1468707576653266951", "source": "<a href=\"http://twitter.com/download/android\" rel=\"nofollow\">Twitter for Android</a>", "entities": {"urls": [{"url": "https://t.co/W0RxAJZmPR", "indices": [117, 140], "display_url": "twitter.com/i/web/status/1\u2026", "expanded_url": "https://twitter.com/i/web/status/1468707576653266951"}], "symbols": [], "hashtags": [], "user_mentions": [{"id": 39176902, "name": "Juan Guaid\u00f3", "id_str": "39176902", "indices": [15, 23], "screen_name": "jguaido"}]}, "favorited": false, "retweeted": false, "truncated": true, "created_at": "Wed Dec 08 22:22:28 +0000 2021", "coordinates": null, "quote_count": 15, "reply_count": 37, "contributors": null, "filter_level": "low", "retweet_count": 259, "extended_tweet": {"entities": {"urls": [{"url": "https://t.co/MVYZryCbE8", "indices": [217, 240], "display_url": "bit.ly/3DDLS6u", "expanded_url": "https://bit.ly/3DDLS6u"}], "symbols": [], "hashtags": [], "user_mentions": [{"id": 39176902, "name": "Juan Guaid\u00f3", "id_str": "39176902", "indices": [15, 23], "screen_name": "jguaido"}]}, "full_text": "Presidente (E) @jguaido anuncia delegaci\u00f3n del Gobierno Leg\u00edtimo que participar\u00e1 en la Cumbre de las Democracias que incluir\u00e1 a miembros de la sociedad civil de Venezuela y activistas democr\u00e1ticos de Cuba y Nicaragua https://t.co/MVYZryCbE8", "display_text_range": [0, 240]}, "favorite_count": 394, "is_quote_status": false, "possibly_sensitive": false, "in_reply_to_user_id": null, "in_reply_to_status_id": null, "in_reply_to_screen_name": null, "in_reply_to_user_id_str": null, "in_reply_to_status_id_str": null}, "retweet_count": 0, "favorite_count": 0, "is_quote_status": true, "quoted_status_id": 1468707576653266951, "retweeted_status": {"id": 1469059298311516166, "geo": null, "lang": "es", "text": "Es un honor integrar la delegaci\u00f3n oficial de Vzla en la #DemocracySummit. \nGracias Pte. @jguaido por la invitaci\u00f3n\u2026 https://t.co/AOcduYqjhK", "user": {"id": 720480098, "url": "http://www.cubadecide.org", "lang": null, "name": "Rosa Mar\u00eda Pay\u00e1 A.", "id_str": "720480098", "location": "\u00danete al CAMBIO por \ud83d\udc9a a LATAM", "verified": true, "following": null, "protected": false, "time_zone": null, "created_at": "Fri Jul 27 16:47:54 +0000 2012", "utc_offset": null, "description": "Cubana/ Fundadora @CubaDecide @JuventudLac FDP/ Trabajo para que Cuba sea el hogar de todos, por una sociedad libre y fraterna con igualdad de oportunidades\ud83c\udde8\ud83c\uddfa", "geo_enabled": true, "screen_name": "RosaMariaPaya", "listed_count": 395, "friends_count": 3311, "is_translator": false, "notifications": null, "statuses_count": 16473, "default_profile": false, "followers_count": 66070, "translator_type": "regular", "favourites_count": 31929, "profile_image_url": "http://pbs.twimg.com/profile_images/625365206345089024/yb1shl4q_normal.jpg", "profile_banner_url": "https://pbs.twimg.com/profile_banners/720480098/1636065613", "profile_link_color": "E61F68", "profile_text_color": "333333", "follow_request_sent": null, "contributors_enabled": false, "default_profile_image": false, "withheld_in_countries": [], "profile_background_tile": true, "profile_image_url_https": "https://pbs.twimg.com/profile_images/625365206345089024/yb1shl4q_normal.jpg", "profile_background_color": "F7F9F5", "profile_sidebar_fill_color": "DDEEF6", "profile_background_image_url": "http://abs.twimg.com/images/themes/theme1/bg.png", "profile_sidebar_border_color": "000000", "profile_use_background_image": true, "profile_background_image_url_https": "https://abs.twimg.com/images/themes/theme1/bg.png"}, "place": null, "id_str": "1469059298311516166", "source": "<a href=\"http://twitter.com/download/iphone\" rel=\"nofollow\">Twitter for iPhone</a>", "entities": {"urls": [{"url": "https://t.co/AOcduYqjhK", "indices": [117, 140], "display_url": "twitter.com/i/web/status/1\u2026", "expanded_url": "https://twitter.com/i/web/status/1469059298311516166"}], "symbols": [], "hashtags": [{"text": "DemocracySummit", "indices": [57, 73]}], "user_mentions": [{"id": 39176902, "name": "Juan Guaid\u00f3", "id_str": "39176902", "indices": [89, 97], "screen_name": "jguaido"}]}, "favorited": false, "retweeted": false, "truncated": true, "created_at": "Thu Dec 09 21:40:05 +0000 2021", "coordinates": null, "quote_count": 0, "reply_count": 1, "contributors": null, "filter_level": "low", "quoted_status": {"id": 1468707576653266951, "geo": null, "lang": "es", "text": "Presidente (E) @jguaido anuncia delegaci\u00f3n del Gobierno Leg\u00edtimo que participar\u00e1 en la Cumbre de las Democracias qu\u2026 https://t.co/W0RxAJZmPR", "user": {"id": 1088178314953613313, "url": "https://bit.ly/3oRW58h", "lang": null, "name": "Centro de Comunicaci\u00f3n Nacional", "id_str": "1088178314953613313", "location": "Caracas, Venezuela", "verified": true, "following": null, "protected": false, "time_zone": null, "created_at": "Wed Jan 23 20:55:02 +0000 2019", "utc_offset": null, "description": "Cuenta Oficial de la Presidencia (E) de la Rep\u00fablica Bolivariana de Venezuela \ud83c\uddfb\ud83c\uddea", "geo_enabled": true, "screen_name": "Presidencia_VE", "listed_count": 760, "friends_count": 182, "is_translator": false, "notifications": null, "statuses_count": 37505, "default_profile": false, "followers_count": 445488, "translator_type": "none", "favourites_count": 200, "profile_image_url": "http://pbs.twimg.com/profile_images/1339952606861471747/IeTRF2Xv_normal.jpg", "profile_banner_url": "https://pbs.twimg.com/profile_banners/1088178314953613313/1556559529", "profile_link_color": "FAB81E", "profile_text_color": "000000", "follow_request_sent": null, "contributors_enabled": false, "default_profile_image": false, "withheld_in_countries": [], "profile_background_tile": false, "profile_image_url_https": "https://pbs.twimg.com/profile_images/1339952606861471747/IeTRF2Xv_normal.jpg", "profile_background_color": "000000", "profile_sidebar_fill_color": "000000", "profile_background_image_url": "http://abs.twimg.com/images/themes/theme1/bg.png", "profile_sidebar_border_color": "000000", "profile_use_background_image": false, "profile_background_image_url_https": "https://abs.twimg.com/images/themes/theme1/bg.png"}, "place": null, "id_str": "1468707576653266951", "source": "<a href=\"http://twitter.com/download/android\" rel=\"nofollow\">Twitter for Android</a>", "entities": {"urls": [{"url": "https://t.co/W0RxAJZmPR", "indices": [117, 140], "display_url": "twitter.com/i/web/status/1\u2026", "expanded_url": "https://twitter.com/i/web/status/1468707576653266951"}], "symbols": [], "hashtags": [], "user_mentions": [{"id": 39176902, "name": "Juan Guaid\u00f3", "id_str": "39176902", "indices": [15, 23], "screen_name": "jguaido"}]}, "favorited": false, "retweeted": false, "truncated": true, "created_at": "Wed Dec 08 22:22:28 +0000 2021", "coordinates": null, "quote_count": 15, "reply_count": 37, "contributors": null, "filter_level": "low", "retweet_count": 259, "extended_tweet": {"entities": {"urls": [{"url": "https://t.co/MVYZryCbE8", "indices": [217, 240], "display_url": "bit.ly/3DDLS6u", "expanded_url": "https://bit.ly/3DDLS6u"}], "symbols": [], "hashtags": [], "user_mentions": [{"id": 39176902, "name": "Juan Guaid\u00f3", "id_str": "39176902", "indices": [15, 23], "screen_name": "jguaido"}]}, "full_text": "Presidente (E) @jguaido anuncia delegaci\u00f3n del Gobierno Leg\u00edtimo que participar\u00e1 en la Cumbre de las Democracias que incluir\u00e1 a miembros de la sociedad civil de Venezuela y activistas democr\u00e1ticos de Cuba y Nicaragua https://t.co/MVYZryCbE8", "display_text_range": [0, 240]}, "favorite_count": 394, "is_quote_status": false, "possibly_sensitive": false, "in_reply_to_user_id": null, "in_reply_to_status_id": null, "in_reply_to_screen_name": null, "in_reply_to_user_id_str": null, "in_reply_to_status_id_str": null}, "retweet_count": 16, "extended_tweet": {"entities": {"urls": [], "media": [{"id": 1469059295249580036, "url": "https://t.co/gBsG6hECCj", "type": "photo", "sizes": {"large": {"h": 782, "w": 782, "resize": "fit"}, "small": {"h": 680, "w": 680, "resize": "fit"}, "thumb": {"h": 150, "w": 150, "resize": "crop"}, "medium": {"h": 782, "w": 782, "resize": "fit"}}, "id_str": "1469059295249580036", "indices": [275, 298], "media_url": "http://pbs.twimg.com/media/FGMlpUdWQAQz3vD.jpg", "display_url": "pic.twitter.com/gBsG6hECCj", "expanded_url": "https://twitter.com/RosaMariaPaya/status/1469059298311516166/photo/1", "media_url_https": "https://pbs.twimg.com/media/FGMlpUdWQAQz3vD.jpg"}, {"id": 1469059295245484037, "url": "https://t.co/gBsG6hECCj", "type": "photo", "sizes": {"large": {"h": 539, "w": 791, "resize": "fit"}, "small": {"h": 463, "w": 680, "resize": "fit"}, "thumb": {"h": 150, "w": 150, "resize": "crop"}, "medium": {"h": 539, "w": 791, "resize": "fit"}}, "id_str": "1469059295245484037", "indices": [275, 298], "media_url": "http://pbs.twimg.com/media/FGMlpUcXwAUo597.jpg", "display_url": "pic.twitter.com/gBsG6hECCj", "expanded_url": "https://twitter.com/RosaMariaPaya/status/1469059298311516166/photo/1", "media_url_https": "https://pbs.twimg.com/media/FGMlpUcXwAUo597.jpg"}], "symbols": [], "hashtags": [{"text": "DemocracySummit", "indices": [57, 73]}, {"text": "Cuba", "indices": [217, 222]}, {"text": "LiberenLosPresosPol\u00edticos", "indices": [233, 259]}, {"text": "SOSCuba", "indices": [260, 268]}], "user_mentions": [{"id": 39176902, "name": "Juan Guaid\u00f3", "id_str": "39176902", "indices": [89, 97], "screen_name": "jguaido"}]}, "full_text": "Es un honor integrar la delegaci\u00f3n oficial de Vzla en la #DemocracySummit. \nGracias Pte. @jguaido por la invitaci\u00f3n, pues la causa de la democracia en Venezuela y Nicaragua es una misma con la causa de la libertad de #Cuba\ud83c\udde8\ud83c\uddfa \ud83c\uddfb\ud83c\uddea \ud83c\uddf3\ud83c\uddee \n\n#LiberenLosPresosPol\u00edticos\n#SOSCuba\n1/n\ud83e\uddf5\ud83d\udc47 https://t.co/gBsG6hECCj", "extended_entities": {"media": [{"id": 1469059295249580036, "url": "https://t.co/gBsG6hECCj", "type": "photo", "sizes": {"large": {"h": 782, "w": 782, "resize": "fit"}, "small": {"h": 680, "w": 680, "resize": "fit"}, "thumb": {"h": 150, "w": 150, "resize": "crop"}, "medium": {"h": 782, "w": 782, "resize": "fit"}}, "id_str": "1469059295249580036", "indices": [275, 298], "media_url": "http://pbs.twimg.com/media/FGMlpUdWQAQz3vD.jpg", "display_url": "pic.twitter.com/gBsG6hECCj", "expanded_url": "https://twitter.com/RosaMariaPaya/status/1469059298311516166/photo/1", "media_url_https": "https://pbs.twimg.com/media/FGMlpUdWQAQz3vD.jpg"}, {"id": 1469059295245484037, "url": "https://t.co/gBsG6hECCj", "type": "photo", "sizes": {"large": {"h": 539, "w": 791, "resize": "fit"}, "small": {"h": 463, "w": 680, "resize": "fit"}, "thumb": {"h": 150, "w": 150, "resize": "crop"}, "medium": {"h": 539, "w": 791, "resize": "fit"}}, "id_str": "1469059295245484037", "indices": [275, 298], "media_url": "http://pbs.twimg.com/media/FGMlpUcXwAUo597.jpg", "display_url": "pic.twitter.com/gBsG6hECCj", "expanded_url": "https://twitter.com/RosaMariaPaya/status/1469059298311516166/photo/1", "media_url_https": "https://pbs.twimg.com/media/FGMlpUcXwAUo597.jpg"}]}, "display_text_range": [0, 274]}, "favorite_count": 20, "is_quote_status": true, "quoted_status_id": 1468707576653266951, "display_text_range": [0, 140], "possibly_sensitive": false, "in_reply_to_user_id": null, "quoted_status_id_str": "1468707576653266951", "in_reply_to_status_id": null, "in_reply_to_screen_name": null, "in_reply_to_user_id_str": null, "quoted_status_permalink": {"url": "https://t.co/NEpstHKYjO", "display": "twitter.com/presidencia_ve\u2026", "expanded": "https://twitter.com/presidencia_ve/status/1468707576653266951"}, "in_reply_to_status_id_str": null}, "in_reply_to_user_id": null, "quoted_status_id_str": "1468707576653266951", "in_reply_to_status_id": null, "in_reply_to_screen_name": null, "in_reply_to_user_id_str": null, "quoted_status_permalink": {"url": "https://t.co/NEpstHKYjO", "display": "twitter.com/presidencia_ve\u2026", "expanded": "https://twitter.com/presidencia_ve/status/1468707576653266951"}, "in_reply_to_status_id_str": null}