{"id": 1459952364102815748, "geo": null, "lang": "es", "text": "\u201cPorque el cubano lleva demasiado tiempo en silencio y es hora de que pueda abrir la boca para decir con libertad l\u2026 https://t.co/0Y5rFtYmDr", "user": {"id": 39176902, "url": "https://youtube.com/channel/UCbSDz7_rVKXjZ9fRON16apQ", "lang": null, "name": "Juan Guaid\u00f3", "id_str": "39176902", "location": "Vargas", "verified": true, "following": null, "protected": false, "time_zone": null, "created_at": "Mon May 11 02:59:20 +0000 2009", "utc_offset": null, "description": "Servidor P\u00fablico, Presidente (E) de la Rep\u00fablica Bolivariana de Venezuela y la @AsambleaVe, apegado a los Art. 233/333 CRBV. Ingeniero. En todo amar y servir", "geo_enabled": true, "screen_name": "jguaido", "listed_count": 3290, "friends_count": 2853, "is_translator": false, "notifications": null, "statuses_count": 47621, "default_profile": true, "followers_count": 2637950, "translator_type": "none", "favourites_count": 33560, "profile_image_url": "http://pbs.twimg.com/profile_images/1253171841348370439/fLveV1IQ_normal.jpg", "profile_banner_url": "https://pbs.twimg.com/profile_banners/39176902/1587661135", "profile_link_color": "1DA1F2", "profile_text_color": "333333", "follow_request_sent": null, "contributors_enabled": false, "default_profile_image": false, "withheld_in_countries": [], "profile_background_tile": false, "profile_image_url_https": "https://pbs.twimg.com/profile_images/1253171841348370439/fLveV1IQ_normal.jpg", "profile_background_color": "C0DEED", "profile_sidebar_fill_color": "DDEEF6", "profile_background_image_url": "http://abs.twimg.com/images/themes/theme1/bg.png", "profile_sidebar_border_color": "C0DEED", "profile_use_background_image": true, "profile_background_image_url_https": "https://abs.twimg.com/images/themes/theme1/bg.png"}, "place": null, "id_str": "1459952364102815748", "source": "<a href=\"http://twitter.com/download/iphone\" rel=\"nofollow\">Twitter for iPhone</a>", "entities": {"urls": [{"url": "https://t.co/0Y5rFtYmDr", "indices": [117, 140], "display_url": "twitter.com/i/web/status/1\u2026", "expanded_url": "https://twitter.com/i/web/status/1459952364102815748"}], "symbols": [], "hashtags": [], "user_mentions": []}, "favorited": false, "retweeted": false, "truncated": true, "created_at": "Sun Nov 14 18:32:22 +0000 2021", "coordinates": null, "quote_count": 0, "reply_count": 0, "contributors": null, "filter_level": "low", "timestamp_ms": "1636914742862", "quoted_status": {"id": 1459908717605003266, "geo": null, "lang": "es", "text": "#\u00daLTIMAHORA El dirigente opositor Yunior Garc\u00eda denunci\u00f3 que agentes del r\u00e9gimen cubano rodearon su casa y expulsar\u2026 https://t.co/bSAEC0w6GG", "user": {"id": 1253485143156817925, "url": "http://bitlymonitor.com", "lang": null, "name": "Monitoreamos", "id_str": "1253485143156817925", "location": null, "verified": true, "following": null, "protected": false, "time_zone": null, "created_at": "Fri Apr 24 00:45:29 +0000 2020", "utc_offset": null, "description": "Las noticias de lo que est\u00e1 pasando en Venezuela y la regi\u00f3n.\n\nhttp://monitoreamos.com\nredaccionmonitoreamos@gmail.com", "geo_enabled": false, "screen_name": "monitoreamos", "listed_count": 137, "friends_count": 0, "is_translator": false, "notifications": null, "statuses_count": 27796, "default_profile": true, "followers_count": 30126, "translator_type": "none", "favourites_count": 1, "profile_image_url": "http://pbs.twimg.com/profile_images/1410616996597694476/SsE55puo_normal.jpg", "profile_banner_url": "https://pbs.twimg.com/profile_banners/1253485143156817925/1625153303", "profile_link_color": "1DA1F2", "profile_text_color": "333333", "follow_request_sent": null, "contributors_enabled": false, "default_profile_image": false, "withheld_in_countries": [], "profile_background_tile": false, "profile_image_url_https": "https://pbs.twimg.com/profile_images/1410616996597694476/SsE55puo_normal.jpg", "profile_background_color": "F5F8FA", "profile_sidebar_fill_color": "DDEEF6", "profile_background_image_url": "", "profile_sidebar_border_color": "C0DEED", "profile_use_background_image": true, "profile_background_image_url_https": ""}, "place": null, "id_str": "1459908717605003266", "source": "<a href=\"https://about.twitter.com/products/tweetdeck\" rel=\"nofollow\">TweetDeck</a>", "entities": {"urls": [{"url": "https://t.co/bSAEC0w6GG", "indices": [117, 140], "display_url": "twitter.com/i/web/status/1\u2026", "expanded_url": "https://twitter.com/i/web/status/1459908717605003266"}], "symbols": [], "hashtags": [{"text": "\u00daLTIMAHORA", "indices": [0, 11]}], "user_mentions": []}, "favorited": false, "retweeted": false, "truncated": true, "created_at": "Sun Nov 14 15:38:56 +0000 2021", "coordinates": null, "quote_count": 1, "reply_count": 0, "contributors": null, "filter_level": "low", "retweet_count": 74, "extended_tweet": {"entities": {"urls": [{"url": "https://t.co/gXltl3XMIW", "indices": [189, 212], "display_url": "bit.ly/3kVRu5F", "expanded_url": "https://bit.ly/3kVRu5F"}], "media": [{"id": 1459908649728544768, "url": "https://t.co/DXUPaKxyVY", "type": "video", "sizes": {"large": {"h": 640, "w": 360, "resize": "fit"}, "small": {"h": 640, "w": 360, "resize": "fit"}, "thumb": {"h": 150, "w": 150, "resize": "crop"}, "medium": {"h": 640, "w": 360, "resize": "fit"}}, "id_str": "1459908649728544768", "indices": [213, 236], "media_url": "http://pbs.twimg.com/ext_tw_video_thumb/1459908649728544768/pu/img/6Lcp4NKLrrV_8xeG.jpg", "video_info": {"variants": [{"url": "https://video.twimg.com/ext_tw_video/1459908649728544768/pu/vid/320x568/f9expJ0Ay_xPeIUS.mp4?tag=12", "bitrate": 632000, "content_type": "video/mp4"}, {"url": "https://video.twimg.com/ext_tw_video/1459908649728544768/pu/vid/360x640/-0rP0JiOhGNq4zVK.mp4?tag=12", "bitrate": 950000, "content_type": "video/mp4"}, {"url": "https://video.twimg.com/ext_tw_video/1459908649728544768/pu/pl/2-c1OSv0hxA7jatH.m3u8?tag=12", "content_type": "application/x-mpegURL"}], "aspect_ratio": [9, 16], "duration_millis": 135364}, "display_url": "pic.twitter.com/DXUPaKxyVY", "expanded_url": "https://twitter.com/monitoreamos/status/1459908717605003266/video/1", "media_url_https": "https://pbs.twimg.com/ext_tw_video_thumb/1459908649728544768/pu/img/6Lcp4NKLrrV_8xeG.jpg", "additional_media_info": {"monetizable": false}}], "symbols": [], "hashtags": [{"text": "\u00daLTIMAHORA", "indices": [0, 11]}, {"text": "15NCuba", "indices": [180, 188]}], "user_mentions": []}, "full_text": "#\u00daLTIMAHORA El dirigente opositor Yunior Garc\u00eda denunci\u00f3 que agentes del r\u00e9gimen cubano rodearon su casa y expulsaron a periodistas que esperaban para cubrir su caminata previa al #15NCuba https://t.co/gXltl3XMIW https://t.co/DXUPaKxyVY", "extended_entities": {"media": [{"id": 1459908649728544768, "url": "https://t.co/DXUPaKxyVY", "type": "video", "sizes": {"large": {"h": 640, "w": 360, "resize": "fit"}, "small": {"h": 640, "w": 360, "resize": "fit"}, "thumb": {"h": 150, "w": 150, "resize": "crop"}, "medium": {"h": 640, "w": 360, "resize": "fit"}}, "id_str": "1459908649728544768", "indices": [213, 236], "media_url": "http://pbs.twimg.com/ext_tw_video_thumb/1459908649728544768/pu/img/6Lcp4NKLrrV_8xeG.jpg", "video_info": {"variants": [{"url": "https://video.twimg.com/ext_tw_video/1459908649728544768/pu/vid/320x568/f9expJ0Ay_xPeIUS.mp4?tag=12", "bitrate": 632000, "content_type": "video/mp4"}, {"url": "https://video.twimg.com/ext_tw_video/1459908649728544768/pu/vid/360x640/-0rP0JiOhGNq4zVK.mp4?tag=12", "bitrate": 950000, "content_type": "video/mp4"}, {"url": "https://video.twimg.com/ext_tw_video/1459908649728544768/pu/pl/2-c1OSv0hxA7jatH.m3u8?tag=12", "content_type": "application/x-mpegURL"}], "aspect_ratio": [9, 16], "duration_millis": 135364}, "display_url": "pic.twitter.com/DXUPaKxyVY", "expanded_url": "https://twitter.com/monitoreamos/status/1459908717605003266/video/1", "media_url_https": "https://pbs.twimg.com/ext_tw_video_thumb/1459908649728544768/pu/img/6Lcp4NKLrrV_8xeG.jpg", "additional_media_info": {"monetizable": false}}]}, "display_text_range": [0, 212]}, "favorite_count": 60, "is_quote_status": false, "display_text_range": [0, 140], "possibly_sensitive": false, "in_reply_to_user_id": null, "in_reply_to_status_id": null, "in_reply_to_screen_name": null, "in_reply_to_user_id_str": null, "in_reply_to_status_id_str": null}, "retweet_count": 0, "extended_tweet": {"entities": {"urls": [], "symbols": [], "hashtags": [{"text": "15NovCuba", "indices": [148, 158]}], "user_mentions": [{"id": 989976446826438662, "name": "Yunior Garc\u00eda Aguilera", "id_str": "989976446826438662", "indices": [129, 142], "screen_name": "yuniortrebol"}]}, "full_text": "\u201cPorque el cubano lleva demasiado tiempo en silencio y es hora de que pueda abrir la boca para decir con libertad lo que piensa\" @yuniortrebol \n\nEl #15NovCuba le dir\u00e1 a las dictaduras del mundo que no hay miedo que logre silenciar a un pueblo que lucha por libertad.", "display_text_range": [0, 266]}, "favorite_count": 0, "is_quote_status": true, "quoted_status_id": 1459908717605003266, "in_reply_to_user_id": null, "quoted_status_id_str": "1459908717605003266", "in_reply_to_status_id": null, "in_reply_to_screen_name": null, "in_reply_to_user_id_str": null, "quoted_status_permalink": {"url": "https://t.co/CBufmgaodI", "display": "twitter.com/monitoreamos/s\u2026", "expanded": "https://twitter.com/monitoreamos/status/1459908717605003266"}, "in_reply_to_status_id_str": null}