{"id": 1441939178476867584, "geo": null, "lang": "es", "text": "RT @AsambleaVE: Nos unimos al duelo de la familia Guaid\u00f3 ante la dolorosa y lamentable partida del t\u00edo del Presidente (E) y de la #Asamblea\u2026", "user": {"id": 39176902, "url": "https://youtube.com/channel/UCbSDz7_rVKXjZ9fRON16apQ", "lang": null, "name": "Juan Guaid\u00f3", "id_str": "39176902", "location": "Vargas", "verified": true, "following": null, "protected": false, "time_zone": null, "created_at": "Mon May 11 02:59:20 +0000 2009", "utc_offset": null, "description": "Servidor P\u00fablico, Presidente (E) de la Rep\u00fablica Bolivariana de Venezuela y la @AsambleaVe, apegado a los Art. 233/333 CRBV. Ingeniero. En todo amar y servir", "geo_enabled": true, "screen_name": "jguaido", "listed_count": 3291, "friends_count": 2838, "is_translator": false, "notifications": null, "statuses_count": 47328, "default_profile": true, "followers_count": 2634243, "translator_type": "none", "favourites_count": 32442, "profile_image_url": "http://pbs.twimg.com/profile_images/1253171841348370439/fLveV1IQ_normal.jpg", "profile_banner_url": "https://pbs.twimg.com/profile_banners/39176902/1587661135", "profile_link_color": "1DA1F2", "profile_text_color": "333333", "follow_request_sent": null, "contributors_enabled": false, "default_profile_image": false, "withheld_in_countries": [], "profile_background_tile": false, "profile_image_url_https": "https://pbs.twimg.com/profile_images/1253171841348370439/fLveV1IQ_normal.jpg", "profile_background_color": "C0DEED", "profile_sidebar_fill_color": "DDEEF6", "profile_background_image_url": "http://abs.twimg.com/images/themes/theme1/bg.png", "profile_sidebar_border_color": "C0DEED", "profile_use_background_image": true, "profile_background_image_url_https": "https://abs.twimg.com/images/themes/theme1/bg.png"}, "place": null, "id_str": "1441939178476867584", "source": "<a href=\"http://twitter.com/download/iphone\" rel=\"nofollow\">Twitter for iPhone</a>", "entities": {"urls": [], "symbols": [], "hashtags": [], "user_mentions": [{"id": 4744395743, "name": "Asamblea Nacional", "id_str": "4744395743", "indices": [3, 14], "screen_name": "AsambleaVE"}]}, "favorited": false, "retweeted": false, "truncated": false, "created_at": "Sun Sep 26 01:34:24 +0000 2021", "coordinates": null, "quote_count": 0, "reply_count": 0, "contributors": null, "filter_level": "low", "timestamp_ms": "1632620064740", "retweet_count": 0, "favorite_count": 0, "is_quote_status": false, "retweeted_status": {"id": 1441936067347632137, "geo": null, "lang": "es", "text": "Nos unimos al duelo de la familia Guaid\u00f3 ante la dolorosa y lamentable partida del t\u00edo del Presidente (E) y de la\u2026 https://t.co/mL61nkPSnS", "user": {"id": 4744395743, "url": "http://www.asambleanacionalvenezuela.org", "lang": null, "name": "Asamblea Nacional", "id_str": "4744395743", "location": null, "verified": true, "following": null, "protected": false, "time_zone": null, "created_at": "Fri Jan 08 12:34:12 +0000 2016", "utc_offset": null, "description": "Cuenta oficial de la Asamblea Nacional de Venezuela Facebook: Asamblea Nacional de Venezuela Instagram: AsambleaVE", "geo_enabled": true, "screen_name": "AsambleaVE", "listed_count": 1914, "friends_count": 575, "is_translator": false, "notifications": null, "statuses_count": 88497, "default_profile": true, "followers_count": 1270929, "translator_type": "none", "favourites_count": 8416, "profile_image_url": "http://pbs.twimg.com/profile_images/1341016238466719744/3xCI0mGP_normal.jpg", "profile_banner_url": "https://pbs.twimg.com/profile_banners/4744395743/1580139068", "profile_link_color": "1DA1F2", "profile_text_color": "333333", "follow_request_sent": null, "contributors_enabled": false, "default_profile_image": false, "withheld_in_countries": [], "profile_background_tile": false, "profile_image_url_https": "https://pbs.twimg.com/profile_images/1341016238466719744/3xCI0mGP_normal.jpg", "profile_background_color": "F5F8FA", "profile_sidebar_fill_color": "DDEEF6", "profile_background_image_url": "", "profile_sidebar_border_color": "C0DEED", "profile_use_background_image": true, "profile_background_image_url_https": ""}, "place": null, "id_str": "1441936067347632137", "source": "<a href=\"http://twitter.com/download/android\" rel=\"nofollow\">Twitter for Android</a>", "entities": {"urls": [{"url": "https://t.co/mL61nkPSnS", "indices": [115, 138], "display_url": "twitter.com/i/web/status/1\u2026", "expanded_url": "https://twitter.com/i/web/status/1441936067347632137"}], "symbols": [], "hashtags": [], "user_mentions": []}, "favorited": false, "retweeted": false, "truncated": true, "created_at": "Sun Sep 26 01:22:02 +0000 2021", "coordinates": null, "quote_count": 0, "reply_count": 1, "contributors": null, "filter_level": "low", "retweet_count": 6, "extended_tweet": {"entities": {"urls": [], "media": [{"id": 1441936056681578497, "url": "https://t.co/bINmtueFNF", "type": "photo", "sizes": {"large": {"h": 1080, "w": 1080, "resize": "fit"}, "small": {"h": 680, "w": 680, "resize": "fit"}, "thumb": {"h": 150, "w": 150, "resize": "crop"}, "medium": {"h": 1080, "w": 1080, "resize": "fit"}}, "id_str": "1441936056681578497", "indices": [233, 256], "media_url": "http://pbs.twimg.com/media/FALJNC9VQAERADJ.jpg", "display_url": "pic.twitter.com/bINmtueFNF", "expanded_url": "https://twitter.com/AsambleaVE/status/1441936067347632137/photo/1", "media_url_https": "https://pbs.twimg.com/media/FALJNC9VQAERADJ.jpg"}], "symbols": [], "hashtags": [{"text": "AsambleaVe", "indices": [114, 125]}], "user_mentions": [{"id": 39176902, "name": "Juan Guaid\u00f3", "id_str": "39176902", "indices": [127, 135], "screen_name": "jguaido"}]}, "full_text": "Nos unimos al duelo de la familia Guaid\u00f3 ante la dolorosa y lamentable partida del t\u00edo del Presidente (E) y de la #AsambleaVe, @jguaido, Ezzard Guaid\u00f3.\n\nLas m\u00e1s sinceras palabras de aliento ante irreparable p\u00e9rdida.\n\n\u00a1Paz a su alma! https://t.co/bINmtueFNF", "extended_entities": {"media": [{"id": 1441936056681578497, "url": "https://t.co/bINmtueFNF", "type": "photo", "sizes": {"large": {"h": 1080, "w": 1080, "resize": "fit"}, "small": {"h": 680, "w": 680, "resize": "fit"}, "thumb": {"h": 150, "w": 150, "resize": "crop"}, "medium": {"h": 1080, "w": 1080, "resize": "fit"}}, "id_str": "1441936056681578497", "indices": [233, 256], "media_url": "http://pbs.twimg.com/media/FALJNC9VQAERADJ.jpg", "display_url": "pic.twitter.com/bINmtueFNF", "expanded_url": "https://twitter.com/AsambleaVE/status/1441936067347632137/photo/1", "media_url_https": "https://pbs.twimg.com/media/FALJNC9VQAERADJ.jpg"}]}, "display_text_range": [0, 232]}, "favorite_count": 19, "is_quote_status": false, "display_text_range": [0, 140], "possibly_sensitive": false, "in_reply_to_user_id": null, "in_reply_to_status_id": null, "in_reply_to_screen_name": null, "in_reply_to_user_id_str": null, "in_reply_to_status_id_str": null}, "in_reply_to_user_id": null, "in_reply_to_status_id": null, "in_reply_to_screen_name": null, "in_reply_to_user_id_str": null, "in_reply_to_status_id_str": null}