{"id": 1441938931923050496, "geo": null, "lang": "es", "text": "Nuestra familia, c\u00f3mo la de la mayor\u00eda de venezolanos, en el exilio, pero unidos en oraci\u00f3n en este momento.\n\nMis p\u2026 https://t.co/K87qhuCcFD", "user": {"id": 39176902, "url": "https://youtube.com/channel/UCbSDz7_rVKXjZ9fRON16apQ", "lang": null, "name": "Juan Guaid\u00f3", "id_str": "39176902", "location": "Vargas", "verified": true, "following": null, "protected": false, "time_zone": null, "created_at": "Mon May 11 02:59:20 +0000 2009", "utc_offset": null, "description": "Servidor P\u00fablico, Presidente (E) de la Rep\u00fablica Bolivariana de Venezuela y la @AsambleaVe, apegado a los Art. 233/333 CRBV. Ingeniero. En todo amar y servir", "geo_enabled": true, "screen_name": "jguaido", "listed_count": 3291, "friends_count": 2838, "is_translator": false, "notifications": null, "statuses_count": 47328, "default_profile": true, "followers_count": 2634244, "translator_type": "none", "favourites_count": 32441, "profile_image_url": "http://pbs.twimg.com/profile_images/1253171841348370439/fLveV1IQ_normal.jpg", "profile_banner_url": "https://pbs.twimg.com/profile_banners/39176902/1587661135", "profile_link_color": "1DA1F2", "profile_text_color": "333333", "follow_request_sent": null, "contributors_enabled": false, "default_profile_image": false, "withheld_in_countries": [], "profile_background_tile": false, "profile_image_url_https": "https://pbs.twimg.com/profile_images/1253171841348370439/fLveV1IQ_normal.jpg", "profile_background_color": "C0DEED", "profile_sidebar_fill_color": "DDEEF6", "profile_background_image_url": "http://abs.twimg.com/images/themes/theme1/bg.png", "profile_sidebar_border_color": "C0DEED", "profile_use_background_image": true, "profile_background_image_url_https": "https://abs.twimg.com/images/themes/theme1/bg.png"}, "place": null, "id_str": "1441938931923050496", "source": "<a href=\"http://twitter.com/download/iphone\" rel=\"nofollow\">Twitter for iPhone</a>", "entities": {"urls": [{"url": "https://t.co/K87qhuCcFD", "indices": [117, 140], "display_url": "twitter.com/i/web/status/1\u2026", "expanded_url": "https://twitter.com/i/web/status/1441938931923050496"}], "symbols": [], "hashtags": [], "user_mentions": []}, "favorited": false, "retweeted": false, "truncated": true, "created_at": "Sun Sep 26 01:33:25 +0000 2021", "coordinates": null, "quote_count": 0, "reply_count": 0, "contributors": null, "filter_level": "low", "timestamp_ms": "1632620005957", "retweet_count": 0, "extended_tweet": {"entities": {"urls": [], "symbols": [], "hashtags": [], "user_mentions": []}, "full_text": "Nuestra familia, c\u00f3mo la de la mayor\u00eda de venezolanos, en el exilio, pero unidos en oraci\u00f3n en este momento.\n\nMis pensamientos con familiares y v\u00edctimas de esta dif\u00edcil enfermedad y con todos aquellos que no pudieron estar cerca para el \u00faltimo adi\u00f3s.\n\nPor todos, seguimos luchando", "display_text_range": [0, 280]}, "favorite_count": 0, "is_quote_status": false, "in_reply_to_user_id": 39176902, "in_reply_to_status_id": 1441938929859448837, "in_reply_to_screen_name": "jguaido", "in_reply_to_user_id_str": "39176902", "in_reply_to_status_id_str": "1441938929859448837"}