{"id": 1434506032747851782, "geo": null, "lang": "es", "text": "RT @williamsdavila: #Tovar @jguaido gracias comunidad jud\u00eda x su donativos, @padrekike @Arquimerida @bepocar x recibirlos en Seminario para\u2026", "user": {"id": 39176902, "url": "https://t.co/i4S8En3C9t", "lang": null, "name": "Juan Guaid\u00f3", "id_str": "39176902", "entities": {"url": {"urls": [{"url": "https://t.co/i4S8En3C9t", "indices": [0, 23], "display_url": "youtube.com/channel/UCbSDz\u2026", "expanded_url": "https://youtube.com/channel/UCbSDz7_rVKXjZ9fRON16apQ"}]}, "description": {"urls": []}}, "location": "Vargas", "verified": true, "following": true, "protected": false, "time_zone": null, "created_at": "Mon May 11 02:59:20 +0000 2009", "utc_offset": null, "description": "Servidor P\u00fablico, Presidente (E) de la Rep\u00fablica Bolivariana de Venezuela y la @AsambleaVe, apegado a los Art. 233/333 CRBV. Ingeniero. En todo amar y servir", "geo_enabled": true, "screen_name": "jguaido", "listed_count": 3285, "friends_count": 2847, "is_translator": false, "notifications": false, "statuses_count": 47449, "default_profile": true, "followers_count": 2636301, "translator_type": "none", "favourites_count": 32913, "profile_image_url": "http://pbs.twimg.com/profile_images/1253171841348370439/fLveV1IQ_normal.jpg", "profile_banner_url": "https://pbs.twimg.com/profile_banners/39176902/1587661135", "profile_link_color": "1DA1F2", "profile_text_color": "333333", "follow_request_sent": false, "contributors_enabled": false, "has_extended_profile": true, "default_profile_image": false, "withheld_in_countries": [], "is_translation_enabled": false, "profile_background_tile": false, "profile_image_url_https": "https://pbs.twimg.com/profile_images/1253171841348370439/fLveV1IQ_normal.jpg", "profile_background_color": "C0DEED", "profile_sidebar_fill_color": "DDEEF6", "profile_background_image_url": "http://abs.twimg.com/images/themes/theme1/bg.png", "profile_sidebar_border_color": "C0DEED", "profile_use_background_image": true, "profile_background_image_url_https": "https://abs.twimg.com/images/themes/theme1/bg.png"}, "place": null, "id_str": "1434506032747851782", "source": "<a href=\"http://twitter.com/download/iphone\" rel=\"nofollow\">Twitter for iPhone</a>", "entities": {"urls": [], "symbols": [], "hashtags": [{"text": "Tovar", "indices": [20, 26]}], "user_mentions": [{"id": 74924009, "name": "Williams D\u00e1vila", "id_str": "74924009", "indices": [3, 18], "screen_name": "williamsdavila"}, {"id": 39176902, "name": "Juan Guaid\u00f3", "id_str": "39176902", "indices": [27, 35], "screen_name": "jguaido"}, {"id": 176493744, "name": "enrique jos\u00e9 barbosa", "id_str": "176493744", "indices": [76, 86], "screen_name": "padrekike"}, {"id": 3442161136, "name": "Pastoral familiar", "id_str": "3442161136", "indices": [87, 99], "screen_name": "Arquimerida"}, {"id": 113656669, "name": "Cardenal Baltazar Porras", "id_str": "113656669", "indices": [100, 108], "screen_name": "bepocar"}]}, "favorited": false, "retweeted": false, "truncated": false, "created_at": "Sun Sep 05 13:17:44 +0000 2021", "coordinates": null, "contributors": null, "retweet_count": 160, "favorite_count": 0, "is_quote_status": false, "retweeted_status": {"id": 1434505330575224839, "geo": null, "lang": "es", "text": "#Tovar @jguaido gracias comunidad jud\u00eda x su donativos, @padrekike @Arquimerida @bepocar x recibirlos en Seminario\u2026 https://t.co/S1ipInKAKH", "user": {"id": 74924009, "url": "https://t.co/gmNBb0GeTp", "lang": null, "name": "Williams D\u00e1vila", "id_str": "74924009", "entities": {"url": {"urls": [{"url": "https://t.co/gmNBb0GeTp", "indices": [0, 23], "display_url": "facebook.com/dip.williamsda\u2026", "expanded_url": "http://www.facebook.com/dip.williamsdavila/"}]}, "description": {"urls": []}}, "location": "M\u00e9rida - Venezuela", "verified": true, "following": false, "protected": false, "time_zone": null, "created_at": "Thu Sep 17 03:38:21 +0000 2009", "utc_offset": null, "description": "Dip @AsambleaVE por el Edo. M\u00e9rida. Comisi\u00f3n Pol. Exterior-AN. Pdte Comisi\u00f3n de Defensa del Esequibo-AN. CEN AD. Pdte C Int Parlasur.Comision Delegada.", "geo_enabled": true, "screen_name": "williamsdavila", "listed_count": 711, "friends_count": 9887, "is_translator": false, "notifications": false, "statuses_count": 73212, "default_profile": false, "followers_count": 121387, "translator_type": "none", "favourites_count": 9642, "profile_image_url": "http://pbs.twimg.com/profile_images/1371203840205328388/DXdu9xgP_normal.jpg", "profile_banner_url": "https://pbs.twimg.com/profile_banners/74924009/1554624818", "profile_link_color": "0084B4", "profile_text_color": "333333", "follow_request_sent": false, "contributors_enabled": false, "has_extended_profile": true, "default_profile_image": false, "withheld_in_countries": [], "is_translation_enabled": false, "profile_background_tile": false, "profile_image_url_https": "https://pbs.twimg.com/profile_images/1371203840205328388/DXdu9xgP_normal.jpg", "profile_background_color": "C0DEED", "profile_sidebar_fill_color": "DDEEF6", "profile_background_image_url": "http://abs.twimg.com/images/themes/theme1/bg.png", "profile_sidebar_border_color": "C0DEED", "profile_use_background_image": true, "profile_background_image_url_https": "https://abs.twimg.com/images/themes/theme1/bg.png"}, "place": null, "id_str": "1434505330575224839", "source": "<a href=\"http://twitter.com/download/iphone\" rel=\"nofollow\">Twitter for iPhone</a>", "entities": {"urls": [{"url": "https://t.co/S1ipInKAKH", "indices": [116, 139], "display_url": "twitter.com/i/web/status/1\u2026", "expanded_url": "https://twitter.com/i/web/status/1434505330575224839"}], "symbols": [], "hashtags": [{"text": "Tovar", "indices": [0, 6]}], "user_mentions": [{"id": 39176902, "name": "Juan Guaid\u00f3", "id_str": "39176902", "indices": [7, 15], "screen_name": "jguaido"}, {"id": 176493744, "name": "enrique jos\u00e9 barbosa", "id_str": "176493744", "indices": [56, 66], "screen_name": "padrekike"}, {"id": 3442161136, "name": "Pastoral familiar", "id_str": "3442161136", "indices": [67, 79], "screen_name": "Arquimerida"}, {"id": 113656669, "name": "Cardenal Baltazar Porras", "id_str": "113656669", "indices": [80, 88], "screen_name": "bepocar"}]}, "favorited": false, "retweeted": false, "truncated": true, "created_at": "Sun Sep 05 13:14:57 +0000 2021", "coordinates": null, "contributors": null, "retweet_count": 160, "favorite_count": 298, "is_quote_status": false, "possibly_sensitive": false, "in_reply_to_user_id": null, "in_reply_to_status_id": null, "in_reply_to_screen_name": null, "in_reply_to_user_id_str": null, "in_reply_to_status_id_str": null}, "in_reply_to_user_id": null, "in_reply_to_status_id": null, "in_reply_to_screen_name": null, "in_reply_to_user_id_str": null, "in_reply_to_status_id_str": null}