{"id": 1425925436681474050, "geo": null, "lang": "es", "text": "RT @oliviaylozano: En nombre del pueblo de #Venezuela \ud83c\uddfb\ud83c\uddea y del Pdte., @jguaido, nuestro agradecimiento a usted estimado congresista @juanfl\u2026", "user": {"id": 39176902, "url": "https://t.co/i4S8En3C9t", "lang": null, "name": "Juan Guaid\u00f3", "id_str": "39176902", "entities": {"url": {"urls": [{"url": "https://t.co/i4S8En3C9t", "indices": [0, 23], "display_url": "youtube.com/channel/UCbSDz\u2026", "expanded_url": "https://youtube.com/channel/UCbSDz7_rVKXjZ9fRON16apQ"}]}, "description": {"urls": []}}, "location": "Vargas", "verified": true, "following": true, "protected": false, "time_zone": null, "created_at": "Mon May 11 02:59:20 +0000 2009", "utc_offset": null, "description": "Servidor P\u00fablico, Presidente (E) de la Rep\u00fablica Bolivariana de Venezuela y la @AsambleaVe, apegado a los Art. 233/333 CRBV. Ingeniero. En todo amar y servir", "geo_enabled": true, "screen_name": "jguaido", "listed_count": 3291, "friends_count": 2841, "is_translator": false, "notifications": false, "statuses_count": 47362, "default_profile": true, "followers_count": 2636011, "translator_type": "none", "favourites_count": 32667, "profile_image_url": "http://pbs.twimg.com/profile_images/1253171841348370439/fLveV1IQ_normal.jpg", "profile_banner_url": "https://pbs.twimg.com/profile_banners/39176902/1587661135", "profile_link_color": "1DA1F2", "profile_text_color": "333333", "follow_request_sent": false, "contributors_enabled": false, "has_extended_profile": true, "default_profile_image": false, "withheld_in_countries": [], "is_translation_enabled": false, "profile_background_tile": false, "profile_image_url_https": "https://pbs.twimg.com/profile_images/1253171841348370439/fLveV1IQ_normal.jpg", "profile_background_color": "C0DEED", "profile_sidebar_fill_color": "DDEEF6", "profile_background_image_url": "http://abs.twimg.com/images/themes/theme1/bg.png", "profile_sidebar_border_color": "C0DEED", "profile_use_background_image": true, "profile_background_image_url_https": "https://abs.twimg.com/images/themes/theme1/bg.png"}, "place": null, "id_str": "1425925436681474050", "source": "<a href=\"http://twitter.com/#!/download/ipad\" rel=\"nofollow\">Twitter for iPad</a>", "entities": {"urls": [], "symbols": [], "hashtags": [{"text": "Venezuela", "indices": [43, 53]}], "user_mentions": [{"id": 109591461, "name": "Olivia Lozano", "id_str": "109591461", "indices": [3, 17], "screen_name": "oliviaylozano"}, {"id": 39176902, "name": "Juan Guaid\u00f3", "id_str": "39176902", "indices": [70, 78], "screen_name": "jguaido"}]}, "favorited": false, "retweeted": false, "truncated": false, "created_at": "Thu Aug 12 21:01:31 +0000 2021", "coordinates": null, "contributors": null, "retweet_count": 59, "favorite_count": 0, "is_quote_status": true, "quoted_status_id": 1425814861343166471, "retweeted_status": {"id": 1425840137964072962, "geo": null, "lang": "es", "text": "En nombre del pueblo de #Venezuela \ud83c\uddfb\ud83c\uddea y del Pdte., @jguaido, nuestro agradecimiento a usted estimado congresista\u2026 https://t.co/yH9sKFYxPK", "user": {"id": 109591461, "url": null, "lang": null, "name": "Olivia Lozano", "id_str": "109591461", "entities": {"description": {"urls": []}}, "location": "Venezuela", "verified": false, "following": false, "protected": false, "time_zone": null, "created_at": "Fri Jan 29 15:47:11 +0000 2010", "utc_offset": null, "description": "Diputada @AsambleaVE por #Bol\u00edvar | Presidenta Comisi\u00f3n Pol\u00edtica Exterior AN Miembro Direcci\u00f3n Nacional @VoluntadPopular | Servidora P\u00fablica | #VenezuelaLibre", "geo_enabled": true, "screen_name": "oliviaylozano", "listed_count": 202, "friends_count": 2137, "is_translator": false, "notifications": false, "statuses_count": 30786, "default_profile": false, "followers_count": 21748, "translator_type": "none", "favourites_count": 8077, "profile_image_url": "http://pbs.twimg.com/profile_images/954208079771525120/vGWScs9A_normal.jpg", "profile_banner_url": "https://pbs.twimg.com/profile_banners/109591461/1559010603", "profile_link_color": "FA743E", "profile_text_color": "000000", "follow_request_sent": false, "contributors_enabled": false, "has_extended_profile": false, "default_profile_image": false, "withheld_in_countries": [], "is_translation_enabled": false, "profile_background_tile": false, "profile_image_url_https": "https://pbs.twimg.com/profile_images/954208079771525120/vGWScs9A_normal.jpg", "profile_background_color": "000000", "profile_sidebar_fill_color": "000000", "profile_background_image_url": "http://abs.twimg.com/images/themes/theme7/bg.gif", "profile_sidebar_border_color": "000000", "profile_use_background_image": false, "profile_background_image_url_https": "https://abs.twimg.com/images/themes/theme7/bg.gif"}, "place": null, "id_str": "1425840137964072962", "source": "<a href=\"http://twitter.com/download/iphone\" rel=\"nofollow\">Twitter for iPhone</a>", "entities": {"urls": [{"url": "https://t.co/yH9sKFYxPK", "indices": [114, 137], "display_url": "twitter.com/i/web/status/1\u2026", "expanded_url": "https://twitter.com/i/web/status/1425840137964072962"}], "symbols": [], "hashtags": [{"text": "Venezuela", "indices": [24, 34]}], "user_mentions": [{"id": 39176902, "name": "Juan Guaid\u00f3", "id_str": "39176902", "indices": [51, 59], "screen_name": "jguaido"}]}, "favorited": false, "retweeted": false, "truncated": true, "created_at": "Thu Aug 12 15:22:34 +0000 2021", "coordinates": null, "contributors": null, "quoted_status": {"id": 1425814861343166471, "geo": null, "lang": "es", "text": "El d\u00eda de ayer, tuve el honor de recibir en la @AsambleaEcuador \ud83c\uddea\ud83c\udde8, a los diputados venezolanos @oliviaylozano y\u2026 https://t.co/gSH77asZMm", "user": {"id": 61394852, "url": "https://t.co/kAQ1gSKuYF", "lang": null, "name": "Juan Fernando Flores \ud83c\uddea\ud83c\udde8", "id_str": "61394852", "entities": {"url": {"urls": [{"url": "https://t.co/kAQ1gSKuYF", "indices": [0, 23], "display_url": "juanfernandoflores.com", "expanded_url": "http://www.juanfernandoflores.com"}]}, "description": {"urls": []}}, "location": "\u00dcT: -0.186508,-78.478571", "verified": true, "following": false, "protected": false, "time_zone": null, "created_at": "Thu Jul 30 04:53:19 +0000 2009", "utc_offset": null, "description": "32. Ecuatoriano \ud83c\uddea\ud83c\udde8 | Coord de @BancadaAN_EC | Presidente de Comisi\u00f3n @RRIIMovilidadAN \ud83c\udf0e | Asamble\u00edsta del Ecuador (2021-2025) | Presidente @CREO21America", "geo_enabled": true, "screen_name": "juanflores18", "listed_count": 0, "friends_count": 1214, "is_translator": false, "notifications": false, "statuses_count": 70436, "default_profile": false, "followers_count": 27358, "translator_type": "regular", "favourites_count": 21693, "profile_image_url": "http://pbs.twimg.com/profile_images/1413499752113528839/SpDDhas9_normal.jpg", "profile_banner_url": "https://pbs.twimg.com/profile_banners/61394852/1622443927", "profile_link_color": "FFB812", "profile_text_color": "000000", "follow_request_sent": false, "contributors_enabled": false, "has_extended_profile": true, "default_profile_image": false, "withheld_in_countries": [], "is_translation_enabled": false, "profile_background_tile": true, "profile_image_url_https": "https://pbs.twimg.com/profile_images/1413499752113528839/SpDDhas9_normal.jpg", "profile_background_color": "FFFFFF", "profile_sidebar_fill_color": "BF2222", "profile_background_image_url": "http://abs.twimg.com/images/themes/theme9/bg.gif", "profile_sidebar_border_color": "FFFFFF", "profile_use_background_image": true, "profile_background_image_url_https": "https://abs.twimg.com/images/themes/theme9/bg.gif"}, "place": {"id": "0fc269dba6942000", "url": "https://api.twitter.com/1.1/geo/id/0fc269dba6942000.json", "name": "Asamblea Nacional del Ecuador", "country": "Ecuador", "full_name": "Asamblea Nacional del Ecuador", "attributes": {}, "place_type": "poi", "bounding_box": {"type": "Polygon", "coordinates": [[[-78.49899888038635, -0.21321366691553148], [-78.49899888038635, -0.21321366691553148], [-78.49899888038635, -0.21321366691553148], [-78.49899888038635, -0.21321366691553148]]]}, "country_code": "EC", "contained_within": []}, "id_str": "1425814861343166471", "source": "<a href=\"http://twitter.com/download/iphone\" rel=\"nofollow\">Twitter for iPhone</a>", "entities": {"urls": [{"url": "https://t.co/gSH77asZMm", "indices": [114, 137], "display_url": "twitter.com/i/web/status/1\u2026", "expanded_url": "https://twitter.com/i/web/status/1425814861343166471"}], "symbols": [], "hashtags": [], "user_mentions": [{"id": 56502954, "name": "Asamblea Nacional", "id_str": "56502954", "indices": [47, 63], "screen_name": "AsambleaEcuador"}, {"id": 109591461, "name": "Olivia Lozano", "id_str": "109591461", "indices": [96, 110], "screen_name": "oliviaylozano"}]}, "favorited": false, "retweeted": false, "truncated": true, "created_at": "Thu Aug 12 13:42:07 +0000 2021", "coordinates": null, "contributors": null, "retweet_count": 27, "favorite_count": 37, "is_quote_status": false, "possibly_sensitive": false, "in_reply_to_user_id": null, "in_reply_to_status_id": null, "in_reply_to_screen_name": null, "in_reply_to_user_id_str": null, "in_reply_to_status_id_str": null}, "retweet_count": 59, "favorite_count": 122, "is_quote_status": true, "quoted_status_id": 1425814861343166471, "possibly_sensitive": false, "in_reply_to_user_id": null, "quoted_status_id_str": "1425814861343166471", "in_reply_to_status_id": null, "in_reply_to_screen_name": null, "in_reply_to_user_id_str": null, "in_reply_to_status_id_str": null}, "in_reply_to_user_id": null, "quoted_status_id_str": "1425814861343166471", "in_reply_to_status_id": null, "in_reply_to_screen_name": null, "in_reply_to_user_id_str": null, "in_reply_to_status_id_str": null}