{"id": 1417809438208057345, "geo": null, "lang": "es", "text": "RT @jguaido: Hace 5 d\u00edas estaba Delcy Rodr\u00edguez con D\u00edaz Canel. \u00bfResultado de esa reuni\u00f3n? \n\nSeguir auspiciando la represi\u00f3n y persecuci\u00f3n\u2026", "user": {"id": 39176902, "url": "https://youtube.com/channel/UCbSDz7_rVKXjZ9fRON16apQ", "lang": null, "name": "Juan Guaid\u00f3", "id_str": "39176902", "location": "Vargas", "verified": true, "following": null, "protected": false, "time_zone": null, "created_at": "Mon May 11 02:59:20 +0000 2009", "utc_offset": null, "description": "Servidor P\u00fablico, Presidente (E) de la Rep\u00fablica Bolivariana de Venezuela y la @AsambleaVe, apegado a los Art. 233/333 CRBV. Ingeniero. En todo amar y servir", "geo_enabled": true, "screen_name": "jguaido", "listed_count": 3281, "friends_count": 2816, "is_translator": false, "notifications": null, "statuses_count": 47082, "default_profile": true, "followers_count": 2630030, "translator_type": "none", "favourites_count": 30868, "profile_image_url": "http://pbs.twimg.com/profile_images/1253171841348370439/fLveV1IQ_normal.jpg", "profile_banner_url": "https://pbs.twimg.com/profile_banners/39176902/1587661135", "profile_link_color": "1DA1F2", "profile_text_color": "333333", "follow_request_sent": null, "contributors_enabled": false, "default_profile_image": false, "withheld_in_countries": [], "profile_background_tile": false, "profile_image_url_https": "https://pbs.twimg.com/profile_images/1253171841348370439/fLveV1IQ_normal.jpg", "profile_background_color": "C0DEED", "profile_sidebar_fill_color": "DDEEF6", "profile_background_image_url": "http://abs.twimg.com/images/themes/theme1/bg.png", "profile_sidebar_border_color": "C0DEED", "profile_use_background_image": true, "profile_background_image_url_https": "https://abs.twimg.com/images/themes/theme1/bg.png"}, "place": null, "id_str": "1417809438208057345", "source": "<a href=\"http://twitter.com/download/iphone\" rel=\"nofollow\">Twitter for iPhone</a>", "entities": {"urls": [], "symbols": [], "hashtags": [], "user_mentions": [{"id": 39176902, "name": "Juan Guaid\u00f3", "id_str": "39176902", "indices": [3, 11], "screen_name": "jguaido"}]}, "favorited": false, "retweeted": false, "truncated": false, "created_at": "Wed Jul 21 11:31:26 +0000 2021", "coordinates": null, "quote_count": 0, "reply_count": 0, "contributors": null, "filter_level": "low", "timestamp_ms": "1626867086351", "quoted_status": {"id": 1417675820630519809, "geo": null, "lang": "es", "text": "#ATENCI\u00d3N| Es oficial: @LMOAlcantara fue trasladado a la Prisi\u00f3n de m\u00e1xima seguridad Guanajay. \n\n#NoMasPresosPoliticos #SOSCuba", "user": {"id": 1115807555031318528, "url": "https://linktr.ee/msi_Cuba", "lang": null, "name": "Movimiento San Isidro", "id_str": "1115807555031318528", "location": "Cuba", "verified": false, "following": null, "protected": false, "time_zone": null, "created_at": "Wed Apr 10 02:43:46 +0000 2019", "utc_offset": null, "description": "Empoderando a la sociedad hacia un futuro con valores democr\u00e1ticos. Unidos para promover la libertad y la cultura.", "geo_enabled": false, "screen_name": "Mov_sanisidro", "listed_count": 110, "friends_count": 425, "is_translator": false, "notifications": null, "statuses_count": 3233, "default_profile": true, "followers_count": 26307, "translator_type": "none", "favourites_count": 413, "profile_image_url": "http://pbs.twimg.com/profile_images/1357441974287147009/SS1M4lT3_normal.jpg", "profile_banner_url": "https://pbs.twimg.com/profile_banners/1115807555031318528/1555039412", "profile_link_color": "1DA1F2", "profile_text_color": "333333", "follow_request_sent": null, "contributors_enabled": false, "default_profile_image": false, "withheld_in_countries": [], "profile_background_tile": false, "profile_image_url_https": "https://pbs.twimg.com/profile_images/1357441974287147009/SS1M4lT3_normal.jpg", "profile_background_color": "F5F8FA", "profile_sidebar_fill_color": "DDEEF6", "profile_background_image_url": "", "profile_sidebar_border_color": "C0DEED", "profile_use_background_image": true, "profile_background_image_url_https": ""}, "place": null, "id_str": "1417675820630519809", "source": "<a href=\"http://twitter.com/download/android\" rel=\"nofollow\">Twitter for Android</a>", "entities": {"urls": [], "symbols": [], "hashtags": [{"text": "ATENCI\u00d3N", "indices": [0, 9]}, {"text": "NoMasPresosPoliticos", "indices": [97, 118]}, {"text": "SOSCuba", "indices": [119, 127]}], "user_mentions": [{"id": 2727330691, "name": "Luis M. Alcantara", "id_str": "2727330691", "indices": [23, 36], "screen_name": "LMOAlcantara"}]}, "favorited": false, "retweeted": false, "truncated": false, "created_at": "Wed Jul 21 02:40:29 +0000 2021", "coordinates": null, "quote_count": 39, "reply_count": 19, "contributors": null, "filter_level": "low", "retweet_count": 618, "favorite_count": 548, "is_quote_status": false, "in_reply_to_user_id": null, "in_reply_to_status_id": null, "in_reply_to_screen_name": null, "in_reply_to_user_id_str": null, "in_reply_to_status_id_str": null}, "retweet_count": 0, "favorite_count": 0, "is_quote_status": true, "quoted_status_id": 1417675820630519809, "retweeted_status": {"id": 1417682486558068738, "geo": null, "lang": "es", "text": "Hace 5 d\u00edas estaba Delcy Rodr\u00edguez con D\u00edaz Canel. \u00bfResultado de esa reuni\u00f3n? \n\nSeguir auspiciando la represi\u00f3n y p\u2026 https://t.co/CDjkxGKhgq", "user": {"id": 39176902, "url": "https://youtube.com/channel/UCbSDz7_rVKXjZ9fRON16apQ", "lang": null, "name": "Juan Guaid\u00f3", "id_str": "39176902", "location": "Vargas", "verified": true, "following": null, "protected": false, "time_zone": null, "created_at": "Mon May 11 02:59:20 +0000 2009", "utc_offset": null, "description": "Servidor P\u00fablico, Presidente (E) de la Rep\u00fablica Bolivariana de Venezuela y la @AsambleaVe, apegado a los Art. 233/333 CRBV. Ingeniero. En todo amar y servir", "geo_enabled": true, "screen_name": "jguaido", "listed_count": 3281, "friends_count": 2816, "is_translator": false, "notifications": null, "statuses_count": 47081, "default_profile": true, "followers_count": 2630030, "translator_type": "none", "favourites_count": 30868, "profile_image_url": "http://pbs.twimg.com/profile_images/1253171841348370439/fLveV1IQ_normal.jpg", "profile_banner_url": "https://pbs.twimg.com/profile_banners/39176902/1587661135", "profile_link_color": "1DA1F2", "profile_text_color": "333333", "follow_request_sent": null, "contributors_enabled": false, "default_profile_image": false, "withheld_in_countries": [], "profile_background_tile": false, "profile_image_url_https": "https://pbs.twimg.com/profile_images/1253171841348370439/fLveV1IQ_normal.jpg", "profile_background_color": "C0DEED", "profile_sidebar_fill_color": "DDEEF6", "profile_background_image_url": "http://abs.twimg.com/images/themes/theme1/bg.png", "profile_sidebar_border_color": "C0DEED", "profile_use_background_image": true, "profile_background_image_url_https": "https://abs.twimg.com/images/themes/theme1/bg.png"}, "place": null, "id_str": "1417682486558068738", "source": "<a href=\"http://twitter.com/download/iphone\" rel=\"nofollow\">Twitter for iPhone</a>", "entities": {"urls": [{"url": "https://t.co/CDjkxGKhgq", "indices": [117, 140], "display_url": "twitter.com/i/web/status/1\u2026", "expanded_url": "https://twitter.com/i/web/status/1417682486558068738"}], "symbols": [], "hashtags": [], "user_mentions": []}, "favorited": false, "retweeted": false, "truncated": true, "created_at": "Wed Jul 21 03:06:58 +0000 2021", "coordinates": null, "quote_count": 12, "reply_count": 36, "contributors": null, "filter_level": "low", "quoted_status": {"id": 1417675820630519809, "geo": null, "lang": "es", "text": "#ATENCI\u00d3N| Es oficial: @LMOAlcantara fue trasladado a la Prisi\u00f3n de m\u00e1xima seguridad Guanajay. \n\n#NoMasPresosPoliticos #SOSCuba", "user": {"id": 1115807555031318528, "url": "https://linktr.ee/msi_Cuba", "lang": null, "name": "Movimiento San Isidro", "id_str": "1115807555031318528", "location": "Cuba", "verified": false, "following": null, "protected": false, "time_zone": null, "created_at": "Wed Apr 10 02:43:46 +0000 2019", "utc_offset": null, "description": "Empoderando a la sociedad hacia un futuro con valores democr\u00e1ticos. Unidos para promover la libertad y la cultura.", "geo_enabled": false, "screen_name": "Mov_sanisidro", "listed_count": 110, "friends_count": 425, "is_translator": false, "notifications": null, "statuses_count": 3233, "default_profile": true, "followers_count": 26307, "translator_type": "none", "favourites_count": 413, "profile_image_url": "http://pbs.twimg.com/profile_images/1357441974287147009/SS1M4lT3_normal.jpg", "profile_banner_url": "https://pbs.twimg.com/profile_banners/1115807555031318528/1555039412", "profile_link_color": "1DA1F2", "profile_text_color": "333333", "follow_request_sent": null, "contributors_enabled": false, "default_profile_image": false, "withheld_in_countries": [], "profile_background_tile": false, "profile_image_url_https": "https://pbs.twimg.com/profile_images/1357441974287147009/SS1M4lT3_normal.jpg", "profile_background_color": "F5F8FA", "profile_sidebar_fill_color": "DDEEF6", "profile_background_image_url": "", "profile_sidebar_border_color": "C0DEED", "profile_use_background_image": true, "profile_background_image_url_https": ""}, "place": null, "id_str": "1417675820630519809", "source": "<a href=\"http://twitter.com/download/android\" rel=\"nofollow\">Twitter for Android</a>", "entities": {"urls": [], "symbols": [], "hashtags": [{"text": "ATENCI\u00d3N", "indices": [0, 9]}, {"text": "NoMasPresosPoliticos", "indices": [97, 118]}, {"text": "SOSCuba", "indices": [119, 127]}], "user_mentions": [{"id": 2727330691, "name": "Luis M. Alcantara", "id_str": "2727330691", "indices": [23, 36], "screen_name": "LMOAlcantara"}]}, "favorited": false, "retweeted": false, "truncated": false, "created_at": "Wed Jul 21 02:40:29 +0000 2021", "coordinates": null, "quote_count": 39, "reply_count": 19, "contributors": null, "filter_level": "low", "retweet_count": 618, "favorite_count": 548, "is_quote_status": false, "in_reply_to_user_id": null, "in_reply_to_status_id": null, "in_reply_to_screen_name": null, "in_reply_to_user_id_str": null, "in_reply_to_status_id_str": null}, "retweet_count": 256, "extended_tweet": {"entities": {"urls": [], "media": [{"id": 1417682479989862400, "url": "https://t.co/isvqmW1UCI", "type": "photo", "sizes": {"large": {"h": 500, "w": 800, "resize": "fit"}, "small": {"h": 425, "w": 680, "resize": "fit"}, "thumb": {"h": 150, "w": 150, "resize": "crop"}, "medium": {"h": 500, "w": 800, "resize": "fit"}}, "id_str": "1417682479989862400", "indices": [279, 302], "media_url": "http://pbs.twimg.com/media/E6yetFAXMAA6TeC.jpg", "display_url": "pic.twitter.com/isvqmW1UCI", "expanded_url": "https://twitter.com/jguaido/status/1417682486558068738/photo/1", "media_url_https": "https://pbs.twimg.com/media/E6yetFAXMAA6TeC.jpg"}], "symbols": [], "hashtags": [], "user_mentions": []}, "full_text": "Hace 5 d\u00edas estaba Delcy Rodr\u00edguez con D\u00edaz Canel. \u00bfResultado de esa reuni\u00f3n? \n\nSeguir auspiciando la represi\u00f3n y persecuci\u00f3n a los ciudadanos que protestan exigiendo libertad. \n\nToda nuestra solidaridad a los cubanos y a los que luchan por la democracia a pesar de los riesgos. https://t.co/isvqmW1UCI", "extended_entities": {"media": [{"id": 1417682479989862400, "url": "https://t.co/isvqmW1UCI", "type": "photo", "sizes": {"large": {"h": 500, "w": 800, "resize": "fit"}, "small": {"h": 425, "w": 680, "resize": "fit"}, "thumb": {"h": 150, "w": 150, "resize": "crop"}, "medium": {"h": 500, "w": 800, "resize": "fit"}}, "id_str": "1417682479989862400", "indices": [279, 302], "media_url": "http://pbs.twimg.com/media/E6yetFAXMAA6TeC.jpg", "display_url": "pic.twitter.com/isvqmW1UCI", "expanded_url": "https://twitter.com/jguaido/status/1417682486558068738/photo/1", "media_url_https": "https://pbs.twimg.com/media/E6yetFAXMAA6TeC.jpg"}]}, "display_text_range": [0, 278]}, "favorite_count": 339, "is_quote_status": true, "quoted_status_id": 1417675820630519809, "display_text_range": [0, 140], "possibly_sensitive": false, "in_reply_to_user_id": null, "quoted_status_id_str": "1417675820630519809", "in_reply_to_status_id": null, "in_reply_to_screen_name": null, "in_reply_to_user_id_str": null, "quoted_status_permalink": {"url": "https://t.co/RunSjBD9zY", "display": "twitter.com/mov_sanisidro/\u2026", "expanded": "https://twitter.com/mov_sanisidro/status/1417675820630519809"}, "in_reply_to_status_id_str": null}, "in_reply_to_user_id": null, "quoted_status_id_str": "1417675820630519809", "in_reply_to_status_id": null, "in_reply_to_screen_name": null, "in_reply_to_user_id_str": null, "quoted_status_permalink": {"url": "https://t.co/RunSjBD9zY", "display": "twitter.com/mov_sanisidro/\u2026", "expanded": "https://twitter.com/mov_sanisidro/status/1417675820630519809"}, "in_reply_to_status_id_str": null}