{"id": 1408565305367044100, "geo": null, "lang": "es", "text": "Nuestra solidaridad con el presidente @IvanDuque y con todo el pueblo de Colombia por el atentado terrorista en su\u2026 https://t.co/3SemU4qNBr", "user": {"id": 39176902, "url": "https://youtube.com/channel/UCbSDz7_rVKXjZ9fRON16apQ", "lang": null, "name": "Juan Guaid\u00f3", "id_str": "39176902", "location": "Vargas", "verified": true, "following": null, "protected": false, "time_zone": null, "created_at": "Mon May 11 02:59:20 +0000 2009", "utc_offset": null, "description": "Servidor P\u00fablico, Presidente (E) de la Rep\u00fablica Bolivariana de Venezuela y la @AsambleaVe, apegado a los Art. 233/333 CRBV. Ingeniero. En todo amar y servir", "geo_enabled": true, "screen_name": "jguaido", "listed_count": 3286, "friends_count": 2815, "is_translator": false, "notifications": null, "statuses_count": 46839, "default_profile": true, "followers_count": 2624719, "translator_type": "none", "favourites_count": 29967, "profile_image_url": "http://pbs.twimg.com/profile_images/1253171841348370439/fLveV1IQ_normal.jpg", "profile_banner_url": "https://pbs.twimg.com/profile_banners/39176902/1587661135", "profile_link_color": "1DA1F2", "profile_text_color": "333333", "follow_request_sent": null, "contributors_enabled": false, "default_profile_image": false, "withheld_in_countries": [], "profile_background_tile": false, "profile_image_url_https": "https://pbs.twimg.com/profile_images/1253171841348370439/fLveV1IQ_normal.jpg", "profile_background_color": "C0DEED", "profile_sidebar_fill_color": "DDEEF6", "profile_background_image_url": "http://abs.twimg.com/images/themes/theme1/bg.png", "profile_sidebar_border_color": "C0DEED", "profile_use_background_image": true, "profile_background_image_url_https": "https://abs.twimg.com/images/themes/theme1/bg.png"}, "place": null, "id_str": "1408565305367044100", "source": "<a href=\"http://twitter.com/download/iphone\" rel=\"nofollow\">Twitter for iPhone</a>", "entities": {"urls": [{"url": "https://t.co/3SemU4qNBr", "indices": [116, 139], "display_url": "twitter.com/i/web/status/1\u2026", "expanded_url": "https://twitter.com/i/web/status/1408565305367044100"}], "symbols": [], "hashtags": [], "user_mentions": [{"id": 77653794, "name": "Iv\u00e1n Duque \ud83c\udde8\ud83c\uddf4", "id_str": "77653794", "indices": [38, 48], "screen_name": "IvanDuque"}]}, "favorited": false, "retweeted": false, "truncated": true, "created_at": "Fri Jun 25 23:18:33 +0000 2021", "coordinates": null, "quote_count": 0, "reply_count": 0, "contributors": null, "filter_level": "low", "timestamp_ms": "1624663113334", "quoted_status": {"id": 1408544934739709969, "geo": null, "lang": "es", "text": "\ud83c\udfa5 #EnVivo | Declaraci\u00f3n del Presidente @IvanDuque desde C\u00facuta, Norte de Santander. https://t.co/2SW5AuXfxT", "user": {"id": 312887235, "url": "http://www.presidencia.gov.co", "lang": null, "name": "Presidencia Colombia \ud83c\udde8\ud83c\uddf4", "id_str": "312887235", "location": "Colombia", "verified": true, "following": null, "protected": false, "time_zone": null, "created_at": "Tue Jun 07 20:34:49 +0000 2011", "utc_offset": null, "description": "Cuenta oficial de la Presidencia de la Rep\u00fablica de Colombia. Construyendo un pa\u00eds con Legalidad, Emprendimiento y Equidad. #ElFuturoEsDeTodos", "geo_enabled": true, "screen_name": "infopresidencia", "listed_count": 2469, "friends_count": 293, "is_translator": false, "notifications": null, "statuses_count": 162624, "default_profile": false, "followers_count": 1398004, "translator_type": "none", "favourites_count": 31618, "profile_image_url": "http://pbs.twimg.com/profile_images/1356273637662326784/8VY9RqmR_normal.jpg", "profile_banner_url": "https://pbs.twimg.com/profile_banners/312887235/1624364972", "profile_link_color": "084C93", "profile_text_color": "333333", "follow_request_sent": null, "contributors_enabled": false, "default_profile_image": false, "withheld_in_countries": [], "profile_background_tile": false, "profile_image_url_https": "https://pbs.twimg.com/profile_images/1356273637662326784/8VY9RqmR_normal.jpg", "profile_background_color": "DA1A32", "profile_sidebar_fill_color": "DDEEF6", "profile_background_image_url": "http://abs.twimg.com/images/themes/theme1/bg.png", "profile_sidebar_border_color": "FFFFFF", "profile_use_background_image": false, "profile_background_image_url_https": "https://abs.twimg.com/images/themes/theme1/bg.png"}, "place": null, "id_str": "1408544934739709969", "source": "<a href=\"https://studio.twitter.com\" rel=\"nofollow\">Twitter Media Studio</a>", "entities": {"urls": [{"url": "https://t.co/2SW5AuXfxT", "indices": [84, 107], "display_url": "twitter.com/i/broadcasts/1\u2026", "expanded_url": "https://twitter.com/i/broadcasts/1kvKpoogBwXxE"}], "symbols": [], "hashtags": [{"text": "EnVivo", "indices": [2, 9]}], "user_mentions": [{"id": 77653794, "name": "Iv\u00e1n Duque \ud83c\udde8\ud83c\uddf4", "id_str": "77653794", "indices": [39, 49], "screen_name": "IvanDuque"}]}, "favorited": false, "retweeted": false, "truncated": false, "created_at": "Fri Jun 25 21:57:36 +0000 2021", "coordinates": null, "quote_count": 88, "reply_count": 300, "contributors": null, "filter_level": "low", "retweet_count": 485, "favorite_count": 632, "is_quote_status": false, "possibly_sensitive": false, "in_reply_to_user_id": null, "in_reply_to_status_id": null, "in_reply_to_screen_name": null, "in_reply_to_user_id_str": null, "in_reply_to_status_id_str": null}, "retweet_count": 0, "extended_tweet": {"entities": {"urls": [], "symbols": [], "hashtags": [], "user_mentions": [{"id": 77653794, "name": "Iv\u00e1n Duque \ud83c\udde8\ud83c\uddf4", "id_str": "77653794", "indices": [38, 48], "screen_name": "IvanDuque"}]}, "full_text": "Nuestra solidaridad con el presidente @IvanDuque y con todo el pueblo de Colombia por el atentado terrorista en su contra.\n\nEl auge de atentados en nuestro hermanos pa\u00eds tiene relaci\u00f3n con acceso a recursos y protecci\u00f3n de la narcoguerrilla desde la dictadura en Venezuela.", "display_text_range": [0, 273]}, "favorite_count": 0, "is_quote_status": true, "quoted_status_id": 1408544934739709969, "in_reply_to_user_id": null, "quoted_status_id_str": "1408544934739709969", "in_reply_to_status_id": null, "in_reply_to_screen_name": null, "in_reply_to_user_id_str": null, "quoted_status_permalink": {"url": "https://t.co/jaTMrHZQV9", "display": "twitter.com/infopresidenci\u2026", "expanded": "https://twitter.com/infopresidencia/status/1408544934739709969"}, "in_reply_to_status_id_str": null}