{"id": 1400423542232072192, "geo": null, "lang": "es", "text": "RT @Reforma: En #entrevista #exclusiva con @reforma, el l\u00edder de la Oposici\u00f3n en Venezuela, @jguaido, habla sobre la defensa de la democrac\u2026", "user": {"id": 39176902, "url": "https://youtube.com/channel/UCbSDz7_rVKXjZ9fRON16apQ", "lang": null, "name": "Juan Guaid\u00f3", "id_str": "39176902", "location": "Vargas", "verified": true, "following": null, "protected": false, "time_zone": null, "created_at": "Mon May 11 02:59:20 +0000 2009", "utc_offset": null, "description": "Servidor P\u00fablico, Presidente (E) de la Rep\u00fablica Bolivariana de Venezuela y la @AsambleaVe, apegado a los Art. 233/333 CRBV. Ingeniero. En todo amar y servir", "geo_enabled": true, "screen_name": "jguaido", "listed_count": 3287, "friends_count": 2807, "is_translator": false, "notifications": null, "statuses_count": 46685, "default_profile": true, "followers_count": 2627151, "translator_type": "none", "favourites_count": 29232, "profile_image_url": "http://pbs.twimg.com/profile_images/1253171841348370439/fLveV1IQ_normal.jpg", "profile_banner_url": "https://pbs.twimg.com/profile_banners/39176902/1587661135", "profile_link_color": "1DA1F2", "profile_text_color": "333333", "follow_request_sent": null, "contributors_enabled": false, "default_profile_image": false, "withheld_in_countries": [], "profile_background_tile": false, "profile_image_url_https": "https://pbs.twimg.com/profile_images/1253171841348370439/fLveV1IQ_normal.jpg", "profile_background_color": "C0DEED", "profile_sidebar_fill_color": "DDEEF6", "profile_background_image_url": "http://abs.twimg.com/images/themes/theme1/bg.png", "profile_sidebar_border_color": "C0DEED", "profile_use_background_image": true, "profile_background_image_url_https": "https://abs.twimg.com/images/themes/theme1/bg.png"}, "place": null, "id_str": "1400423542232072192", "source": "<a href=\"http://twitter.com/download/iphone\" rel=\"nofollow\">Twitter for iPhone</a>", "entities": {"urls": [], "symbols": [], "hashtags": [{"text": "entrevista", "indices": [16, 27]}, {"text": "exclusiva", "indices": [28, 38]}], "user_mentions": [{"id": 27708897, "name": "REFORMA", "id_str": "27708897", "indices": [3, 11], "screen_name": "Reforma"}, {"id": 27708897, "name": "REFORMA", "id_str": "27708897", "indices": [43, 51], "screen_name": "Reforma"}, {"id": 39176902, "name": "Juan Guaid\u00f3", "id_str": "39176902", "indices": [92, 100], "screen_name": "jguaido"}]}, "favorited": false, "retweeted": false, "truncated": false, "created_at": "Thu Jun 03 12:06:05 +0000 2021", "coordinates": null, "quote_count": 0, "reply_count": 0, "contributors": null, "filter_level": "low", "timestamp_ms": "1622721965736", "retweet_count": 0, "favorite_count": 0, "is_quote_status": false, "retweeted_status": {"id": 1400393615172571136, "geo": null, "lang": "es", "text": "En #entrevista #exclusiva con @reforma, el l\u00edder de la Oposici\u00f3n en Venezuela, @jguaido, habla sobre la defensa de\u2026 https://t.co/KVzYy1pWS2", "user": {"id": 27708897, "url": "http://www.reforma.com", "lang": null, "name": "REFORMA", "id_str": "27708897", "location": "Av. M\u00e9xico Coyoac\u00e1n 40", "verified": true, "following": null, "protected": false, "time_zone": null, "created_at": "Mon Mar 30 19:30:49 +0000 2009", "utc_offset": null, "description": "Peri\u00f3dico REFORMA ofrece informaci\u00f3n puntual, exclusiva y verificada de los hechos principales de M\u00e9xico y el mundo. #Reg\u00edstrateGratis", "geo_enabled": true, "screen_name": "Reforma", "listed_count": 11815, "friends_count": 131, "is_translator": false, "notifications": null, "statuses_count": 446314, "default_profile": false, "followers_count": 3328445, "translator_type": "none", "favourites_count": 432, "profile_image_url": "http://pbs.twimg.com/profile_images/1082787530091548672/tQxy1Vvx_normal.jpg", "profile_banner_url": "https://pbs.twimg.com/profile_banners/27708897/1498611464", "profile_link_color": "000000", "profile_text_color": "636363", "follow_request_sent": null, "contributors_enabled": false, "default_profile_image": false, "withheld_in_countries": [], "profile_background_tile": true, "profile_image_url_https": "https://pbs.twimg.com/profile_images/1082787530091548672/tQxy1Vvx_normal.jpg", "profile_background_color": "F5F5F5", "profile_sidebar_fill_color": "BDB7B7", "profile_background_image_url": "http://abs.twimg.com/images/themes/theme9/bg.gif", "profile_sidebar_border_color": "474343", "profile_use_background_image": true, "profile_background_image_url_https": "https://abs.twimg.com/images/themes/theme9/bg.gif"}, "place": null, "id_str": "1400393615172571136", "source": "<a href=\"https://www.reforma.com\" rel=\"nofollow\">GR_Feed</a>", "entities": {"urls": [{"url": "https://t.co/KVzYy1pWS2", "indices": [116, 139], "display_url": "twitter.com/i/web/status/1\u2026", "expanded_url": "https://twitter.com/i/web/status/1400393615172571136"}], "symbols": [], "hashtags": [{"text": "entrevista", "indices": [3, 14]}, {"text": "exclusiva", "indices": [15, 25]}], "user_mentions": [{"id": 27708897, "name": "REFORMA", "id_str": "27708897", "indices": [30, 38], "screen_name": "Reforma"}, {"id": 39176902, "name": "Juan Guaid\u00f3", "id_str": "39176902", "indices": [79, 87], "screen_name": "jguaido"}]}, "favorited": false, "retweeted": false, "truncated": true, "created_at": "Thu Jun 03 10:07:10 +0000 2021", "coordinates": null, "quote_count": 9, "reply_count": 17, "contributors": null, "filter_level": "low", "retweet_count": 20, "extended_tweet": {"entities": {"urls": [{"url": "https://t.co/iZu345IVb6", "indices": [238, 261], "display_url": "reforma.com/bBagtf", "expanded_url": "https://reforma.com/bBagtf"}], "symbols": [], "hashtags": [{"text": "entrevista", "indices": [3, 14]}, {"text": "exclusiva", "indices": [15, 25]}, {"text": "Reg\u00edstrateGratis", "indices": [220, 237]}], "user_mentions": [{"id": 27708897, "name": "REFORMA", "id_str": "27708897", "indices": [30, 38], "screen_name": "Reforma"}, {"id": 39176902, "name": "Juan Guaid\u00f3", "id_str": "39176902", "indices": [79, 87], "screen_name": "jguaido"}]}, "full_text": "En #entrevista #exclusiva con @reforma, el l\u00edder de la Oposici\u00f3n en Venezuela, @jguaido, habla sobre la defensa de la democracia en cualquier pa\u00eds y las se\u00f1ales de que est\u00e1 en riesgo, como los ataques a la prensa libre. #Reg\u00edstrateGratis https://t.co/iZu345IVb6", "display_text_range": [0, 261]}, "favorite_count": 44, "is_quote_status": false, "possibly_sensitive": false, "in_reply_to_user_id": null, "in_reply_to_status_id": null, "in_reply_to_screen_name": null, "in_reply_to_user_id_str": null, "in_reply_to_status_id_str": null}, "in_reply_to_user_id": null, "in_reply_to_status_id": null, "in_reply_to_screen_name": null, "in_reply_to_user_id_str": null, "in_reply_to_status_id_str": null}