{"id": 1396556880504311811, "geo": null, "lang": "es", "text": "Las violaciones de DD.HH y los cr\u00edmenes de lesa humanidad cometidos en Venezuela no pueden ser relativizados ni ban\u2026 https://t.co/k2UbJhioqZ", "user": {"id": 39176902, "url": "https://t.co/i4S8En3C9t", "lang": null, "name": "Juan Guaid\u00f3", "id_str": "39176902", "entities": {"url": {"urls": [{"url": "https://t.co/i4S8En3C9t", "indices": [0, 23], "display_url": "youtube.com/channel/UCbSDz\u2026", "expanded_url": "https://youtube.com/channel/UCbSDz7_rVKXjZ9fRON16apQ"}]}, "description": {"urls": []}}, "location": "Vargas", "verified": true, "following": true, "protected": false, "time_zone": null, "created_at": "Mon May 11 02:59:20 +0000 2009", "utc_offset": null, "description": "Servidor P\u00fablico, Presidente (E) de la Rep\u00fablica Bolivariana de Venezuela y la @AsambleaVe, apegado a los Art. 233/333 CRBV. Ingeniero. En todo amar y servir", "geo_enabled": true, "screen_name": "jguaido", "listed_count": 3287, "friends_count": 2815, "is_translator": false, "notifications": false, "statuses_count": 46795, "default_profile": true, "followers_count": 2624454, "translator_type": "none", "favourites_count": 29720, "profile_image_url": "http://pbs.twimg.com/profile_images/1253171841348370439/fLveV1IQ_normal.jpg", "profile_banner_url": "https://pbs.twimg.com/profile_banners/39176902/1587661135", "profile_link_color": "1DA1F2", "profile_text_color": "333333", "follow_request_sent": false, "contributors_enabled": false, "has_extended_profile": true, "default_profile_image": false, "withheld_in_countries": [], "is_translation_enabled": false, "profile_background_tile": false, "profile_image_url_https": "https://pbs.twimg.com/profile_images/1253171841348370439/fLveV1IQ_normal.jpg", "profile_background_color": "C0DEED", "profile_sidebar_fill_color": "DDEEF6", "profile_background_image_url": "http://abs.twimg.com/images/themes/theme1/bg.png", "profile_sidebar_border_color": "C0DEED", "profile_use_background_image": true, "profile_background_image_url_https": "https://abs.twimg.com/images/themes/theme1/bg.png"}, "place": null, "id_str": "1396556880504311811", "source": "<a href=\"http://twitter.com/download/iphone\" rel=\"nofollow\">Twitter for iPhone</a>", "entities": {"urls": [{"url": "https://t.co/k2UbJhioqZ", "indices": [117, 140], "display_url": "twitter.com/i/web/status/1\u2026", "expanded_url": "https://twitter.com/i/web/status/1396556880504311811"}], "symbols": [], "hashtags": [], "user_mentions": []}, "favorited": false, "retweeted": false, "truncated": true, "created_at": "Sun May 23 20:01:21 +0000 2021", "coordinates": null, "contributors": null, "quoted_status": {"id": 1396060209781649408, "geo": null, "lang": "es", "text": "Juan Guaid\u00f3 a Alberto Fern\u00e1ndez: 'No se puede relativizar la violaci\u00f3n de derechos humanos en Venezuela' https://t.co/Ae2iXgiVbu", "user": {"id": 8105922, "url": "https://t.co/rMhj5H62Ga", "lang": null, "name": "Clar\u00edn", "id_str": "8105922", "entities": {"url": {"urls": [{"url": "https://t.co/rMhj5H62Ga", "indices": [0, 23], "display_url": "clarin.com", "expanded_url": "http://www.clarin.com"}]}, "description": {"urls": [{"url": "https://t.co/N52TdRlyUm", "indices": [34, 57], "display_url": "t.me/Clarincom", "expanded_url": "http://t.me/Clarincom"}]}}, "location": "Argentina", "verified": true, "following": false, "protected": false, "time_zone": null, "created_at": "Fri Aug 10 15:14:11 +0000 2007", "utc_offset": null, "description": "Unite a nuestro canal en Telegram https://t.co/N52TdRlyUm", "geo_enabled": true, "screen_name": "clarincom", "listed_count": 11196, "friends_count": 284, "is_translator": false, "notifications": false, "statuses_count": 457325, "default_profile": false, "followers_count": 3249385, "translator_type": "none", "favourites_count": 412, "profile_image_url": "http://pbs.twimg.com/profile_images/1387965005736337408/HmM6ogqV_normal.jpg", "profile_banner_url": "https://pbs.twimg.com/profile_banners/8105922/1621614675", "profile_link_color": "FF0324", "profile_text_color": "333333", "follow_request_sent": false, "contributors_enabled": false, "has_extended_profile": true, "default_profile_image": false, "withheld_in_countries": [], "is_translation_enabled": true, "profile_background_tile": true, "profile_image_url_https": "https://pbs.twimg.com/profile_images/1387965005736337408/HmM6ogqV_normal.jpg", "profile_background_color": "131516", "profile_sidebar_fill_color": "EFEFEF", "profile_background_image_url": "http://abs.twimg.com/images/themes/theme14/bg.gif", "profile_sidebar_border_color": "FFFFFF", "profile_use_background_image": true, "profile_background_image_url_https": "https://abs.twimg.com/images/themes/theme14/bg.gif"}, "place": null, "id_str": "1396060209781649408", "source": "<a href=\"https://www.echobox.com\" rel=\"nofollow\">Echobox</a>", "entities": {"urls": [{"url": "https://t.co/Ae2iXgiVbu", "indices": [105, 128], "display_url": "clarin.com/mundo/juan-gua\u2026", "expanded_url": "https://www.clarin.com/mundo/juan-guaido-alberto-fernandez-puede-relativizar-violacion-derechos-humanos-venezuela_0_I-fmPgs9N.html?utm_term=Autofeed&utm_medium=Social&utm_source=Twitter#Echobox=1621681627"}], "symbols": [], "hashtags": [], "user_mentions": []}, "favorited": false, "retweeted": false, "truncated": false, "created_at": "Sat May 22 11:07:46 +0000 2021", "coordinates": null, "contributors": null, "retweet_count": 115, "favorite_count": 370, "is_quote_status": false, "possibly_sensitive": false, "in_reply_to_user_id": null, "in_reply_to_status_id": null, "in_reply_to_screen_name": null, "in_reply_to_user_id_str": null, "in_reply_to_status_id_str": null}, "retweet_count": 334, "favorite_count": 518, "is_quote_status": true, "quoted_status_id": 1396060209781649408, "possibly_sensitive": false, "in_reply_to_user_id": null, "quoted_status_id_str": "1396060209781649408", "in_reply_to_status_id": null, "in_reply_to_screen_name": null, "in_reply_to_user_id_str": null, "in_reply_to_status_id_str": null}