{"id": 1391868716644806656, "geo": null, "lang": "es", "text": "\u00bfQui\u00e9n en el r\u00e9gimen y el alto mando militar va a responder por los ocho militares venezolanos declarados como pris\u2026 https://t.co/HrwdALtYnw", "user": {"id": 39176902, "url": "https://youtube.com/channel/UCbSDz7_rVKXjZ9fRON16apQ", "lang": null, "name": "Juan Guaid\u00f3", "id_str": "39176902", "location": "Vargas", "verified": true, "following": null, "protected": false, "time_zone": null, "created_at": "Mon May 11 02:59:20 +0000 2009", "utc_offset": null, "description": "Servidor P\u00fablico, Presidente (E) de la Rep\u00fablica Bolivariana de Venezuela y la @AsambleaVe, apegado a los Art. 233/333 CRBV. Ingeniero. En todo amar y servir", "geo_enabled": true, "screen_name": "jguaido", "listed_count": 3284, "friends_count": 2800, "is_translator": false, "notifications": null, "statuses_count": 46545, "default_profile": true, "followers_count": 2631089, "translator_type": "none", "favourites_count": 28512, "profile_image_url": "http://pbs.twimg.com/profile_images/1253171841348370439/fLveV1IQ_normal.jpg", "profile_banner_url": "https://pbs.twimg.com/profile_banners/39176902/1587661135", "profile_link_color": "1DA1F2", "profile_text_color": "333333", "follow_request_sent": null, "contributors_enabled": false, "default_profile_image": false, "withheld_in_countries": [], "profile_background_tile": false, "profile_image_url_https": "https://pbs.twimg.com/profile_images/1253171841348370439/fLveV1IQ_normal.jpg", "profile_background_color": "C0DEED", "profile_sidebar_fill_color": "DDEEF6", "profile_background_image_url": "http://abs.twimg.com/images/themes/theme1/bg.png", "profile_sidebar_border_color": "C0DEED", "profile_use_background_image": true, "profile_background_image_url_https": "https://abs.twimg.com/images/themes/theme1/bg.png"}, "place": null, "id_str": "1391868716644806656", "source": "<a href=\"http://twitter.com/download/iphone\" rel=\"nofollow\">Twitter for iPhone</a>", "entities": {"urls": [{"url": "https://t.co/HrwdALtYnw", "indices": [117, 140], "display_url": "twitter.com/i/web/status/1\u2026", "expanded_url": "https://twitter.com/i/web/status/1391868716644806656"}], "symbols": [], "hashtags": [], "user_mentions": []}, "favorited": false, "retweeted": false, "truncated": true, "created_at": "Mon May 10 21:32:16 +0000 2021", "coordinates": null, "quote_count": 0, "reply_count": 0, "contributors": null, "filter_level": "low", "timestamp_ms": "1620682336375", "quoted_status": {"id": 1391774350693519367, "geo": null, "lang": "es", "text": "Le exigimos al Estado venezolano que no siga guardando silencio.", "user": {"id": 2462280427, "url": "http://www.fundaredes.org", "lang": null, "name": "FundaREDES", "id_str": "2462280427", "location": "T\u00e1chira, Venezuela", "verified": false, "following": null, "protected": false, "time_zone": null, "created_at": "Thu Apr 24 21:49:21 +0000 2014", "utc_offset": null, "description": "Somos una ONG venezolana dedicada a la promoci\u00f3n \ud83d\udde3 y defensa \ud83d\udc65 de #DerechosHumanos\n-\n\ud83d\udd0eObservatorio en: T\u00e1chira, Apure, Zulia, Falc\u00f3n, Bol\u00edvar y Amazonas.", "geo_enabled": true, "screen_name": "FundaREDES_", "listed_count": 62, "friends_count": 2181, "is_translator": false, "notifications": null, "statuses_count": 36890, "default_profile": false, "followers_count": 11713, "translator_type": "none", "favourites_count": 4684, "profile_image_url": "http://pbs.twimg.com/profile_images/1351384537872429058/YP2ZLH6k_normal.jpg", "profile_banner_url": "https://pbs.twimg.com/profile_banners/2462280427/1619805669", "profile_link_color": "1B95E0", "profile_text_color": "000000", "follow_request_sent": null, "contributors_enabled": false, "default_profile_image": false, "withheld_in_countries": [], "profile_background_tile": false, "profile_image_url_https": "https://pbs.twimg.com/profile_images/1351384537872429058/YP2ZLH6k_normal.jpg", "profile_background_color": "000000", "profile_sidebar_fill_color": "000000", "profile_background_image_url": "http://abs.twimg.com/images/themes/theme1/bg.png", "profile_sidebar_border_color": "000000", "profile_use_background_image": false, "profile_background_image_url_https": "https://abs.twimg.com/images/themes/theme1/bg.png"}, "place": null, "id_str": "1391774350693519367", "source": "<a href=\"http://twitter.com/download/android\" rel=\"nofollow\">Twitter for Android</a>", "entities": {"urls": [], "symbols": [], "hashtags": [], "user_mentions": []}, "favorited": false, "retweeted": false, "truncated": false, "created_at": "Mon May 10 15:17:17 +0000 2021", "coordinates": null, "quote_count": 1, "reply_count": 0, "contributors": null, "filter_level": "low", "retweet_count": 14, "favorite_count": 6, "is_quote_status": true, "quoted_status_id": 1391773773838229507, "in_reply_to_user_id": null, "quoted_status_id_str": "1391773773838229507", "in_reply_to_status_id": null, "in_reply_to_screen_name": null, "in_reply_to_user_id_str": null, "in_reply_to_status_id_str": null}, "retweet_count": 0, "extended_tweet": {"entities": {"urls": [], "symbols": [], "hashtags": [], "user_mentions": []}, "full_text": "\u00bfQui\u00e9n en el r\u00e9gimen y el alto mando militar va a responder por los ocho militares venezolanos declarados como prisioneros de guerra por los grupos irregulares que Maduro protege y ampara?\n\nCada soldado tiene el deber de exigir que estos grupos sean presentados a la justicia.", "display_text_range": [0, 276]}, "favorite_count": 0, "is_quote_status": true, "quoted_status_id": 1391774350693519367, "in_reply_to_user_id": null, "quoted_status_id_str": "1391774350693519367", "in_reply_to_status_id": null, "in_reply_to_screen_name": null, "in_reply_to_user_id_str": null, "quoted_status_permalink": {"url": "https://t.co/GdeDRd6Pja", "display": "twitter.com/fundaredes_/st\u2026", "expanded": "https://twitter.com/fundaredes_/status/1391774350693519367"}, "in_reply_to_status_id_str": null}