{"id": 1369429574791102464, "geo": null, "lang": "es", "text": "Hoy sostuvimos un encuentro con l\u00edderes de la alternativa democr\u00e1tica en Nicaragua, quienes est\u00e1n luchando por elec\u2026 https://t.co/aMPs1giM29", "user": {"id": 39176902, "url": "https://youtube.com/channel/UCbSDz7_rVKXjZ9fRON16apQ", "lang": null, "name": "Juan Guaid\u00f3", "id_str": "39176902", "location": "Vargas", "verified": true, "following": null, "protected": false, "time_zone": null, "created_at": "Mon May 11 02:59:20 +0000 2009", "utc_offset": null, "description": "Servidor P\u00fablico, Presidente (E) de la Rep\u00fablica Bolivariana de Venezuela y la @AsambleaVe, apegado a los Art. 233/333 CRBV. Ingeniero. En todo amar y servir", "geo_enabled": true, "screen_name": "jguaido", "listed_count": 3254, "friends_count": 2797, "is_translator": false, "notifications": null, "statuses_count": 46070, "default_profile": true, "followers_count": 2629655, "translator_type": "none", "favourites_count": 26969, "profile_image_url": "http://pbs.twimg.com/profile_images/1253171841348370439/fLveV1IQ_normal.jpg", "profile_banner_url": "https://pbs.twimg.com/profile_banners/39176902/1587661135", "profile_link_color": "1DA1F2", "profile_text_color": "333333", "follow_request_sent": null, "contributors_enabled": false, "default_profile_image": false, "profile_background_tile": false, "profile_image_url_https": "https://pbs.twimg.com/profile_images/1253171841348370439/fLveV1IQ_normal.jpg", "profile_background_color": "C0DEED", "profile_sidebar_fill_color": "DDEEF6", "profile_background_image_url": "http://abs.twimg.com/images/themes/theme1/bg.png", "profile_sidebar_border_color": "C0DEED", "profile_use_background_image": true, "profile_background_image_url_https": "https://abs.twimg.com/images/themes/theme1/bg.png"}, "place": null, "id_str": "1369429574791102464", "source": "<a href=\"http://twitter.com/download/iphone\" rel=\"nofollow\">Twitter for iPhone</a>", "entities": {"urls": [{"url": "https://t.co/aMPs1giM29", "indices": [117, 140], "display_url": "twitter.com/i/web/status/1\u2026", "expanded_url": "https://twitter.com/i/web/status/1369429574791102464"}], "symbols": [], "hashtags": [], "user_mentions": []}, "favorited": false, "retweeted": false, "truncated": true, "created_at": "Tue Mar 09 23:27:08 +0000 2021", "coordinates": null, "quote_count": 0, "reply_count": 0, "contributors": null, "filter_level": "low", "timestamp_ms": "1615332428058", "quoted_status": {"id": 1369385932613369861, "geo": null, "lang": "es", "text": "Conversaci\u00f3n con el Presidente (E) de Venezuela Juan Guaid\u00f3 y los precandidatos presidenciales de Nicaragua. \u201cTenem\u2026 https://t.co/sSuh98z5er", "user": {"id": 1640497579, "url": "https://juansebastian.ch/", "lang": null, "name": "Juan Sebasti\u00e1n Chamorro", "id_str": "1640497579", "location": "Nicaragua", "verified": true, "following": null, "protected": false, "time_zone": null, "created_at": "Fri Aug 02 13:31:35 +0000 2013", "utc_offset": null, "description": "\u201cFactores que construyen:la pol\u00edtica con principios, la sabidur\u00eda con car\u00e1cter, negocios con moral, la ciencia con humanismo y la oraci\u00f3n con caridad\u201d. M Gandhi", "geo_enabled": false, "screen_name": "Jschamorrog", "listed_count": 43, "friends_count": 470, "is_translator": false, "notifications": null, "statuses_count": 839, "default_profile": true, "followers_count": 31435, "translator_type": "none", "favourites_count": 4116, "profile_image_url": "http://pbs.twimg.com/profile_images/1366154419025416196/qFUnLeaj_normal.jpg", "profile_banner_url": "https://pbs.twimg.com/profile_banners/1640497579/1591887050", "profile_link_color": "1DA1F2", "profile_text_color": "333333", "follow_request_sent": null, "contributors_enabled": false, "default_profile_image": false, "profile_background_tile": false, "profile_image_url_https": "https://pbs.twimg.com/profile_images/1366154419025416196/qFUnLeaj_normal.jpg", "profile_background_color": "C0DEED", "profile_sidebar_fill_color": "DDEEF6", "profile_background_image_url": "http://abs.twimg.com/images/themes/theme1/bg.png", "profile_sidebar_border_color": "C0DEED", "profile_use_background_image": true, "profile_background_image_url_https": "https://abs.twimg.com/images/themes/theme1/bg.png"}, "place": null, "id_str": "1369385932613369861", "source": "<a href=\"http://twitter.com/download/iphone\" rel=\"nofollow\">Twitter for iPhone</a>", "entities": {"urls": [{"url": "https://t.co/sSuh98z5er", "indices": [117, 140], "display_url": "twitter.com/i/web/status/1\u2026", "expanded_url": "https://twitter.com/i/web/status/1369385932613369861"}], "symbols": [], "hashtags": [], "user_mentions": []}, "favorited": false, "retweeted": false, "truncated": true, "created_at": "Tue Mar 09 20:33:42 +0000 2021", "coordinates": null, "quote_count": 5, "reply_count": 10, "contributors": null, "filter_level": "low", "retweet_count": 22, "extended_tweet": {"entities": {"urls": [], "media": [{"id": 1369385927441854469, "url": "https://t.co/1FTLVJIUdW", "type": "photo", "sizes": {"large": {"h": 937, "w": 1817, "resize": "fit"}, "small": {"h": 351, "w": 680, "resize": "fit"}, "thumb": {"h": 150, "w": 150, "resize": "crop"}, "medium": {"h": 619, "w": 1200, "resize": "fit"}}, "id_str": "1369385927441854469", "indices": [276, 299], "media_url": "http://pbs.twimg.com/media/EwEJPuWXMAUWHR0.jpg", "display_url": "pic.twitter.com/1FTLVJIUdW", "expanded_url": "https://twitter.com/Jschamorrog/status/1369385932613369861/photo/1", "media_url_https": "https://pbs.twimg.com/media/EwEJPuWXMAUWHR0.jpg"}], "symbols": [], "hashtags": [], "user_mentions": []}, "full_text": "Conversaci\u00f3n con el Presidente (E) de Venezuela Juan Guaid\u00f3 y los precandidatos presidenciales de Nicaragua. \u201cTenemos una causa com\u00fan\u201d dijo en referencia a la lucha de los pueblos hermanos por la democracia. Ser\u00e1 vital la determinaci\u00f3n en alcanzar el objetivo de la libertad. https://t.co/1FTLVJIUdW", "extended_entities": {"media": [{"id": 1369385927441854469, "url": "https://t.co/1FTLVJIUdW", "type": "photo", "sizes": {"large": {"h": 937, "w": 1817, "resize": "fit"}, "small": {"h": 351, "w": 680, "resize": "fit"}, "thumb": {"h": 150, "w": 150, "resize": "crop"}, "medium": {"h": 619, "w": 1200, "resize": "fit"}}, "id_str": "1369385927441854469", "indices": [276, 299], "media_url": "http://pbs.twimg.com/media/EwEJPuWXMAUWHR0.jpg", "display_url": "pic.twitter.com/1FTLVJIUdW", "expanded_url": "https://twitter.com/Jschamorrog/status/1369385932613369861/photo/1", "media_url_https": "https://pbs.twimg.com/media/EwEJPuWXMAUWHR0.jpg"}]}, "display_text_range": [0, 275]}, "favorite_count": 105, "is_quote_status": false, "display_text_range": [0, 140], "possibly_sensitive": false, "in_reply_to_user_id": null, "in_reply_to_status_id": null, "in_reply_to_screen_name": null, "in_reply_to_user_id_str": null, "in_reply_to_status_id_str": null}, "retweet_count": 0, "extended_tweet": {"entities": {"urls": [], "symbols": [], "hashtags": [], "user_mentions": []}, "full_text": "Hoy sostuvimos un encuentro con l\u00edderes de la alternativa democr\u00e1tica en Nicaragua, quienes est\u00e1n luchando por elecciones libres y justas y enfrentar\u00e1n unidos a la dictadura.\n\nRescatar la democracia y libertad en nuestros pa\u00edses es una causa com\u00fan. Uni\u00f3n de todos para lograrlo.", "display_text_range": [0, 278]}, "favorite_count": 0, "is_quote_status": true, "quoted_status_id": 1369385932613369861, "in_reply_to_user_id": null, "quoted_status_id_str": "1369385932613369861", "in_reply_to_status_id": null, "in_reply_to_screen_name": null, "in_reply_to_user_id_str": null, "quoted_status_permalink": {"url": "https://t.co/nWchd7suQB", "display": "twitter.com/jschamorrog/st\u2026", "expanded": "https://twitter.com/jschamorrog/status/1369385932613369861"}, "in_reply_to_status_id_str": null}