{"id": 1346877983953473544, "geo": null, "lang": "es", "text": "RT @Almagro_OEA2015: Reafirmamos lo expresado por el Grupo de Lima, es urgente restablecer la democracia y los DDHH en #Venezuela. La @Asam\u2026", "user": {"id": 39176902, "url": "https://youtube.com/channel/UCbSDz7_rVKXjZ9fRON16apQ", "lang": null, "name": "Juan Guaid\u00f3", "id_str": "39176902", "location": "Vargas", "verified": true, "following": null, "protected": false, "time_zone": null, "created_at": "Mon May 11 02:59:20 +0000 2009", "utc_offset": null, "description": "Servidor P\u00fablico, Presidente (E) de la Rep\u00fablica Bolivariana de Venezuela y la @AsambleaVe, apegado a los Art. 233/333 CRBV. Ingeniero. En todo amar y servir", "geo_enabled": true, "screen_name": "jguaido", "listed_count": 3252, "friends_count": 2780, "is_translator": false, "notifications": null, "statuses_count": 45601, "default_profile": true, "followers_count": 2630769, "translator_type": "none", "favourites_count": 25291, "profile_image_url": "http://pbs.twimg.com/profile_images/1253171841348370439/fLveV1IQ_normal.jpg", "profile_banner_url": "https://pbs.twimg.com/profile_banners/39176902/1587661135", "profile_link_color": "1DA1F2", "profile_text_color": "333333", "follow_request_sent": null, "contributors_enabled": false, "default_profile_image": false, "profile_background_tile": false, "profile_image_url_https": "https://pbs.twimg.com/profile_images/1253171841348370439/fLveV1IQ_normal.jpg", "profile_background_color": "C0DEED", "profile_sidebar_fill_color": "DDEEF6", "profile_background_image_url": "http://abs.twimg.com/images/themes/theme1/bg.png", "profile_sidebar_border_color": "C0DEED", "profile_use_background_image": true, "profile_background_image_url_https": "https://abs.twimg.com/images/themes/theme1/bg.png"}, "place": null, "id_str": "1346877983953473544", "source": "<a href=\"http://twitter.com/download/iphone\" rel=\"nofollow\">Twitter for iPhone</a>", "entities": {"urls": [], "symbols": [], "hashtags": [{"text": "Venezuela", "indices": [119, 129]}], "user_mentions": [{"id": 2802545808, "name": "Luis Almagro", "id_str": "2802545808", "indices": [3, 19], "screen_name": "Almagro_OEA2015"}]}, "favorited": false, "retweeted": false, "truncated": false, "created_at": "Wed Jan 06 17:55:09 +0000 2021", "coordinates": null, "quote_count": 0, "reply_count": 0, "contributors": null, "filter_level": "low", "timestamp_ms": "1609955709814", "quoted_status": {"id": 1346617069777920000, "geo": null, "lang": "es", "text": "Los firmantes, pa\u00edses interesados en la pronta soluci\u00f3n a la crisis multidimensional que afecta a Venezuela, inclui\u2026 https://t.co/YfhB3BvXmD", "user": {"id": 262398126, "url": "http://www.cancilleria.gov.co", "lang": null, "name": "Canciller\u00eda Colombia", "id_str": "262398126", "location": "Bogot\u00e1, Colombia.", "verified": true, "following": null, "protected": false, "time_zone": null, "created_at": "Mon Mar 07 23:56:40 +0000 2011", "utc_offset": null, "description": "La Canciller\u00eda de Colombia promueve tanto los intereses nacionales a trav\u00e9s de la pol\u00edtica exterior, como los v\u00ednculos con colombianos que viven fuera del pa\u00eds.", "geo_enabled": false, "screen_name": "CancilleriaCol", "listed_count": 1175, "friends_count": 1266, "is_translator": false, "notifications": null, "statuses_count": 59759, "default_profile": false, "followers_count": 297921, "translator_type": "none", "favourites_count": 2183, "profile_image_url": "http://pbs.twimg.com/profile_images/1159094393774718978/J7JbQsK4_normal.jpg", "profile_banner_url": "https://pbs.twimg.com/profile_banners/262398126/1607093836", "profile_link_color": "0084B4", "profile_text_color": "333333", "follow_request_sent": null, "contributors_enabled": false, "default_profile_image": false, "profile_background_tile": false, "profile_image_url_https": "https://pbs.twimg.com/profile_images/1159094393774718978/J7JbQsK4_normal.jpg", "profile_background_color": "C0DEED", "profile_sidebar_fill_color": "DDEEF6", "profile_background_image_url": "http://abs.twimg.com/images/themes/theme1/bg.png", "profile_sidebar_border_color": "FFFFFF", "profile_use_background_image": true, "profile_background_image_url_https": "https://abs.twimg.com/images/themes/theme1/bg.png"}, "place": null, "id_str": "1346617069777920000", "source": "<a href=\"https://mobile.twitter.com\" rel=\"nofollow\">Twitter Web App</a>", "entities": {"urls": [{"url": "https://t.co/YfhB3BvXmD", "indices": [117, 140], "display_url": "twitter.com/i/web/status/1\u2026", "expanded_url": "https://twitter.com/i/web/status/1346617069777920000"}], "symbols": [], "hashtags": [], "user_mentions": []}, "favorited": false, "retweeted": false, "truncated": true, "created_at": "Wed Jan 06 00:38:23 +0000 2021", "coordinates": null, "quote_count": 7, "reply_count": 17, "contributors": null, "filter_level": "low", "retweet_count": 203, "extended_tweet": {"entities": {"urls": [{"url": "https://t.co/191YpAyM3C", "indices": [237, 260], "display_url": "cancilleria.gov.co/newsroom/news/\u2026", "expanded_url": "https://www.cancilleria.gov.co/newsroom/news/declaracion-grupo-lima-10"}], "media": [{"id": 1346617051968921600, "url": "https://t.co/dJGBzvuQBq", "type": "photo", "sizes": {"large": {"h": 260, "w": 600, "resize": "fit"}, "small": {"h": 260, "w": 600, "resize": "fit"}, "thumb": {"h": 150, "w": 150, "resize": "crop"}, "medium": {"h": 260, "w": 600, "resize": "fit"}}, "id_str": "1346617051968921600", "indices": [261, 284], "media_url": "http://pbs.twimg.com/media/ErAlEvcXYAAL5eT.jpg", "display_url": "pic.twitter.com/dJGBzvuQBq", "expanded_url": "https://twitter.com/CancilleriaCol/status/1346617069777920000/photo/1", "media_url_https": "https://pbs.twimg.com/media/ErAlEvcXYAAL5eT.jpg"}], "symbols": [], "hashtags": [], "user_mentions": []}, "full_text": "Los firmantes, pa\u00edses interesados en la pronta soluci\u00f3n a la crisis multidimensional que afecta a Venezuela, incluidos los miembros del Grupo de Lima y otros pa\u00edses comprometidos con el retorno de la democracia, declaramos lo siguiente: https://t.co/191YpAyM3C https://t.co/dJGBzvuQBq", "extended_entities": {"media": [{"id": 1346617051968921600, "url": "https://t.co/dJGBzvuQBq", "type": "photo", "sizes": {"large": {"h": 260, "w": 600, "resize": "fit"}, "small": {"h": 260, "w": 600, "resize": "fit"}, "thumb": {"h": 150, "w": 150, "resize": "crop"}, "medium": {"h": 260, "w": 600, "resize": "fit"}}, "id_str": "1346617051968921600", "indices": [261, 284], "media_url": "http://pbs.twimg.com/media/ErAlEvcXYAAL5eT.jpg", "display_url": "pic.twitter.com/dJGBzvuQBq", "expanded_url": "https://twitter.com/CancilleriaCol/status/1346617069777920000/photo/1", "media_url_https": "https://pbs.twimg.com/media/ErAlEvcXYAAL5eT.jpg"}]}, "display_text_range": [0, 260]}, "favorite_count": 287, "is_quote_status": false, "display_text_range": [0, 140], "possibly_sensitive": false, "in_reply_to_user_id": null, "in_reply_to_status_id": null, "in_reply_to_screen_name": null, "in_reply_to_user_id_str": null, "in_reply_to_status_id_str": null}, "retweet_count": 0, "favorite_count": 0, "is_quote_status": true, "quoted_status_id": 1346617069777920000, "retweeted_status": {"id": 1346870057742295047, "geo": null, "lang": "es", "text": "Reafirmamos lo expresado por el Grupo de Lima, es urgente restablecer la democracia y los DDHH en #Venezuela. La\u2026 https://t.co/G934V2VXnW", "user": {"id": 2802545808, "url": "http://www.oas.org", "lang": null, "name": "Luis Almagro", "id_str": "2802545808", "location": "Las Am\u00e9ricas", "verified": true, "following": null, "protected": false, "time_zone": null, "created_at": "Wed Sep 10 22:46:26 +0000 2014", "utc_offset": null, "description": "Mi visi\u00f3n: riqueza compartida y oportunidades xa tod@s en las Am\u00e9ricas, con una OEA que fortalezca democracia, desarrollo, seguridad y DDHH #M\u00e1sDerechosM\u00e1sGente", "geo_enabled": true, "screen_name": "Almagro_OEA2015", "listed_count": 1787, "friends_count": 320, "is_translator": false, "notifications": null, "statuses_count": 9193, "default_profile": true, "followers_count": 1461015, "translator_type": "none", "favourites_count": 62, "profile_image_url": "http://pbs.twimg.com/profile_images/677532965350588416/1kKoTlwI_normal.jpg", "profile_banner_url": "https://pbs.twimg.com/profile_banners/2802545808/1450372030", "profile_link_color": "1DA1F2", "profile_text_color": "333333", "follow_request_sent": null, "contributors_enabled": false, "default_profile_image": false, "profile_background_tile": false, "profile_image_url_https": "https://pbs.twimg.com/profile_images/677532965350588416/1kKoTlwI_normal.jpg", "profile_background_color": "C0DEED", "profile_sidebar_fill_color": "DDEEF6", "profile_background_image_url": "http://abs.twimg.com/images/themes/theme1/bg.png", "profile_sidebar_border_color": "C0DEED", "profile_use_background_image": true, "profile_background_image_url_https": "https://abs.twimg.com/images/themes/theme1/bg.png"}, "place": null, "id_str": "1346870057742295047", "source": "<a href=\"http://twitter.com/download/android\" rel=\"nofollow\">Twitter for Android</a>", "entities": {"urls": [{"url": "https://t.co/G934V2VXnW", "indices": [114, 137], "display_url": "twitter.com/i/web/status/1\u2026", "expanded_url": "https://twitter.com/i/web/status/1346870057742295047"}], "symbols": [], "hashtags": [{"text": "Venezuela", "indices": [98, 108]}], "user_mentions": []}, "favorited": false, "retweeted": false, "truncated": true, "created_at": "Wed Jan 06 17:23:40 +0000 2021", "coordinates": null, "quote_count": 17, "reply_count": 37, "contributors": null, "filter_level": "low", "quoted_status": {"id": 1346617069777920000, "geo": null, "lang": "es", "text": "Los firmantes, pa\u00edses interesados en la pronta soluci\u00f3n a la crisis multidimensional que afecta a Venezuela, inclui\u2026 https://t.co/YfhB3BvXmD", "user": {"id": 262398126, "url": "http://www.cancilleria.gov.co", "lang": null, "name": "Canciller\u00eda Colombia", "id_str": "262398126", "location": "Bogot\u00e1, Colombia.", "verified": true, "following": null, "protected": false, "time_zone": null, "created_at": "Mon Mar 07 23:56:40 +0000 2011", "utc_offset": null, "description": "La Canciller\u00eda de Colombia promueve tanto los intereses nacionales a trav\u00e9s de la pol\u00edtica exterior, como los v\u00ednculos con colombianos que viven fuera del pa\u00eds.", "geo_enabled": false, "screen_name": "CancilleriaCol", "listed_count": 1175, "friends_count": 1266, "is_translator": false, "notifications": null, "statuses_count": 59759, "default_profile": false, "followers_count": 297921, "translator_type": "none", "favourites_count": 2183, "profile_image_url": "http://pbs.twimg.com/profile_images/1159094393774718978/J7JbQsK4_normal.jpg", "profile_banner_url": "https://pbs.twimg.com/profile_banners/262398126/1607093836", "profile_link_color": "0084B4", "profile_text_color": "333333", "follow_request_sent": null, "contributors_enabled": false, "default_profile_image": false, "profile_background_tile": false, "profile_image_url_https": "https://pbs.twimg.com/profile_images/1159094393774718978/J7JbQsK4_normal.jpg", "profile_background_color": "C0DEED", "profile_sidebar_fill_color": "DDEEF6", "profile_background_image_url": "http://abs.twimg.com/images/themes/theme1/bg.png", "profile_sidebar_border_color": "FFFFFF", "profile_use_background_image": true, "profile_background_image_url_https": "https://abs.twimg.com/images/themes/theme1/bg.png"}, "place": null, "id_str": "1346617069777920000", "source": "<a href=\"https://mobile.twitter.com\" rel=\"nofollow\">Twitter Web App</a>", "entities": {"urls": [{"url": "https://t.co/YfhB3BvXmD", "indices": [117, 140], "display_url": "twitter.com/i/web/status/1\u2026", "expanded_url": "https://twitter.com/i/web/status/1346617069777920000"}], "symbols": [], "hashtags": [], "user_mentions": []}, "favorited": false, "retweeted": false, "truncated": true, "created_at": "Wed Jan 06 00:38:23 +0000 2021", "coordinates": null, "quote_count": 7, "reply_count": 17, "contributors": null, "filter_level": "low", "retweet_count": 203, "extended_tweet": {"entities": {"urls": [{"url": "https://t.co/191YpAyM3C", "indices": [237, 260], "display_url": "cancilleria.gov.co/newsroom/news/\u2026", "expanded_url": "https://www.cancilleria.gov.co/newsroom/news/declaracion-grupo-lima-10"}], "media": [{"id": 1346617051968921600, "url": "https://t.co/dJGBzvuQBq", "type": "photo", "sizes": {"large": {"h": 260, "w": 600, "resize": "fit"}, "small": {"h": 260, "w": 600, "resize": "fit"}, "thumb": {"h": 150, "w": 150, "resize": "crop"}, "medium": {"h": 260, "w": 600, "resize": "fit"}}, "id_str": "1346617051968921600", "indices": [261, 284], "media_url": "http://pbs.twimg.com/media/ErAlEvcXYAAL5eT.jpg", "display_url": "pic.twitter.com/dJGBzvuQBq", "expanded_url": "https://twitter.com/CancilleriaCol/status/1346617069777920000/photo/1", "media_url_https": "https://pbs.twimg.com/media/ErAlEvcXYAAL5eT.jpg"}], "symbols": [], "hashtags": [], "user_mentions": []}, "full_text": "Los firmantes, pa\u00edses interesados en la pronta soluci\u00f3n a la crisis multidimensional que afecta a Venezuela, incluidos los miembros del Grupo de Lima y otros pa\u00edses comprometidos con el retorno de la democracia, declaramos lo siguiente: https://t.co/191YpAyM3C https://t.co/dJGBzvuQBq", "extended_entities": {"media": [{"id": 1346617051968921600, "url": "https://t.co/dJGBzvuQBq", "type": "photo", "sizes": {"large": {"h": 260, "w": 600, "resize": "fit"}, "small": {"h": 260, "w": 600, "resize": "fit"}, "thumb": {"h": 150, "w": 150, "resize": "crop"}, "medium": {"h": 260, "w": 600, "resize": "fit"}}, "id_str": "1346617051968921600", "indices": [261, 284], "media_url": "http://pbs.twimg.com/media/ErAlEvcXYAAL5eT.jpg", "display_url": "pic.twitter.com/dJGBzvuQBq", "expanded_url": "https://twitter.com/CancilleriaCol/status/1346617069777920000/photo/1", "media_url_https": "https://pbs.twimg.com/media/ErAlEvcXYAAL5eT.jpg"}]}, "display_text_range": [0, 260]}, "favorite_count": 287, "is_quote_status": false, "display_text_range": [0, 140], "possibly_sensitive": false, "in_reply_to_user_id": null, "in_reply_to_status_id": null, "in_reply_to_screen_name": null, "in_reply_to_user_id_str": null, "in_reply_to_status_id_str": null}, "retweet_count": 180, "extended_tweet": {"entities": {"urls": [], "symbols": [], "hashtags": [{"text": "Venezuela", "indices": [98, 108]}, {"text": "OEAconVzla", "indices": [268, 279]}], "user_mentions": [{"id": 4744395743, "name": "Asamblea Nacional", "id_str": "4744395743", "indices": [113, 124], "screen_name": "AsambleaVE"}]}, "full_text": "Reafirmamos lo expresado por el Grupo de Lima, es urgente restablecer la democracia y los DDHH en #Venezuela. La @AsambleaVE es el \u00fanico \u00f3rgano leg\u00edtimo y la comunidad internacional debe desconocer la espuria asamblea instalada con m\u00e9todos ileg\u00edtimos por la dictadura #OEAconVzla", "display_text_range": [0, 279]}, "favorite_count": 224, "is_quote_status": true, "quoted_status_id": 1346617069777920000, "in_reply_to_user_id": null, "quoted_status_id_str": "1346617069777920000", "in_reply_to_status_id": null, "in_reply_to_screen_name": null, "in_reply_to_user_id_str": null, "quoted_status_permalink": {"url": "https://t.co/Vz83C4TiJT", "display": "twitter.com/CancilleriaCol\u2026", "expanded": "https://twitter.com/CancilleriaCol/status/1346617069777920000"}, "in_reply_to_status_id_str": null}, "in_reply_to_user_id": null, "quoted_status_id_str": "1346617069777920000", "in_reply_to_status_id": null, "in_reply_to_screen_name": null, "in_reply_to_user_id_str": null, "quoted_status_permalink": {"url": "https://t.co/Vz83C4TiJT", "display": "twitter.com/CancilleriaCol\u2026", "expanded": "https://twitter.com/CancilleriaCol/status/1346617069777920000"}, "in_reply_to_status_id_str": null}