{"id": 1334188330590867456, "geo": null, "lang": "es", "text": "RT @TonoEPP: Un honor contar con el presidente encargado de #Venezuela @jguaido en la reuni\u00f3n de AAEE del PPE. Le transmit\u00ed apoyo total del\u2026", "user": {"id": 39176902, "url": "https://www.facebook.com/JGuaido/", "lang": null, "name": "Juan Guaid\u00f3", "id_str": "39176902", "location": "Vargas", "verified": true, "following": null, "protected": false, "time_zone": null, "created_at": "Mon May 11 02:59:20 +0000 2009", "utc_offset": null, "description": "Servidor P\u00fablico, Presidente (E) de la Rep\u00fablica Bolivariana de Venezuela y la @AsambleaVe, apegado a los Art. 233/333 CRBV. Ingeniero. En todo amar y servir", "geo_enabled": true, "screen_name": "jguaido", "listed_count": 3248, "friends_count": 2781, "is_translator": false, "notifications": null, "statuses_count": 45158, "default_profile": true, "followers_count": 2625187, "translator_type": "none", "favourites_count": 23664, "profile_image_url": "http://pbs.twimg.com/profile_images/1253171841348370439/fLveV1IQ_normal.jpg", "profile_banner_url": "https://pbs.twimg.com/profile_banners/39176902/1587661135", "profile_link_color": "1DA1F2", "profile_text_color": "333333", "follow_request_sent": null, "contributors_enabled": false, "default_profile_image": false, "profile_background_tile": false, "profile_image_url_https": "https://pbs.twimg.com/profile_images/1253171841348370439/fLveV1IQ_normal.jpg", "profile_background_color": "C0DEED", "profile_sidebar_fill_color": "DDEEF6", "profile_background_image_url": "http://abs.twimg.com/images/themes/theme1/bg.png", "profile_sidebar_border_color": "C0DEED", "profile_use_background_image": true, "profile_background_image_url_https": "https://abs.twimg.com/images/themes/theme1/bg.png"}, "place": null, "id_str": "1334188330590867456", "source": "<a href=\"http://twitter.com/download/iphone\" rel=\"nofollow\">Twitter for iPhone</a>", "entities": {"urls": [], "symbols": [], "hashtags": [{"text": "Venezuela", "indices": [60, 70]}], "user_mentions": [{"id": 119434647, "name": "Antonio L\u00f3pez-Ist\u00fariz White", "id_str": "119434647", "indices": [3, 11], "screen_name": "TonoEPP"}, {"id": 39176902, "name": "Juan Guaid\u00f3", "id_str": "39176902", "indices": [71, 79], "screen_name": "jguaido"}]}, "favorited": false, "retweeted": false, "truncated": false, "created_at": "Wed Dec 02 17:31:00 +0000 2020", "coordinates": null, "quote_count": 0, "reply_count": 0, "contributors": null, "filter_level": "low", "timestamp_ms": "1606930260690", "retweet_count": 0, "favorite_count": 0, "is_quote_status": false, "retweeted_status": {"id": 1334186539174273024, "geo": null, "lang": "es", "text": "Un honor contar con el presidente encargado de #Venezuela @jguaido en la reuni\u00f3n de AAEE del PPE. Le transmit\u00ed apoy\u2026 https://t.co/jYXBPZslfW", "user": {"id": 119434647, "url": "http://www.antoniolopezisturiz.eu", "lang": null, "name": "Antonio L\u00f3pez-Ist\u00fariz White", "id_str": "119434647", "location": "Europe", "verified": true, "following": null, "protected": false, "time_zone": null, "created_at": "Wed Mar 03 16:56:13 +0000 2010", "utc_offset": null, "description": "@EPP Secretary General & MEP; Secretario General del @PPE_ES y eurodiputado. Chair Delegation for Relations with Israel. Pdte. Delegaci\u00f3n Relaciones con Israel", "geo_enabled": true, "screen_name": "TonoEPP", "listed_count": 430, "friends_count": 3708, "is_translator": false, "notifications": null, "statuses_count": 5048, "default_profile": false, "followers_count": 11162, "translator_type": "none", "favourites_count": 2565, "profile_image_url": "http://pbs.twimg.com/profile_images/1095713432408637441/3hjWPafy_normal.png", "profile_banner_url": "https://pbs.twimg.com/profile_banners/119434647/1549634957", "profile_link_color": "3705FF", "profile_text_color": "303030", "follow_request_sent": null, "contributors_enabled": false, "default_profile_image": false, "profile_background_tile": false, "profile_image_url_https": "https://pbs.twimg.com/profile_images/1095713432408637441/3hjWPafy_normal.png", "profile_background_color": "0F0E0E", "profile_sidebar_fill_color": "FFBC2B", "profile_background_image_url": "http://abs.twimg.com/images/themes/theme1/bg.png", "profile_sidebar_border_color": "0F0FFF", "profile_use_background_image": true, "profile_background_image_url_https": "https://abs.twimg.com/images/themes/theme1/bg.png"}, "place": null, "id_str": "1334186539174273024", "source": "<a href=\"http://twitter.com/download/iphone\" rel=\"nofollow\">Twitter for iPhone</a>", "entities": {"urls": [{"url": "https://t.co/jYXBPZslfW", "indices": [117, 140], "display_url": "twitter.com/i/web/status/1\u2026", "expanded_url": "https://twitter.com/i/web/status/1334186539174273024"}], "symbols": [], "hashtags": [{"text": "Venezuela", "indices": [47, 57]}], "user_mentions": [{"id": 39176902, "name": "Juan Guaid\u00f3", "id_str": "39176902", "indices": [58, 66], "screen_name": "jguaido"}]}, "favorited": false, "retweeted": false, "truncated": true, "created_at": "Wed Dec 02 17:23:53 +0000 2020", "coordinates": null, "quote_count": 0, "reply_count": 0, "contributors": null, "filter_level": "low", "retweet_count": 2, "extended_tweet": {"entities": {"urls": [], "media": [{"id": 1334186534854160387, "url": "https://t.co/I5n1NlRy6V", "type": "photo", "sizes": {"large": {"h": 1262, "w": 1600, "resize": "fit"}, "small": {"h": 536, "w": 680, "resize": "fit"}, "thumb": {"h": 150, "w": 150, "resize": "crop"}, "medium": {"h": 947, "w": 1200, "resize": "fit"}}, "id_str": "1334186534854160387", "indices": [278, 301], "media_url": "http://pbs.twimg.com/media/EoP7laoXcAM0CCa.jpg", "display_url": "pic.twitter.com/I5n1NlRy6V", "expanded_url": "https://twitter.com/TonoEPP/status/1334186539174273024/photo/1", "media_url_https": "https://pbs.twimg.com/media/EoP7laoXcAM0CCa.jpg"}], "symbols": [], "hashtags": [{"text": "Venezuela", "indices": [47, 57]}], "user_mentions": [{"id": 39176902, "name": "Juan Guaid\u00f3", "id_str": "39176902", "indices": [58, 66], "screen_name": "jguaido"}]}, "full_text": "Un honor contar con el presidente encargado de #Venezuela @jguaido en la reuni\u00f3n de AAEE del PPE. Le transmit\u00ed apoyo total del PPE en su trabajo y lucha incansable por una Venezuela libre y democr\u00e1tica.\n\nLa UE debe ejercer una fuerte presi\u00f3n internacional al r\u00e9gimen de Maduro. https://t.co/I5n1NlRy6V", "extended_entities": {"media": [{"id": 1334186534854160387, "url": "https://t.co/I5n1NlRy6V", "type": "photo", "sizes": {"large": {"h": 1262, "w": 1600, "resize": "fit"}, "small": {"h": 536, "w": 680, "resize": "fit"}, "thumb": {"h": 150, "w": 150, "resize": "crop"}, "medium": {"h": 947, "w": 1200, "resize": "fit"}}, "id_str": "1334186534854160387", "indices": [278, 301], "media_url": "http://pbs.twimg.com/media/EoP7laoXcAM0CCa.jpg", "display_url": "pic.twitter.com/I5n1NlRy6V", "expanded_url": "https://twitter.com/TonoEPP/status/1334186539174273024/photo/1", "media_url_https": "https://pbs.twimg.com/media/EoP7laoXcAM0CCa.jpg"}]}, "display_text_range": [0, 277]}, "favorite_count": 1, "is_quote_status": false, "display_text_range": [0, 140], "possibly_sensitive": false, "in_reply_to_user_id": null, "in_reply_to_status_id": null, "in_reply_to_screen_name": null, "in_reply_to_user_id_str": null, "in_reply_to_status_id_str": null}, "in_reply_to_user_id": null, "in_reply_to_status_id": null, "in_reply_to_screen_name": null, "in_reply_to_user_id_str": null, "in_reply_to_status_id_str": null}