{"id": 1316334323746959360, "geo": null, "lang": "es", "text": "RT @jguaido: Nuestra regi\u00f3n no va caer en el fraude del 6D y comprende que, tras el Informe de la ONU que vincula a la dictadura con cr\u00edmen\u2026", "user": {"id": 39176902, "url": "https://www.facebook.com/JGuaido/", "lang": null, "name": "Juan Guaid\u00f3", "id_str": "39176902", "location": "Vargas", "verified": true, "following": null, "protected": false, "time_zone": null, "created_at": "Mon May 11 02:59:20 +0000 2009", "utc_offset": null, "description": "Servidor P\u00fablico, Presidente (E) de la Rep\u00fablica Bolivariana de Venezuela y la @AsambleaVe, apegado a los Art. 233/333 CRBV. Ingeniero. En todo amar y servir", "geo_enabled": true, "screen_name": "jguaido", "listed_count": 3204, "friends_count": 2782, "is_translator": false, "notifications": null, "statuses_count": 44650, "default_profile": true, "followers_count": 2618828, "translator_type": "none", "favourites_count": 21487, "profile_image_url": "http://pbs.twimg.com/profile_images/1253171841348370439/fLveV1IQ_normal.jpg", "profile_banner_url": "https://pbs.twimg.com/profile_banners/39176902/1587661135", "profile_link_color": "1DA1F2", "profile_text_color": "333333", "follow_request_sent": null, "contributors_enabled": false, "default_profile_image": false, "profile_background_tile": false, "profile_image_url_https": "https://pbs.twimg.com/profile_images/1253171841348370439/fLveV1IQ_normal.jpg", "profile_background_color": "C0DEED", "profile_sidebar_fill_color": "DDEEF6", "profile_background_image_url": "http://abs.twimg.com/images/themes/theme1/bg.png", "profile_sidebar_border_color": "C0DEED", "profile_use_background_image": true, "profile_background_image_url_https": "https://abs.twimg.com/images/themes/theme1/bg.png"}, "place": null, "id_str": "1316334323746959360", "source": "<a href=\"http://twitter.com/download/iphone\" rel=\"nofollow\">Twitter for iPhone</a>", "entities": {"urls": [], "symbols": [], "hashtags": [], "user_mentions": [{"id": 39176902, "name": "Juan Guaid\u00f3", "id_str": "39176902", "indices": [3, 11], "screen_name": "jguaido"}]}, "favorited": false, "retweeted": false, "truncated": false, "created_at": "Wed Oct 14 11:05:33 +0000 2020", "coordinates": null, "quote_count": 0, "reply_count": 0, "contributors": null, "filter_level": "low", "timestamp_ms": "1602673533747", "quoted_status": {"id": 1316092296937512960, "geo": null, "lang": "es", "text": "Grupo de Lima reitera el respaldo al presidente (e) @jguaido, su rechazo a la farsa electoral del 6-D y pide aceler\u2026 https://t.co/hO1VSGsTzb", "user": {"id": 1088178314953613313, "url": "https://bit.ly/3aGsMhs", "lang": null, "name": "Centro de Comunicaci\u00f3n Nacional", "id_str": "1088178314953613313", "location": "Caracas, Venezuela", "verified": true, "following": null, "protected": false, "time_zone": null, "created_at": "Wed Jan 23 20:55:02 +0000 2019", "utc_offset": null, "description": "Cuenta Oficial de la Presidencia (E) de la Rep\u00fablica Bolivariana de Venezuela \ud83c\uddfb\ud83c\uddea", "geo_enabled": true, "screen_name": "Presidencia_VE", "listed_count": 719, "friends_count": 160, "is_translator": false, "notifications": null, "statuses_count": 22563, "default_profile": false, "followers_count": 422599, "translator_type": "none", "favourites_count": 34, "profile_image_url": "http://pbs.twimg.com/profile_images/1121618457622138880/jUsXozeE_normal.png", "profile_banner_url": "https://pbs.twimg.com/profile_banners/1088178314953613313/1556559529", "profile_link_color": "FAB81E", "profile_text_color": "000000", "follow_request_sent": null, "contributors_enabled": false, "default_profile_image": false, "profile_background_tile": false, "profile_image_url_https": "https://pbs.twimg.com/profile_images/1121618457622138880/jUsXozeE_normal.png", "profile_background_color": "000000", "profile_sidebar_fill_color": "000000", "profile_background_image_url": "http://abs.twimg.com/images/themes/theme1/bg.png", "profile_sidebar_border_color": "000000", "profile_use_background_image": false, "profile_background_image_url_https": "https://abs.twimg.com/images/themes/theme1/bg.png"}, "place": null, "id_str": "1316092296937512960", "source": "<a href=\"http://twitter.com/download/iphone\" rel=\"nofollow\">Twitter for iPhone</a>", "entities": {"urls": [{"url": "https://t.co/hO1VSGsTzb", "indices": [117, 140], "display_url": "twitter.com/i/web/status/1\u2026", "expanded_url": "https://twitter.com/i/web/status/1316092296937512960"}], "symbols": [], "hashtags": [], "user_mentions": [{"id": 39176902, "name": "Juan Guaid\u00f3", "id_str": "39176902", "indices": [52, 60], "screen_name": "jguaido"}]}, "favorited": false, "retweeted": false, "truncated": true, "created_at": "Tue Oct 13 19:03:50 +0000 2020", "coordinates": null, "quote_count": 22, "reply_count": 48, "contributors": null, "filter_level": "low", "retweet_count": 1095, "extended_tweet": {"entities": {"urls": [{"url": "https://t.co/d0RHrgcHIN", "indices": [188, 211], "display_url": "vepresidente.com/internacional/\u2026", "expanded_url": "https://vepresidente.com/internacional/grupo-de-lima-reitera-el-respaldo-al-presidente-e-guaido-su-rechazo-a-la-farsa-electoral-del-6-d-y-pide-acelerar-tramites-ante-cpi-para-juzgar-a-maduro-por-crimenes-de-lesa-humanidad/"}], "symbols": [], "hashtags": [], "user_mentions": [{"id": 39176902, "name": "Juan Guaid\u00f3", "id_str": "39176902", "indices": [52, 60], "screen_name": "jguaido"}]}, "full_text": "Grupo de Lima reitera el respaldo al presidente (e) @jguaido, su rechazo a la farsa electoral del 6-D y pide acelerar tr\u00e1mites ante CPI para juzgar a Maduro por cr\u00edmenes de lesa humanidad https://t.co/d0RHrgcHIN", "display_text_range": [0, 211]}, "favorite_count": 1528, "is_quote_status": false, "possibly_sensitive": false, "in_reply_to_user_id": null, "in_reply_to_status_id": null, "in_reply_to_screen_name": null, "in_reply_to_user_id_str": null, "in_reply_to_status_id_str": null}, "retweet_count": 0, "favorite_count": 0, "is_quote_status": true, "quoted_status_id": 1316092296937512960, "retweeted_status": {"id": 1316150372461756416, "geo": null, "lang": "es", "text": "Nuestra regi\u00f3n no va caer en el fraude del 6D y comprende que, tras el Informe de la ONU que vincula a la dictadura\u2026 https://t.co/2WYzSUNG9Z", "user": {"id": 39176902, "url": "https://www.facebook.com/JGuaido/", "lang": null, "name": "Juan Guaid\u00f3", "id_str": "39176902", "location": "Vargas", "verified": true, "following": null, "protected": false, "time_zone": null, "created_at": "Mon May 11 02:59:20 +0000 2009", "utc_offset": null, "description": "Servidor P\u00fablico, Presidente (E) de la Rep\u00fablica Bolivariana de Venezuela y la @AsambleaVe, apegado a los Art. 233/333 CRBV. Ingeniero. En todo amar y servir", "geo_enabled": true, "screen_name": "jguaido", "listed_count": 3204, "friends_count": 2782, "is_translator": false, "notifications": null, "statuses_count": 44649, "default_profile": true, "followers_count": 2618828, "translator_type": "none", "favourites_count": 21487, "profile_image_url": "http://pbs.twimg.com/profile_images/1253171841348370439/fLveV1IQ_normal.jpg", "profile_banner_url": "https://pbs.twimg.com/profile_banners/39176902/1587661135", "profile_link_color": "1DA1F2", "profile_text_color": "333333", "follow_request_sent": null, "contributors_enabled": false, "default_profile_image": false, "profile_background_tile": false, "profile_image_url_https": "https://pbs.twimg.com/profile_images/1253171841348370439/fLveV1IQ_normal.jpg", "profile_background_color": "C0DEED", "profile_sidebar_fill_color": "DDEEF6", "profile_background_image_url": "http://abs.twimg.com/images/themes/theme1/bg.png", "profile_sidebar_border_color": "C0DEED", "profile_use_background_image": true, "profile_background_image_url_https": "https://abs.twimg.com/images/themes/theme1/bg.png"}, "place": null, "id_str": "1316150372461756416", "source": "<a href=\"http://twitter.com/download/iphone\" rel=\"nofollow\">Twitter for iPhone</a>", "entities": {"urls": [{"url": "https://t.co/2WYzSUNG9Z", "indices": [117, 140], "display_url": "twitter.com/i/web/status/1\u2026", "expanded_url": "https://twitter.com/i/web/status/1316150372461756416"}], "symbols": [], "hashtags": [], "user_mentions": []}, "favorited": false, "retweeted": false, "truncated": true, "created_at": "Tue Oct 13 22:54:36 +0000 2020", "coordinates": null, "quote_count": 24, "reply_count": 155, "contributors": null, "filter_level": "low", "quoted_status": {"id": 1316092296937512960, "geo": null, "lang": "es", "text": "Grupo de Lima reitera el respaldo al presidente (e) @jguaido, su rechazo a la farsa electoral del 6-D y pide aceler\u2026 https://t.co/hO1VSGsTzb", "user": {"id": 1088178314953613313, "url": "https://bit.ly/3aGsMhs", "lang": null, "name": "Centro de Comunicaci\u00f3n Nacional", "id_str": "1088178314953613313", "location": "Caracas, Venezuela", "verified": true, "following": null, "protected": false, "time_zone": null, "created_at": "Wed Jan 23 20:55:02 +0000 2019", "utc_offset": null, "description": "Cuenta Oficial de la Presidencia (E) de la Rep\u00fablica Bolivariana de Venezuela \ud83c\uddfb\ud83c\uddea", "geo_enabled": true, "screen_name": "Presidencia_VE", "listed_count": 719, "friends_count": 160, "is_translator": false, "notifications": null, "statuses_count": 22563, "default_profile": false, "followers_count": 422599, "translator_type": "none", "favourites_count": 34, "profile_image_url": "http://pbs.twimg.com/profile_images/1121618457622138880/jUsXozeE_normal.png", "profile_banner_url": "https://pbs.twimg.com/profile_banners/1088178314953613313/1556559529", "profile_link_color": "FAB81E", "profile_text_color": "000000", "follow_request_sent": null, "contributors_enabled": false, "default_profile_image": false, "profile_background_tile": false, "profile_image_url_https": "https://pbs.twimg.com/profile_images/1121618457622138880/jUsXozeE_normal.png", "profile_background_color": "000000", "profile_sidebar_fill_color": "000000", "profile_background_image_url": "http://abs.twimg.com/images/themes/theme1/bg.png", "profile_sidebar_border_color": "000000", "profile_use_background_image": false, "profile_background_image_url_https": "https://abs.twimg.com/images/themes/theme1/bg.png"}, "place": null, "id_str": "1316092296937512960", "source": "<a href=\"http://twitter.com/download/iphone\" rel=\"nofollow\">Twitter for iPhone</a>", "entities": {"urls": [{"url": "https://t.co/hO1VSGsTzb", "indices": [117, 140], "display_url": "twitter.com/i/web/status/1\u2026", "expanded_url": "https://twitter.com/i/web/status/1316092296937512960"}], "symbols": [], "hashtags": [], "user_mentions": [{"id": 39176902, "name": "Juan Guaid\u00f3", "id_str": "39176902", "indices": [52, 60], "screen_name": "jguaido"}]}, "favorited": false, "retweeted": false, "truncated": true, "created_at": "Tue Oct 13 19:03:50 +0000 2020", "coordinates": null, "quote_count": 22, "reply_count": 48, "contributors": null, "filter_level": "low", "retweet_count": 1095, "extended_tweet": {"entities": {"urls": [{"url": "https://t.co/d0RHrgcHIN", "indices": [188, 211], "display_url": "vepresidente.com/internacional/\u2026", "expanded_url": "https://vepresidente.com/internacional/grupo-de-lima-reitera-el-respaldo-al-presidente-e-guaido-su-rechazo-a-la-farsa-electoral-del-6-d-y-pide-acelerar-tramites-ante-cpi-para-juzgar-a-maduro-por-crimenes-de-lesa-humanidad/"}], "symbols": [], "hashtags": [], "user_mentions": [{"id": 39176902, "name": "Juan Guaid\u00f3", "id_str": "39176902", "indices": [52, 60], "screen_name": "jguaido"}]}, "full_text": "Grupo de Lima reitera el respaldo al presidente (e) @jguaido, su rechazo a la farsa electoral del 6-D y pide acelerar tr\u00e1mites ante CPI para juzgar a Maduro por cr\u00edmenes de lesa humanidad https://t.co/d0RHrgcHIN", "display_text_range": [0, 211]}, "favorite_count": 1528, "is_quote_status": false, "possibly_sensitive": false, "in_reply_to_user_id": null, "in_reply_to_status_id": null, "in_reply_to_screen_name": null, "in_reply_to_user_id_str": null, "in_reply_to_status_id_str": null}, "retweet_count": 802, "extended_tweet": {"entities": {"urls": [], "symbols": [], "hashtags": [], "user_mentions": []}, "full_text": "Nuestra regi\u00f3n no va caer en el fraude del 6D y comprende que, tras el Informe de la ONU que vincula a la dictadura con cr\u00edmenes de lesa humanidad, debemos tomar acci\u00f3n frente a la amenaza que esto representa.\n\nAgradecemos el determinado apoyo del Grupo de Lima a Venezuela.", "display_text_range": [0, 274]}, "favorite_count": 1300, "is_quote_status": true, "quoted_status_id": 1316092296937512960, "in_reply_to_user_id": null, "quoted_status_id_str": "1316092296937512960", "in_reply_to_status_id": null, "in_reply_to_screen_name": null, "in_reply_to_user_id_str": null, "quoted_status_permalink": {"url": "https://t.co/PyAtCKnAAu", "display": "twitter.com/presidencia_ve\u2026", "expanded": "https://twitter.com/presidencia_ve/status/1316092296937512960"}, "in_reply_to_status_id_str": null}, "in_reply_to_user_id": null, "quoted_status_id_str": "1316092296937512960", "in_reply_to_status_id": null, "in_reply_to_screen_name": null, "in_reply_to_user_id_str": null, "quoted_status_permalink": {"url": "https://t.co/PyAtCKnAAu", "display": "twitter.com/presidencia_ve\u2026", "expanded": "https://twitter.com/presidencia_ve/status/1316092296937512960"}, "in_reply_to_status_id_str": null}