{"id": 1313628305749286912, "geo": null, "lang": "es", "text": "RT @centropolitico: Tertulia Centro Pol\u00edtico - Hoy nos acompa\u00f1a el Presidente Encargado de Venezuela Ing. Juan Guaid\u00f3 abordando los Derecho\u2026", "user": {"id": 39176902, "url": "https://www.facebook.com/JGuaido/", "lang": null, "name": "Juan Guaid\u00f3", "id_str": "39176902", "location": "Vargas", "verified": true, "following": null, "protected": false, "time_zone": null, "created_at": "Mon May 11 02:59:20 +0000 2009", "utc_offset": null, "description": "Servidor P\u00fablico, Presidente (E) de la Rep\u00fablica Bolivariana de Venezuela y la @AsambleaVe, apegado a los Art. 233/333 CRBV. Ingeniero. En todo amar y servir", "geo_enabled": true, "screen_name": "jguaido", "listed_count": 3200, "friends_count": 2783, "is_translator": false, "notifications": null, "statuses_count": 44599, "default_profile": true, "followers_count": 2615626, "translator_type": "none", "favourites_count": 21246, "profile_image_url": "http://pbs.twimg.com/profile_images/1253171841348370439/fLveV1IQ_normal.jpg", "profile_banner_url": "https://pbs.twimg.com/profile_banners/39176902/1587661135", "profile_link_color": "1DA1F2", "profile_text_color": "333333", "follow_request_sent": null, "contributors_enabled": false, "default_profile_image": false, "profile_background_tile": false, "profile_image_url_https": "https://pbs.twimg.com/profile_images/1253171841348370439/fLveV1IQ_normal.jpg", "profile_background_color": "C0DEED", "profile_sidebar_fill_color": "DDEEF6", "profile_background_image_url": "http://abs.twimg.com/images/themes/theme1/bg.png", "profile_sidebar_border_color": "C0DEED", "profile_use_background_image": true, "profile_background_image_url_https": "https://abs.twimg.com/images/themes/theme1/bg.png"}, "place": null, "id_str": "1313628305749286912", "source": "<a href=\"http://twitter.com/download/iphone\" rel=\"nofollow\">Twitter for iPhone</a>", "entities": {"urls": [], "symbols": [], "hashtags": [], "user_mentions": [{"id": 245795259, "name": "Centro Pol\u00edtico", "id_str": "245795259", "indices": [3, 18], "screen_name": "centropolitico"}]}, "favorited": false, "retweeted": false, "truncated": false, "created_at": "Tue Oct 06 23:52:48 +0000 2020", "coordinates": null, "quote_count": 0, "reply_count": 0, "contributors": null, "filter_level": "low", "timestamp_ms": "1602028368781", "retweet_count": 0, "favorite_count": 0, "is_quote_status": false, "retweeted_status": {"id": 1313599738021773312, "geo": null, "lang": "es", "text": "Tertulia Centro Pol\u00edtico - Hoy nos acompa\u00f1a el Presidente Encargado de Venezuela Ing. Juan Guaid\u00f3 abordando los Der\u2026 https://t.co/hFdfuBDe1v", "user": {"id": 245795259, "url": "http://www.centropolitico.org/", "lang": null, "name": "Centro Pol\u00edtico", "id_str": "245795259", "location": "Miami, FL", "verified": false, "following": null, "protected": false, "time_zone": null, "created_at": "Tue Feb 01 13:57:58 +0000 2011", "utc_offset": null, "description": "29 a\u00f1os de experiencia en formaci\u00f3n de pol\u00edticos, consultores y acad\u00e9micos del marketing pol\u00edtico.", "geo_enabled": true, "screen_name": "centropolitico", "listed_count": 230, "friends_count": 18232, "is_translator": false, "notifications": null, "statuses_count": 5951, "default_profile": false, "followers_count": 23426, "translator_type": "none", "favourites_count": 1080, "profile_image_url": "http://pbs.twimg.com/profile_images/790954766402674688/13jfO5_F_normal.jpg", "profile_banner_url": "https://pbs.twimg.com/profile_banners/245795259/1581039202", "profile_link_color": "8E9091", "profile_text_color": "333333", "follow_request_sent": null, "contributors_enabled": false, "default_profile_image": false, "profile_background_tile": false, "profile_image_url_https": "https://pbs.twimg.com/profile_images/790954766402674688/13jfO5_F_normal.jpg", "profile_background_color": "021540", "profile_sidebar_fill_color": "F0F0F0", "profile_background_image_url": "http://abs.twimg.com/images/themes/theme1/bg.png", "profile_sidebar_border_color": "CC0A31", "profile_use_background_image": true, "profile_background_image_url_https": "https://abs.twimg.com/images/themes/theme1/bg.png"}, "place": null, "id_str": "1313599738021773312", "source": "<a href=\"https://periscope.tv\" rel=\"nofollow\">Periscope</a>", "entities": {"urls": [{"url": "https://t.co/hFdfuBDe1v", "indices": [117, 140], "display_url": "twitter.com/i/web/status/1\u2026", "expanded_url": "https://twitter.com/i/web/status/1313599738021773312"}], "symbols": [], "hashtags": [], "user_mentions": []}, "favorited": false, "retweeted": false, "truncated": true, "created_at": "Tue Oct 06 21:59:17 +0000 2020", "coordinates": null, "quote_count": 0, "reply_count": 9, "contributors": null, "filter_level": "low", "retweet_count": 51, "extended_tweet": {"entities": {"urls": [{"url": "https://t.co/Fs59vqu4z6", "indices": [177, 200], "display_url": "pscp.tv/w/ckuOtTFXTEVS\u2026", "expanded_url": "https://www.pscp.tv/w/ckuOtTFXTEVSYm9rZ0RXRWJ8MXZBeFJyd29BTFp4bAYF3QUOYvRqgtWJF17faztvJDmERSs1cv-264SUzXVg"}], "symbols": [], "hashtags": [{"text": "TertuliaCentroPol\u00edtico", "indices": [153, 176]}], "user_mentions": []}, "full_text": "Tertulia Centro Pol\u00edtico - Hoy nos acompa\u00f1a el Presidente Encargado de Venezuela Ing. Juan Guaid\u00f3 abordando los Derechos Humanos, Democracia y Libertad. #TertuliaCentroPol\u00edtico https://t.co/Fs59vqu4z6", "display_text_range": [0, 200]}, "favorite_count": 67, "is_quote_status": false, "possibly_sensitive": false, "in_reply_to_user_id": null, "in_reply_to_status_id": null, "in_reply_to_screen_name": null, "in_reply_to_user_id_str": null, "in_reply_to_status_id_str": null}, "in_reply_to_user_id": null, "in_reply_to_status_id": null, "in_reply_to_screen_name": null, "in_reply_to_user_id_str": null, "in_reply_to_status_id_str": null}