{"id": 1311719395719213057, "geo": null, "lang": "es", "text": "RT @AsambleaVE: #Sesi\u00f3nAN | Contin\u00faa la transmisi\u00f3n #EnVivo de la Sesi\u00f3n Ordinaria de la #AsambleaVE. https://t.co/n943AYtMlW", "user": {"id": 39176902, "url": "https://www.facebook.com/JGuaido/", "lang": null, "name": "Juan Guaid\u00f3", "id_str": "39176902", "location": "Vargas", "verified": true, "following": null, "protected": false, "time_zone": null, "created_at": "Mon May 11 02:59:20 +0000 2009", "utc_offset": null, "description": "Servidor P\u00fablico, Presidente (E) de la Rep\u00fablica Bolivariana de Venezuela y la @AsambleaVe, apegado a los Art. 233/333 CRBV. Ingeniero. En todo amar y servir", "geo_enabled": true, "screen_name": "jguaido", "listed_count": 3201, "friends_count": 2781, "is_translator": false, "notifications": null, "statuses_count": 44532, "default_profile": true, "followers_count": 2612984, "translator_type": "none", "favourites_count": 20828, "profile_image_url": "http://pbs.twimg.com/profile_images/1253171841348370439/fLveV1IQ_normal.jpg", "profile_banner_url": "https://pbs.twimg.com/profile_banners/39176902/1587661135", "profile_link_color": "1DA1F2", "profile_text_color": "333333", "follow_request_sent": null, "contributors_enabled": false, "default_profile_image": false, "profile_background_tile": false, "profile_image_url_https": "https://pbs.twimg.com/profile_images/1253171841348370439/fLveV1IQ_normal.jpg", "profile_background_color": "C0DEED", "profile_sidebar_fill_color": "DDEEF6", "profile_background_image_url": "http://abs.twimg.com/images/themes/theme1/bg.png", "profile_sidebar_border_color": "C0DEED", "profile_use_background_image": true, "profile_background_image_url_https": "https://abs.twimg.com/images/themes/theme1/bg.png"}, "place": null, "id_str": "1311719395719213057", "source": "<a href=\"http://twitter.com/download/iphone\" rel=\"nofollow\">Twitter for iPhone</a>", "entities": {"urls": [{"url": "https://t.co/n943AYtMlW", "indices": [102, 125], "display_url": "twitter.com/i/broadcasts/1\u2026", "expanded_url": "https://twitter.com/i/broadcasts/1djGXooezvPKZ"}], "symbols": [], "hashtags": [{"text": "Sesi\u00f3nAN", "indices": [16, 25]}, {"text": "EnVivo", "indices": [52, 59]}, {"text": "AsambleaVE", "indices": [89, 100]}], "user_mentions": [{"id": 4744395743, "name": "Asamblea Nacional", "id_str": "4744395743", "indices": [3, 14], "screen_name": "AsambleaVE"}]}, "favorited": false, "retweeted": false, "truncated": false, "created_at": "Thu Oct 01 17:27:29 +0000 2020", "coordinates": null, "quote_count": 0, "reply_count": 0, "contributors": null, "filter_level": "low", "timestamp_ms": "1601573249164", "retweet_count": 0, "favorite_count": 0, "is_quote_status": false, "retweeted_status": {"id": 1311713800417091584, "geo": null, "lang": "es", "text": "#Sesi\u00f3nAN | Contin\u00faa la transmisi\u00f3n #EnVivo de la Sesi\u00f3n Ordinaria de la #AsambleaVE. https://t.co/n943AYtMlW", "user": {"id": 4744395743, "url": "http://www.asambleanacionalvenezuela.org", "lang": null, "name": "Asamblea Nacional", "id_str": "4744395743", "location": null, "verified": true, "following": null, "protected": false, "time_zone": null, "created_at": "Fri Jan 08 12:34:12 +0000 2016", "utc_offset": null, "description": "Cuenta oficial de la Asamblea Nacional de Venezuela Facebook: Asamblea Nacional de Venezuela Instagram: AsambleaVE", "geo_enabled": true, "screen_name": "AsambleaVE", "listed_count": 1905, "friends_count": 542, "is_translator": false, "notifications": null, "statuses_count": 64460, "default_profile": true, "followers_count": 1261945, "translator_type": "none", "favourites_count": 1591, "profile_image_url": "http://pbs.twimg.com/profile_images/1191728200256249861/EITdj6qi_normal.jpg", "profile_banner_url": "https://pbs.twimg.com/profile_banners/4744395743/1580139068", "profile_link_color": "1DA1F2", "profile_text_color": "333333", "follow_request_sent": null, "contributors_enabled": false, "default_profile_image": false, "profile_background_tile": false, "profile_image_url_https": "https://pbs.twimg.com/profile_images/1191728200256249861/EITdj6qi_normal.jpg", "profile_background_color": "F5F8FA", "profile_sidebar_fill_color": "DDEEF6", "profile_background_image_url": "", "profile_sidebar_border_color": "C0DEED", "profile_use_background_image": true, "profile_background_image_url_https": ""}, "place": null, "id_str": "1311713800417091584", "source": "<a href=\"https://studio.twitter.com\" rel=\"nofollow\">Twitter Media Studio</a>", "entities": {"urls": [{"url": "https://t.co/n943AYtMlW", "indices": [86, 109], "display_url": "twitter.com/i/broadcasts/1\u2026", "expanded_url": "https://twitter.com/i/broadcasts/1djGXooezvPKZ"}], "symbols": [], "hashtags": [{"text": "Sesi\u00f3nAN", "indices": [0, 9]}, {"text": "EnVivo", "indices": [36, 43]}, {"text": "AsambleaVE", "indices": [73, 84]}], "user_mentions": []}, "favorited": false, "retweeted": false, "truncated": false, "created_at": "Thu Oct 01 17:05:15 +0000 2020", "coordinates": null, "quote_count": 0, "reply_count": 2, "contributors": null, "filter_level": "low", "retweet_count": 22, "favorite_count": 12, "is_quote_status": false, "possibly_sensitive": false, "in_reply_to_user_id": null, "in_reply_to_status_id": null, "in_reply_to_screen_name": null, "in_reply_to_user_id_str": null, "in_reply_to_status_id_str": null}, "possibly_sensitive": false, "in_reply_to_user_id": null, "in_reply_to_status_id": null, "in_reply_to_screen_name": null, "in_reply_to_user_id_str": null, "in_reply_to_status_id_str": null}