{"id": 1310750971430162433, "geo": null, "lang": "es", "text": "Venezuela sigue en la calle. Organizar y canalizar toda esa fuerza y energ\u00eda en torno a una soluci\u00f3n a esta tragedi\u2026 https://t.co/A8yWLIsBy1", "user": {"id": 39176902, "url": "https://www.facebook.com/JGuaido/", "lang": null, "name": "Juan Guaid\u00f3", "id_str": "39176902", "location": "Vargas", "verified": true, "following": null, "protected": false, "time_zone": null, "created_at": "Mon May 11 02:59:20 +0000 2009", "utc_offset": null, "description": "Servidor P\u00fablico, Presidente (E) de la Rep\u00fablica Bolivariana de Venezuela y la @AsambleaVe, apegado a los Art. 233/333 CRBV. Ingeniero. En todo amar y servir", "geo_enabled": true, "screen_name": "jguaido", "listed_count": 3195, "friends_count": 2779, "is_translator": false, "notifications": null, "statuses_count": 44524, "default_profile": true, "followers_count": 2611301, "translator_type": "none", "favourites_count": 20753, "profile_image_url": "http://pbs.twimg.com/profile_images/1253171841348370439/fLveV1IQ_normal.jpg", "profile_banner_url": "https://pbs.twimg.com/profile_banners/39176902/1587661135", "profile_link_color": "1DA1F2", "profile_text_color": "333333", "follow_request_sent": null, "contributors_enabled": false, "default_profile_image": false, "profile_background_tile": false, "profile_image_url_https": "https://pbs.twimg.com/profile_images/1253171841348370439/fLveV1IQ_normal.jpg", "profile_background_color": "C0DEED", "profile_sidebar_fill_color": "DDEEF6", "profile_background_image_url": "http://abs.twimg.com/images/themes/theme1/bg.png", "profile_sidebar_border_color": "C0DEED", "profile_use_background_image": true, "profile_background_image_url_https": "https://abs.twimg.com/images/themes/theme1/bg.png"}, "place": null, "id_str": "1310750971430162433", "source": "<a href=\"http://twitter.com/download/iphone\" rel=\"nofollow\">Twitter for iPhone</a>", "entities": {"urls": [{"url": "https://t.co/A8yWLIsBy1", "indices": [117, 140], "display_url": "twitter.com/i/web/status/1\u2026", "expanded_url": "https://twitter.com/i/web/status/1310750971430162433"}], "symbols": [], "hashtags": [], "user_mentions": []}, "favorited": false, "retweeted": false, "truncated": true, "created_at": "Tue Sep 29 01:19:18 +0000 2020", "coordinates": null, "quote_count": 0, "reply_count": 0, "contributors": null, "filter_level": "low", "timestamp_ms": "1601342358821", "retweet_count": 0, "extended_tweet": {"entities": {"urls": [], "media": [{"id": 1310750840509132802, "url": "https://t.co/4eliJJmWWT", "type": "video", "sizes": {"large": {"h": 406, "w": 720, "resize": "fit"}, "small": {"h": 383, "w": 680, "resize": "fit"}, "thumb": {"h": 150, "w": 150, "resize": "crop"}, "medium": {"h": 406, "w": 720, "resize": "fit"}}, "id_str": "1310750840509132802", "indices": [281, 304], "media_url": "http://pbs.twimg.com/ext_tw_video_thumb/1310750840509132802/pu/img/bpK3Lz3K12GGKxqo.jpg", "video_info": {"variants": [{"url": "https://video.twimg.com/ext_tw_video/1310750840509132802/pu/pl/yKFtXfmkkPFmq-Dg.m3u8?tag=10", "content_type": "application/x-mpegURL"}, {"url": "https://video.twimg.com/ext_tw_video/1310750840509132802/pu/vid/720x406/3-Ep9SjPmlHugCMH.mp4?tag=10", "bitrate": 832000, "content_type": "video/mp4"}, {"url": "https://video.twimg.com/ext_tw_video/1310750840509132802/pu/vid/478x270/DFTnVy-6cMv6tvlF.mp4?tag=10", "bitrate": 256000, "content_type": "video/mp4"}], "aspect_ratio": [360, 203], "duration_millis": 44467}, "display_url": "pic.twitter.com/4eliJJmWWT", "expanded_url": "https://twitter.com/jguaido/status/1310750971430162433/video/1", "media_url_https": "https://pbs.twimg.com/ext_tw_video_thumb/1310750840509132802/pu/img/bpK3Lz3K12GGKxqo.jpg", "additional_media_info": {"monetizable": false}}], "symbols": [], "hashtags": [], "user_mentions": []}, "full_text": "Venezuela sigue en la calle. Organizar y canalizar toda esa fuerza y energ\u00eda en torno a una soluci\u00f3n a esta tragedia es la clave.\n\nPara eso, llamamos a consolidar los Comandos por la Libertad y Elecciones Libres para exigir nuestros derechos.\n\n\u00a1Uni\u00f3n, movilizaci\u00f3n y organizaci\u00f3n! https://t.co/4eliJJmWWT", "extended_entities": {"media": [{"id": 1310750840509132802, "url": "https://t.co/4eliJJmWWT", "type": "video", "sizes": {"large": {"h": 406, "w": 720, "resize": "fit"}, "small": {"h": 383, "w": 680, "resize": "fit"}, "thumb": {"h": 150, "w": 150, "resize": "crop"}, "medium": {"h": 406, "w": 720, "resize": "fit"}}, "id_str": "1310750840509132802", "indices": [281, 304], "media_url": "http://pbs.twimg.com/ext_tw_video_thumb/1310750840509132802/pu/img/bpK3Lz3K12GGKxqo.jpg", "video_info": {"variants": [{"url": "https://video.twimg.com/ext_tw_video/1310750840509132802/pu/pl/yKFtXfmkkPFmq-Dg.m3u8?tag=10", "content_type": "application/x-mpegURL"}, {"url": "https://video.twimg.com/ext_tw_video/1310750840509132802/pu/vid/720x406/3-Ep9SjPmlHugCMH.mp4?tag=10", "bitrate": 832000, "content_type": "video/mp4"}, {"url": "https://video.twimg.com/ext_tw_video/1310750840509132802/pu/vid/478x270/DFTnVy-6cMv6tvlF.mp4?tag=10", "bitrate": 256000, "content_type": "video/mp4"}], "aspect_ratio": [360, 203], "duration_millis": 44467}, "display_url": "pic.twitter.com/4eliJJmWWT", "expanded_url": "https://twitter.com/jguaido/status/1310750971430162433/video/1", "media_url_https": "https://pbs.twimg.com/ext_tw_video_thumb/1310750840509132802/pu/img/bpK3Lz3K12GGKxqo.jpg", "additional_media_info": {"monetizable": false}}]}, "display_text_range": [0, 280]}, "favorite_count": 0, "is_quote_status": false, "display_text_range": [0, 140], "possibly_sensitive": false, "in_reply_to_user_id": null, "in_reply_to_status_id": null, "in_reply_to_screen_name": null, "in_reply_to_user_id_str": null, "in_reply_to_status_id_str": null}