{"id": 1305677320024399877, "geo": null, "lang": "es", "text": "RT @jguaido: Todas las acciones que ejerzamos dentro y fuera de Venezuela, enfocadas en una misma direcci\u00f3n, permiten avanzar en lograr jus\u2026", "user": {"id": 39176902, "url": "https://www.facebook.com/JGuaido/", "lang": null, "name": "Juan Guaid\u00f3", "id_str": "39176902", "location": "Vargas", "verified": true, "following": null, "protected": false, "time_zone": null, "created_at": "Mon May 11 02:59:20 +0000 2009", "utc_offset": null, "description": "Servidor P\u00fablico, Presidente (E) de la Rep\u00fablica Bolivariana de Venezuela y la @AsambleaVe, apegado a los Art. 233/333 CRBV. Ingeniero. En todo amar y servir", "geo_enabled": true, "screen_name": "jguaido", "listed_count": 3190, "friends_count": 2773, "is_translator": false, "notifications": null, "statuses_count": 44363, "default_profile": true, "followers_count": 2602425, "translator_type": "none", "favourites_count": 19921, "profile_image_url": "http://pbs.twimg.com/profile_images/1253171841348370439/fLveV1IQ_normal.jpg", "profile_banner_url": "https://pbs.twimg.com/profile_banners/39176902/1587661135", "profile_link_color": "1DA1F2", "profile_text_color": "333333", "follow_request_sent": null, "contributors_enabled": false, "default_profile_image": false, "profile_background_tile": false, "profile_image_url_https": "https://pbs.twimg.com/profile_images/1253171841348370439/fLveV1IQ_normal.jpg", "profile_background_color": "C0DEED", "profile_sidebar_fill_color": "DDEEF6", "profile_background_image_url": "http://abs.twimg.com/images/themes/theme1/bg.png", "profile_sidebar_border_color": "C0DEED", "profile_use_background_image": true, "profile_background_image_url_https": "https://abs.twimg.com/images/themes/theme1/bg.png"}, "place": null, "id_str": "1305677320024399877", "source": "<a href=\"http://twitter.com/download/iphone\" rel=\"nofollow\">Twitter for iPhone</a>", "entities": {"urls": [], "symbols": [], "hashtags": [], "user_mentions": [{"id": 39176902, "name": "Juan Guaid\u00f3", "id_str": "39176902", "indices": [3, 11], "screen_name": "jguaido"}]}, "favorited": false, "retweeted": false, "truncated": false, "created_at": "Tue Sep 15 01:18:26 +0000 2020", "coordinates": null, "quote_count": 0, "reply_count": 0, "contributors": null, "filter_level": "low", "timestamp_ms": "1600132706062", "quoted_status": {"id": 1305572203291914241, "geo": null, "lang": "es", "text": "La Rep\u00fablica Checa apoya participaci\u00f3n de la CPI en la investigaci\u00f3n de cr\u00edmenes de la dictadura de Maduro en Venez\u2026 https://t.co/IgtxcIbbNx", "user": {"id": 1088178314953613313, "url": "https://bit.ly/3aGsMhs", "lang": null, "name": "Centro de Comunicaci\u00f3n Nacional", "id_str": "1088178314953613313", "location": "Caracas, Venezuela", "verified": true, "following": null, "protected": false, "time_zone": null, "created_at": "Wed Jan 23 20:55:02 +0000 2019", "utc_offset": null, "description": "Cuenta Oficial de la Presidencia (E) de la Rep\u00fablica Bolivariana de Venezuela \ud83c\uddfb\ud83c\uddea", "geo_enabled": true, "screen_name": "Presidencia_VE", "listed_count": 706, "friends_count": 154, "is_translator": false, "notifications": null, "statuses_count": 21259, "default_profile": false, "followers_count": 413656, "translator_type": "none", "favourites_count": 34, "profile_image_url": "http://pbs.twimg.com/profile_images/1121618457622138880/jUsXozeE_normal.png", "profile_banner_url": "https://pbs.twimg.com/profile_banners/1088178314953613313/1556559529", "profile_link_color": "FAB81E", "profile_text_color": "000000", "follow_request_sent": null, "contributors_enabled": false, "default_profile_image": false, "profile_background_tile": false, "profile_image_url_https": "https://pbs.twimg.com/profile_images/1121618457622138880/jUsXozeE_normal.png", "profile_background_color": "000000", "profile_sidebar_fill_color": "000000", "profile_background_image_url": "http://abs.twimg.com/images/themes/theme1/bg.png", "profile_sidebar_border_color": "000000", "profile_use_background_image": false, "profile_background_image_url_https": "https://abs.twimg.com/images/themes/theme1/bg.png"}, "place": null, "id_str": "1305572203291914241", "source": "<a href=\"http://twitter.com/download/iphone\" rel=\"nofollow\">Twitter for iPhone</a>", "entities": {"urls": [{"url": "https://t.co/IgtxcIbbNx", "indices": [117, 140], "display_url": "twitter.com/i/web/status/1\u2026", "expanded_url": "https://twitter.com/i/web/status/1305572203291914241"}], "symbols": [], "hashtags": [], "user_mentions": []}, "favorited": false, "retweeted": false, "truncated": true, "created_at": "Mon Sep 14 18:20:44 +0000 2020", "coordinates": null, "quote_count": 15, "reply_count": 28, "contributors": null, "filter_level": "low", "retweet_count": 728, "extended_tweet": {"entities": {"urls": [{"url": "https://t.co/NGAcIrrmYe", "indices": [120, 143], "display_url": "vepresidente.com/internacional/\u2026", "expanded_url": "https://vepresidente.com/internacional/la-republica-checa-apoya-participacion-de-la-cpi-en-la-investigacion-de-crimenes-de-la-dictadura-de-maduro-en-venezuela/"}], "symbols": [], "hashtags": [], "user_mentions": []}, "full_text": "La Rep\u00fablica Checa apoya participaci\u00f3n de la CPI en la investigaci\u00f3n de cr\u00edmenes de la dictadura de Maduro en Venezuela https://t.co/NGAcIrrmYe", "display_text_range": [0, 143]}, "favorite_count": 1217, "is_quote_status": false, "possibly_sensitive": false, "in_reply_to_user_id": null, "in_reply_to_status_id": null, "in_reply_to_screen_name": null, "in_reply_to_user_id_str": null, "in_reply_to_status_id_str": null}, "retweet_count": 0, "favorite_count": 0, "is_quote_status": true, "quoted_status_id": 1305572203291914241, "retweeted_status": {"id": 1305639801216008192, "geo": null, "lang": "es", "text": "Todas las acciones que ejerzamos dentro y fuera de Venezuela, enfocadas en una misma direcci\u00f3n, permiten avanzar en\u2026 https://t.co/F2EWpa7j7f", "user": {"id": 39176902, "url": "https://www.facebook.com/JGuaido/", "lang": null, "name": "Juan Guaid\u00f3", "id_str": "39176902", "location": "Vargas", "verified": true, "following": null, "protected": false, "time_zone": null, "created_at": "Mon May 11 02:59:20 +0000 2009", "utc_offset": null, "description": "Servidor P\u00fablico, Presidente (E) de la Rep\u00fablica Bolivariana de Venezuela y la @AsambleaVe, apegado a los Art. 233/333 CRBV. Ingeniero. En todo amar y servir", "geo_enabled": true, "screen_name": "jguaido", "listed_count": 3190, "friends_count": 2773, "is_translator": false, "notifications": null, "statuses_count": 44362, "default_profile": true, "followers_count": 2602425, "translator_type": "none", "favourites_count": 19921, "profile_image_url": "http://pbs.twimg.com/profile_images/1253171841348370439/fLveV1IQ_normal.jpg", "profile_banner_url": "https://pbs.twimg.com/profile_banners/39176902/1587661135", "profile_link_color": "1DA1F2", "profile_text_color": "333333", "follow_request_sent": null, "contributors_enabled": false, "default_profile_image": false, "profile_background_tile": false, "profile_image_url_https": "https://pbs.twimg.com/profile_images/1253171841348370439/fLveV1IQ_normal.jpg", "profile_background_color": "C0DEED", "profile_sidebar_fill_color": "DDEEF6", "profile_background_image_url": "http://abs.twimg.com/images/themes/theme1/bg.png", "profile_sidebar_border_color": "C0DEED", "profile_use_background_image": true, "profile_background_image_url_https": "https://abs.twimg.com/images/themes/theme1/bg.png"}, "place": null, "id_str": "1305639801216008192", "source": "<a href=\"http://twitter.com/download/iphone\" rel=\"nofollow\">Twitter for iPhone</a>", "entities": {"urls": [{"url": "https://t.co/F2EWpa7j7f", "indices": [117, 140], "display_url": "twitter.com/i/web/status/1\u2026", "expanded_url": "https://twitter.com/i/web/status/1305639801216008192"}], "symbols": [], "hashtags": [], "user_mentions": []}, "favorited": false, "retweeted": false, "truncated": true, "created_at": "Mon Sep 14 22:49:20 +0000 2020", "coordinates": null, "quote_count": 17, "reply_count": 150, "contributors": null, "filter_level": "low", "quoted_status": {"id": 1305572203291914241, "geo": null, "lang": "es", "text": "La Rep\u00fablica Checa apoya participaci\u00f3n de la CPI en la investigaci\u00f3n de cr\u00edmenes de la dictadura de Maduro en Venez\u2026 https://t.co/IgtxcIbbNx", "user": {"id": 1088178314953613313, "url": "https://bit.ly/3aGsMhs", "lang": null, "name": "Centro de Comunicaci\u00f3n Nacional", "id_str": "1088178314953613313", "location": "Caracas, Venezuela", "verified": true, "following": null, "protected": false, "time_zone": null, "created_at": "Wed Jan 23 20:55:02 +0000 2019", "utc_offset": null, "description": "Cuenta Oficial de la Presidencia (E) de la Rep\u00fablica Bolivariana de Venezuela \ud83c\uddfb\ud83c\uddea", "geo_enabled": true, "screen_name": "Presidencia_VE", "listed_count": 706, "friends_count": 154, "is_translator": false, "notifications": null, "statuses_count": 21259, "default_profile": false, "followers_count": 413656, "translator_type": "none", "favourites_count": 34, "profile_image_url": "http://pbs.twimg.com/profile_images/1121618457622138880/jUsXozeE_normal.png", "profile_banner_url": "https://pbs.twimg.com/profile_banners/1088178314953613313/1556559529", "profile_link_color": "FAB81E", "profile_text_color": "000000", "follow_request_sent": null, "contributors_enabled": false, "default_profile_image": false, "profile_background_tile": false, "profile_image_url_https": "https://pbs.twimg.com/profile_images/1121618457622138880/jUsXozeE_normal.png", "profile_background_color": "000000", "profile_sidebar_fill_color": "000000", "profile_background_image_url": "http://abs.twimg.com/images/themes/theme1/bg.png", "profile_sidebar_border_color": "000000", "profile_use_background_image": false, "profile_background_image_url_https": "https://abs.twimg.com/images/themes/theme1/bg.png"}, "place": null, "id_str": "1305572203291914241", "source": "<a href=\"http://twitter.com/download/iphone\" rel=\"nofollow\">Twitter for iPhone</a>", "entities": {"urls": [{"url": "https://t.co/IgtxcIbbNx", "indices": [117, 140], "display_url": "twitter.com/i/web/status/1\u2026", "expanded_url": "https://twitter.com/i/web/status/1305572203291914241"}], "symbols": [], "hashtags": [], "user_mentions": []}, "favorited": false, "retweeted": false, "truncated": true, "created_at": "Mon Sep 14 18:20:44 +0000 2020", "coordinates": null, "quote_count": 15, "reply_count": 28, "contributors": null, "filter_level": "low", "retweet_count": 728, "extended_tweet": {"entities": {"urls": [{"url": "https://t.co/NGAcIrrmYe", "indices": [120, 143], "display_url": "vepresidente.com/internacional/\u2026", "expanded_url": "https://vepresidente.com/internacional/la-republica-checa-apoya-participacion-de-la-cpi-en-la-investigacion-de-crimenes-de-la-dictadura-de-maduro-en-venezuela/"}], "symbols": [], "hashtags": [], "user_mentions": []}, "full_text": "La Rep\u00fablica Checa apoya participaci\u00f3n de la CPI en la investigaci\u00f3n de cr\u00edmenes de la dictadura de Maduro en Venezuela https://t.co/NGAcIrrmYe", "display_text_range": [0, 143]}, "favorite_count": 1217, "is_quote_status": false, "possibly_sensitive": false, "in_reply_to_user_id": null, "in_reply_to_status_id": null, "in_reply_to_screen_name": null, "in_reply_to_user_id_str": null, "in_reply_to_status_id_str": null}, "retweet_count": 651, "extended_tweet": {"entities": {"urls": [], "symbols": [], "hashtags": [], "user_mentions": []}, "full_text": "Todas las acciones que ejerzamos dentro y fuera de Venezuela, enfocadas en una misma direcci\u00f3n, permiten avanzar en lograr justicia y generar el cambio en nuestro pa\u00eds.\n\nGracias, Rep\u00fablica Checa.\n\n\u00a1Seguimos adelante!", "display_text_range": [0, 216]}, "favorite_count": 1158, "is_quote_status": true, "quoted_status_id": 1305572203291914241, "in_reply_to_user_id": null, "quoted_status_id_str": "1305572203291914241", "in_reply_to_status_id": null, "in_reply_to_screen_name": null, "in_reply_to_user_id_str": null, "quoted_status_permalink": {"url": "https://t.co/xzZoqnL8mm", "display": "twitter.com/presidencia_ve\u2026", "expanded": "https://twitter.com/presidencia_ve/status/1305572203291914241"}, "in_reply_to_status_id_str": null}, "in_reply_to_user_id": null, "quoted_status_id_str": "1305572203291914241", "in_reply_to_status_id": null, "in_reply_to_screen_name": null, "in_reply_to_user_id_str": null, "quoted_status_permalink": {"url": "https://t.co/xzZoqnL8mm", "display": "twitter.com/presidencia_ve\u2026", "expanded": "https://twitter.com/presidencia_ve/status/1305572203291914241"}, "in_reply_to_status_id_str": null}