{"id": 1280211379144798208, "geo": null, "lang": "es", "text": "RT @Alemaniaparati: \u26a1ME @HeikoMaas en llamada hoy con el presidente interino de\ud83c\uddfb\ud83c\uddea @jguaido: Hay preocupaci\u00f3n por la situaci\u00f3n humanitaria e\u2026", "user": {"id": 39176902, "url": "https://t.co/hZCEqTR5cj", "lang": null, "name": "Juan Guaid\u00f3", "id_str": "39176902", "entities": {"url": {"urls": [{"url": "https://t.co/hZCEqTR5cj", "indices": [0, 23], "display_url": "facebook.com/JGuaido/", "expanded_url": "https://www.facebook.com/JGuaido/"}]}, "description": {"urls": []}}, "location": "Vargas", "verified": true, "following": true, "protected": false, "time_zone": null, "created_at": "Mon May 11 02:59:20 +0000 2009", "utc_offset": null, "description": "Servidor P\u00fablico, Presidente (E) de la Rep\u00fablica Bolivariana de Venezuela y la @AsambleaVe, apegado a los Art. 233/333 CRBV. Ingeniero. En todo amar y servir", "geo_enabled": true, "screen_name": "jguaido", "listed_count": 3177, "friends_count": 2768, "is_translator": false, "notifications": false, "statuses_count": 44086, "default_profile": true, "followers_count": 2584397, "translator_type": "none", "favourites_count": 18240, "profile_image_url": "http://pbs.twimg.com/profile_images/1253171841348370439/fLveV1IQ_normal.jpg", "profile_banner_url": "https://pbs.twimg.com/profile_banners/39176902/1587661135", "profile_link_color": "1DA1F2", "profile_text_color": "333333", "follow_request_sent": false, "contributors_enabled": false, "has_extended_profile": true, "default_profile_image": false, "is_translation_enabled": false, "profile_background_tile": false, "profile_image_url_https": "https://pbs.twimg.com/profile_images/1253171841348370439/fLveV1IQ_normal.jpg", "profile_background_color": "C0DEED", "profile_sidebar_fill_color": "DDEEF6", "profile_background_image_url": "http://abs.twimg.com/images/themes/theme1/bg.png", "profile_sidebar_border_color": "C0DEED", "profile_use_background_image": true, "profile_background_image_url_https": "https://abs.twimg.com/images/themes/theme1/bg.png"}, "place": null, "id_str": "1280211379144798208", "source": "<a href=\"http://twitter.com/download/iphone\" rel=\"nofollow\">Twitter for iPhone</a>", "entities": {"urls": [], "symbols": [], "hashtags": [], "user_mentions": [{"id": 3016721947, "name": "Centro Alem\u00e1n de Informaci\u00f3n para Latinoam\u00e9rica", "id_str": "3016721947", "indices": [3, 18], "screen_name": "Alemaniaparati"}, {"id": 24158261, "name": "Heiko Maas \ud83c\uddea\ud83c\uddfa", "id_str": "24158261", "indices": [24, 34], "screen_name": "HeikoMaas"}, {"id": 39176902, "name": "Juan Guaid\u00f3", "id_str": "39176902", "indices": [82, 90], "screen_name": "jguaido"}]}, "favorited": false, "retweeted": false, "truncated": false, "created_at": "Mon Jul 06 18:45:52 +0000 2020", "coordinates": null, "contributors": null, "retweet_count": 171, "favorite_count": 0, "is_quote_status": true, "quoted_status_id": 1280205119678644224, "retweeted_status": {"id": 1280208172888788992, "geo": null, "lang": "es", "text": "\u26a1ME @HeikoMaas en llamada hoy con el presidente interino de\ud83c\uddfb\ud83c\uddea @jguaido: Hay preocupaci\u00f3n por la situaci\u00f3n humanitar\u2026 https://t.co/Qo6OJaaWAq", "user": {"id": 3016721947, "url": "https://t.co/4rfRMwuipY", "lang": null, "name": "Centro Alem\u00e1n de Informaci\u00f3n para Latinoam\u00e9rica", "id_str": "3016721947", "entities": {"url": {"urls": [{"url": "https://t.co/4rfRMwuipY", "indices": [0, 23], "display_url": "alemaniaparati.diplo.de", "expanded_url": "http://www.alemaniaparati.diplo.de"}]}, "description": {"urls": [{"url": "https://t.co/4K0qcMUqeL", "indices": [103, 126], "display_url": "t1p.de/jj02", "expanded_url": "http://t1p.de/jj02"}]}}, "location": "Horacio 1506, 11539 M\u00e9xico DF", "verified": true, "following": false, "protected": false, "time_zone": null, "created_at": "Tue Feb 10 17:51:15 +0000 2015", "utc_offset": null, "description": "Canal oficial del Ministerio Federal de Relaciones Exteriores de Alemania en espa\u00f1ol. Pie de imprenta: https://t.co/4K0qcMUqeL", "geo_enabled": true, "screen_name": "Alemaniaparati", "listed_count": 149, "friends_count": 913, "is_translator": false, "notifications": false, "statuses_count": 7697, "default_profile": false, "followers_count": 32605, "translator_type": "none", "favourites_count": 3194, "profile_image_url": "http://pbs.twimg.com/profile_images/1133778842949169153/aQ8CS9Bp_normal.png", "profile_banner_url": "https://pbs.twimg.com/profile_banners/3016721947/1569264657", "profile_link_color": "91D2FA", "profile_text_color": "000000", "follow_request_sent": false, "contributors_enabled": false, "has_extended_profile": false, "default_profile_image": false, "is_translation_enabled": false, "profile_background_tile": false, "profile_image_url_https": "https://pbs.twimg.com/profile_images/1133778842949169153/aQ8CS9Bp_normal.png", "profile_background_color": "89C9FA", "profile_sidebar_fill_color": "000000", "profile_background_image_url": "http://abs.twimg.com/images/themes/theme1/bg.png", "profile_sidebar_border_color": "000000", "profile_use_background_image": true, "profile_background_image_url_https": "https://abs.twimg.com/images/themes/theme1/bg.png"}, "place": null, "id_str": "1280208172888788992", "source": "<a href=\"https://mobile.twitter.com\" rel=\"nofollow\">Twitter Web App</a>", "entities": {"urls": [{"url": "https://t.co/Qo6OJaaWAq", "indices": [117, 140], "display_url": "twitter.com/i/web/status/1\u2026", "expanded_url": "https://twitter.com/i/web/status/1280208172888788992"}], "symbols": [], "hashtags": [], "user_mentions": [{"id": 24158261, "name": "Heiko Maas \ud83c\uddea\ud83c\uddfa", "id_str": "24158261", "indices": [4, 14], "screen_name": "HeikoMaas"}, {"id": 39176902, "name": "Juan Guaid\u00f3", "id_str": "39176902", "indices": [62, 70], "screen_name": "jguaido"}]}, "favorited": false, "retweeted": false, "truncated": true, "created_at": "Mon Jul 06 18:33:08 +0000 2020", "coordinates": null, "contributors": null, "quoted_status": {"id": 1280205119678644224, "geo": null, "lang": "de", "text": "AM@HeikoMaas telefonierte heute mit \ud83c\uddfb\ud83c\uddea Interimspr\u00e4sidenten @jguaido: Sorge um die humanit\u00e4re Situation in\u2026 https://t.co/nQcMLRBOyK", "user": {"id": 273468342, "url": "https://t.co/4nJIAjgavb", "lang": null, "name": "Ausw\u00e4rtiges Amt", "id_str": "273468342", "entities": {"url": {"urls": [{"url": "https://t.co/4nJIAjgavb", "indices": [0, 23], "display_url": "diplo.de", "expanded_url": "http://www.diplo.de"}]}, "description": {"urls": [{"url": "https://t.co/P3JHb7upJo", "indices": [115, 138], "display_url": "diplo.de/Impressum_Date\u2026", "expanded_url": "http://www.diplo.de/Impressum_Datenschutz"}]}}, "location": "", "verified": true, "following": false, "protected": false, "time_zone": null, "created_at": "Mon Mar 28 15:09:35 +0000 2011", "utc_offset": null, "description": "Aktuelle Nachrichten aus dem Ausw\u00e4rtigen Amt - Auf Englisch: @GermanyDiplo - Impressum,  Datenschutz & Netiquette: https://t.co/P3JHb7upJo", "geo_enabled": true, "screen_name": "AuswaertigesAmt", "listed_count": 2681, "friends_count": 1145, "is_translator": false, "notifications": false, "statuses_count": 21682, "default_profile": false, "followers_count": 731060, "translator_type": "none", "favourites_count": 19988, "profile_image_url": "http://pbs.twimg.com/profile_images/1123967518341783552/T1jiTgP__normal.png", "profile_banner_url": "https://pbs.twimg.com/profile_banners/273468342/1593584738", "profile_link_color": "1A6C8A", "profile_text_color": "333333", "follow_request_sent": false, "contributors_enabled": false, "has_extended_profile": false, "default_profile_image": false, "is_translation_enabled": false, "profile_background_tile": false, "profile_image_url_https": "https://pbs.twimg.com/profile_images/1123967518341783552/T1jiTgP__normal.png", "profile_background_color": "1B3473", "profile_sidebar_fill_color": "C1DCEB", "profile_background_image_url": "http://abs.twimg.com/images/themes/theme15/bg.png", "profile_sidebar_border_color": "A8C7F7", "profile_use_background_image": false, "profile_background_image_url_https": "https://abs.twimg.com/images/themes/theme15/bg.png"}, "place": null, "id_str": "1280205119678644224", "source": "<a href=\"https://about.twitter.com/products/tweetdeck\" rel=\"nofollow\">TweetDeck</a>", "entities": {"urls": [{"url": "https://t.co/nQcMLRBOyK", "indices": [107, 130], "display_url": "twitter.com/i/web/status/1\u2026", "expanded_url": "https://twitter.com/i/web/status/1280205119678644224"}], "symbols": [], "hashtags": [], "user_mentions": [{"id": 39176902, "name": "Juan Guaid\u00f3", "id_str": "39176902", "indices": [59, 67], "screen_name": "jguaido"}]}, "favorited": false, "retweeted": false, "truncated": true, "created_at": "Mon Jul 06 18:21:00 +0000 2020", "coordinates": null, "contributors": null, "retweet_count": 43, "favorite_count": 88, "is_quote_status": false, "in_reply_to_user_id": null, "in_reply_to_status_id": null, "in_reply_to_screen_name": null, "in_reply_to_user_id_str": null, "in_reply_to_status_id_str": null}, "retweet_count": 171, "favorite_count": 265, "is_quote_status": true, "quoted_status_id": 1280205119678644224, "possibly_sensitive": false, "in_reply_to_user_id": null, "quoted_status_id_str": "1280205119678644224", "in_reply_to_status_id": null, "in_reply_to_screen_name": null, "in_reply_to_user_id_str": null, "in_reply_to_status_id_str": null}, "in_reply_to_user_id": null, "quoted_status_id_str": "1280205119678644224", "in_reply_to_status_id": null, "in_reply_to_screen_name": null, "in_reply_to_user_id_str": null, "in_reply_to_status_id_str": null}