{"id": 1270004953768243201, "geo": null, "lang": "es", "text": "RT @Presidencia_VE: #8Jun | Sigue el I Di\u00e1logo virtual entre Presidentes de los poderes legislativos de Latinoam\u00e9rica, donde estar\u00e1 partici\u2026", "user": {"id": 39176902, "url": "https://www.facebook.com/JGuaido/", "lang": null, "name": "Juan Guaid\u00f3", "id_str": "39176902", "location": "Vargas", "verified": true, "following": null, "protected": false, "time_zone": null, "created_at": "Mon May 11 02:59:20 +0000 2009", "utc_offset": null, "description": "Servidor P\u00fablico, Presidente (E) de la Rep\u00fablica Bolivariana de Venezuela y la @AsambleaVe, apegado a los Art. 233/333 CRBV. Ingeniero. En todo amar y servir", "geo_enabled": true, "screen_name": "jguaido", "listed_count": 3164, "friends_count": 2753, "is_translator": false, "notifications": null, "statuses_count": 43665, "default_profile": true, "followers_count": 2581552, "translator_type": "none", "favourites_count": 15676, "profile_image_url": "http://pbs.twimg.com/profile_images/1253171841348370439/fLveV1IQ_normal.jpg", "profile_banner_url": "https://pbs.twimg.com/profile_banners/39176902/1587661135", "profile_link_color": "1DA1F2", "profile_text_color": "333333", "follow_request_sent": null, "contributors_enabled": false, "default_profile_image": false, "profile_background_tile": false, "profile_image_url_https": "https://pbs.twimg.com/profile_images/1253171841348370439/fLveV1IQ_normal.jpg", "profile_background_color": "C0DEED", "profile_sidebar_fill_color": "DDEEF6", "profile_background_image_url": "http://abs.twimg.com/images/themes/theme1/bg.png", "profile_sidebar_border_color": "C0DEED", "profile_use_background_image": true, "profile_background_image_url_https": "https://abs.twimg.com/images/themes/theme1/bg.png"}, "place": null, "id_str": "1270004953768243201", "source": "<a href=\"http://twitter.com/download/iphone\" rel=\"nofollow\">Twitter for iPhone</a>", "entities": {"urls": [], "symbols": [], "hashtags": [{"text": "8Jun", "indices": [20, 25]}], "user_mentions": [{"id": 1088178314953613313, "name": "Centro de Comunicaci\u00f3n Nacional", "id_str": "1088178314953613313", "indices": [3, 18], "screen_name": "Presidencia_VE"}]}, "favorited": false, "retweeted": false, "truncated": false, "created_at": "Mon Jun 08 14:49:11 +0000 2020", "coordinates": null, "quote_count": 0, "reply_count": 0, "contributors": null, "filter_level": "low", "timestamp_ms": "1591627751186", "retweet_count": 0, "favorite_count": 0, "is_quote_status": false, "retweeted_status": {"id": 1270004629108076545, "geo": null, "lang": "es", "text": "#8Jun | Sigue el I Di\u00e1logo virtual entre Presidentes de los poderes legislativos de Latinoam\u00e9rica, donde estar\u00e1 par\u2026 https://t.co/gL7ldoNtb0", "user": {"id": 1088178314953613313, "url": "https://bit.ly/3aGsMhs", "lang": null, "name": "Centro de Comunicaci\u00f3n Nacional", "id_str": "1088178314953613313", "location": "Caracas, Venezuela", "verified": true, "following": null, "protected": false, "time_zone": null, "created_at": "Wed Jan 23 20:55:02 +0000 2019", "utc_offset": null, "description": "Cuenta Oficial de la Presidencia (E) de la Rep\u00fablica Bolivariana de Venezuela \ud83c\uddfb\ud83c\uddea", "geo_enabled": true, "screen_name": "Presidencia_VE", "listed_count": 681, "friends_count": 132, "is_translator": false, "notifications": null, "statuses_count": 16557, "default_profile": false, "followers_count": 376902, "translator_type": "none", "favourites_count": 26, "profile_image_url": "http://pbs.twimg.com/profile_images/1121618457622138880/jUsXozeE_normal.png", "profile_banner_url": "https://pbs.twimg.com/profile_banners/1088178314953613313/1556559529", "profile_link_color": "FAB81E", "profile_text_color": "000000", "follow_request_sent": null, "contributors_enabled": false, "default_profile_image": false, "profile_background_tile": false, "profile_image_url_https": "https://pbs.twimg.com/profile_images/1121618457622138880/jUsXozeE_normal.png", "profile_background_color": "000000", "profile_sidebar_fill_color": "000000", "profile_background_image_url": "http://abs.twimg.com/images/themes/theme1/bg.png", "profile_sidebar_border_color": "000000", "profile_use_background_image": false, "profile_background_image_url_https": "https://abs.twimg.com/images/themes/theme1/bg.png"}, "place": null, "id_str": "1270004629108076545", "source": "<a href=\"http://twitter.com/download/iphone\" rel=\"nofollow\">Twitter for iPhone</a>", "entities": {"urls": [{"url": "https://t.co/gL7ldoNtb0", "indices": [117, 140], "display_url": "twitter.com/i/web/status/1\u2026", "expanded_url": "https://twitter.com/i/web/status/1270004629108076545"}], "symbols": [], "hashtags": [{"text": "8Jun", "indices": [0, 5]}], "user_mentions": []}, "favorited": false, "retweeted": false, "truncated": true, "created_at": "Mon Jun 08 14:47:53 +0000 2020", "coordinates": null, "quote_count": 0, "reply_count": 1, "contributors": null, "filter_level": "low", "retweet_count": 2, "extended_tweet": {"entities": {"urls": [{"url": "https://t.co/uylIi63fve", "indices": [213, 236], "display_url": "facebook.com/asambleanacion\u2026", "expanded_url": "https://www.facebook.com/asambleanacional/videos/717537775649624/"}], "media": [{"id": 1270004617561157632, "url": "https://t.co/ig4xjZCUgD", "type": "photo", "sizes": {"large": {"h": 1594, "w": 894, "resize": "fit"}, "small": {"h": 680, "w": 381, "resize": "fit"}, "thumb": {"h": 150, "w": 150, "resize": "crop"}, "medium": {"h": 1200, "w": 673, "resize": "fit"}}, "id_str": "1270004617561157632", "indices": [237, 260], "media_url": "http://pbs.twimg.com/media/EZ_2eIzWsAAYyMr.jpg", "display_url": "pic.twitter.com/ig4xjZCUgD", "expanded_url": "https://twitter.com/Presidencia_VE/status/1270004629108076545/photo/1", "media_url_https": "https://pbs.twimg.com/media/EZ_2eIzWsAAYyMr.jpg"}], "symbols": [], "hashtags": [{"text": "8Jun", "indices": [0, 5]}, {"text": "AsambleaVE", "indices": [164, 175]}, {"text": "EnVivo", "indices": [203, 210]}], "user_mentions": [{"id": 39176902, "name": "Juan Guaid\u00f3", "id_str": "39176902", "indices": [177, 185], "screen_name": "jguaido"}]}, "full_text": "#8Jun | Sigue el I Di\u00e1logo virtual entre Presidentes de los poderes legislativos de Latinoam\u00e9rica, donde estar\u00e1 participando el Presidente (E) de Venezuela y de la #AsambleaVE, @jguaido. \n\nLink para ver #EnVivo \n\nhttps://t.co/uylIi63fve https://t.co/ig4xjZCUgD", "extended_entities": {"media": [{"id": 1270004617561157632, "url": "https://t.co/ig4xjZCUgD", "type": "photo", "sizes": {"large": {"h": 1594, "w": 894, "resize": "fit"}, "small": {"h": 680, "w": 381, "resize": "fit"}, "thumb": {"h": 150, "w": 150, "resize": "crop"}, "medium": {"h": 1200, "w": 673, "resize": "fit"}}, "id_str": "1270004617561157632", "indices": [237, 260], "media_url": "http://pbs.twimg.com/media/EZ_2eIzWsAAYyMr.jpg", "display_url": "pic.twitter.com/ig4xjZCUgD", "expanded_url": "https://twitter.com/Presidencia_VE/status/1270004629108076545/photo/1", "media_url_https": "https://pbs.twimg.com/media/EZ_2eIzWsAAYyMr.jpg"}]}, "display_text_range": [0, 236]}, "favorite_count": 4, "is_quote_status": false, "display_text_range": [0, 140], "possibly_sensitive": false, "in_reply_to_user_id": null, "in_reply_to_status_id": null, "in_reply_to_screen_name": null, "in_reply_to_user_id_str": null, "in_reply_to_status_id_str": null}, "in_reply_to_user_id": null, "in_reply_to_status_id": null, "in_reply_to_screen_name": null, "in_reply_to_user_id_str": null, "in_reply_to_status_id_str": null}