{"id": 1265440067666968582, "geo": null, "lang": "es", "text": "RT @NadalDiplo: El Canciller franc\u00e9s particip\u00f3 esta tarde en la conferencia de apoyo a los migrantes y refugiados de la crisis de #Venezuel\u2026", "user": {"id": 39176902, "url": "https://t.co/hZCEqTR5cj", "lang": null, "name": "Juan Guaid\u00f3", "id_str": "39176902", "entities": {"url": {"urls": [{"url": "https://t.co/hZCEqTR5cj", "indices": [0, 23], "display_url": "facebook.com/JGuaido/", "expanded_url": "https://www.facebook.com/JGuaido/"}]}, "description": {"urls": []}}, "location": "Vargas", "verified": true, "following": true, "protected": false, "time_zone": null, "created_at": "Mon May 11 02:59:20 +0000 2009", "utc_offset": null, "description": "Servidor P\u00fablico, Presidente (E) de la Rep\u00fablica Bolivariana de Venezuela y la @AsambleaVe, apegado a los Art. 233/333 CRBV. Ingeniero. En todo amar y servir", "geo_enabled": true, "screen_name": "jguaido", "listed_count": 3163, "friends_count": 2751, "is_translator": false, "notifications": false, "statuses_count": 43555, "default_profile": true, "followers_count": 2573620, "translator_type": "none", "favourites_count": 15084, "profile_image_url": "http://pbs.twimg.com/profile_images/1253171841348370439/fLveV1IQ_normal.jpg", "profile_banner_url": "https://pbs.twimg.com/profile_banners/39176902/1587661135", "profile_link_color": "1DA1F2", "profile_text_color": "333333", "follow_request_sent": false, "contributors_enabled": false, "has_extended_profile": true, "default_profile_image": false, "is_translation_enabled": false, "profile_background_tile": false, "profile_image_url_https": "https://pbs.twimg.com/profile_images/1253171841348370439/fLveV1IQ_normal.jpg", "profile_background_color": "C0DEED", "profile_sidebar_fill_color": "DDEEF6", "profile_background_image_url": "http://abs.twimg.com/images/themes/theme1/bg.png", "profile_sidebar_border_color": "C0DEED", "profile_use_background_image": true, "profile_background_image_url_https": "https://abs.twimg.com/images/themes/theme1/bg.png"}, "place": null, "id_str": "1265440067666968582", "source": "<a href=\"http://twitter.com/download/iphone\" rel=\"nofollow\">Twitter for iPhone</a>", "entities": {"urls": [], "symbols": [], "hashtags": [], "user_mentions": [{"id": 1089071204, "name": "Romain Nadal", "id_str": "1089071204", "indices": [3, 14], "screen_name": "NadalDiplo"}]}, "favorited": false, "retweeted": false, "truncated": false, "created_at": "Wed May 27 00:29:57 +0000 2020", "coordinates": null, "contributors": null, "retweet_count": 95, "favorite_count": 0, "is_quote_status": true, "quoted_status_id": 1265378944271949826, "retweeted_status": {"id": 1265381858864508929, "geo": null, "lang": "es", "text": "El Canciller franc\u00e9s particip\u00f3 esta tarde en la conferencia de apoyo a los migrantes y refugiados de la crisis de\u2026 https://t.co/sytLOh0s5A", "user": {"id": 1089071204, "url": "https://t.co/2TI52QbNa2", "lang": null, "name": "Romain Nadal", "id_str": "1089071204", "entities": {"url": {"urls": [{"url": "https://t.co/2TI52QbNa2", "indices": [0, 23], "display_url": "ve.ambafrance.org", "expanded_url": "https://ve.ambafrance.org"}]}, "description": {"urls": []}}, "location": "Caracas, Venezuela", "verified": true, "following": false, "protected": false, "time_zone": null, "created_at": "Mon Jan 14 13:42:15 +0000 2013", "utc_offset": null, "description": "Ambassadeur de France au Venezuela | Embajador de Francia en Venezuela \ud83c\uddeb\ud83c\uddf7\ud83c\uddfb\ud83c\uddea", "geo_enabled": true, "screen_name": "NadalDiplo", "listed_count": 285, "friends_count": 6080, "is_translator": false, "notifications": false, "statuses_count": 17914, "default_profile": false, "followers_count": 25257, "translator_type": "none", "favourites_count": 9920, "profile_image_url": "http://pbs.twimg.com/profile_images/1227762916050579462/8EnlC402_normal.jpg", "profile_banner_url": "https://pbs.twimg.com/profile_banners/1089071204/1498847470", "profile_link_color": "021D8C", "profile_text_color": "333333", "follow_request_sent": false, "contributors_enabled": false, "has_extended_profile": false, "default_profile_image": false, "is_translation_enabled": false, "profile_background_tile": true, "profile_image_url_https": "https://pbs.twimg.com/profile_images/1227762916050579462/8EnlC402_normal.jpg", "profile_background_color": "131516", "profile_sidebar_fill_color": "EFEFEF", "profile_background_image_url": "http://abs.twimg.com/images/themes/theme14/bg.gif", "profile_sidebar_border_color": "FFFFFF", "profile_use_background_image": true, "profile_background_image_url_https": "https://abs.twimg.com/images/themes/theme14/bg.gif"}, "place": null, "id_str": "1265381858864508929", "source": "<a href=\"http://twitter.com/download/iphone\" rel=\"nofollow\">Twitter for iPhone</a>", "entities": {"urls": [{"url": "https://t.co/sytLOh0s5A", "indices": [115, 138], "display_url": "twitter.com/i/web/status/1\u2026", "expanded_url": "https://twitter.com/i/web/status/1265381858864508929"}], "symbols": [], "hashtags": [], "user_mentions": []}, "favorited": false, "retweeted": false, "truncated": true, "created_at": "Tue May 26 20:38:39 +0000 2020", "coordinates": null, "contributors": null, "quoted_status": {"id": 1265378944271949826, "geo": null, "lang": "fr", "text": "J\u2019ai particip\u00e9 cet apr\u00e8s-midi \u00e0 la conf\u00e9rence de soutien aux migrants et r\u00e9fugi\u00e9s de la crise du #Venezuela. La \ud83c\uddeb\ud83c\uddf7\u2026 https://t.co/SbffF425Pe", "user": {"id": 1055021191, "url": "https://t.co/XDtnC61EWv", "lang": null, "name": "Jean-Yves Le Drian", "id_str": "1055021191", "entities": {"url": {"urls": [{"url": "https://t.co/XDtnC61EWv", "indices": [0, 23], "display_url": "diplomatie.gouv.fr", "expanded_url": "http://www.diplomatie.gouv.fr"}]}, "description": {"urls": []}}, "location": "", "verified": true, "following": false, "protected": false, "time_zone": null, "created_at": "Wed Jan 02 12:45:24 +0000 2013", "utc_offset": null, "description": "Compte officiel de Jean-Yves Le Drian, ministre de l'Europe et des Affaires \u00e9trang\u00e8res", "geo_enabled": true, "screen_name": "JY_LeDrian", "listed_count": 1466, "friends_count": 304, "is_translator": false, "notifications": false, "statuses_count": 2798, "default_profile": false, "followers_count": 104355, "translator_type": "none", "favourites_count": 398, "profile_image_url": "http://pbs.twimg.com/profile_images/970233091921989632/OFLZcL9u_normal.jpg", "profile_banner_url": "https://pbs.twimg.com/profile_banners/1055021191/1589183106", "profile_link_color": "038543", "profile_text_color": "333333", "follow_request_sent": false, "contributors_enabled": false, "has_extended_profile": false, "default_profile_image": false, "is_translation_enabled": false, "profile_background_tile": false, "profile_image_url_https": "https://pbs.twimg.com/profile_images/970233091921989632/OFLZcL9u_normal.jpg", "profile_background_color": "ACDED6", "profile_sidebar_fill_color": "F6F6F6", "profile_background_image_url": "http://abs.twimg.com/images/themes/theme18/bg.gif", "profile_sidebar_border_color": "EEEEEE", "profile_use_background_image": true, "profile_background_image_url_https": "https://abs.twimg.com/images/themes/theme18/bg.gif"}, "place": null, "id_str": "1265378944271949826", "source": "<a href=\"http://twitter.com/download/iphone\" rel=\"nofollow\">Twitter for iPhone</a>", "entities": {"urls": [{"url": "https://t.co/SbffF425Pe", "indices": [116, 139], "display_url": "twitter.com/i/web/status/1\u2026", "expanded_url": "https://twitter.com/i/web/status/1265378944271949826"}], "symbols": [], "hashtags": [{"text": "Venezuela", "indices": [97, 107]}], "user_mentions": []}, "favorited": false, "retweeted": false, "truncated": true, "created_at": "Tue May 26 20:27:04 +0000 2020", "coordinates": null, "contributors": null, "retweet_count": 70, "favorite_count": 158, "is_quote_status": false, "in_reply_to_user_id": null, "in_reply_to_status_id": null, "in_reply_to_screen_name": null, "in_reply_to_user_id_str": null, "in_reply_to_status_id_str": null}, "retweet_count": 95, "favorite_count": 164, "is_quote_status": true, "quoted_status_id": 1265378944271949826, "possibly_sensitive": false, "in_reply_to_user_id": null, "quoted_status_id_str": "1265378944271949826", "in_reply_to_status_id": null, "in_reply_to_screen_name": null, "in_reply_to_user_id_str": null, "in_reply_to_status_id_str": null}, "in_reply_to_user_id": null, "quoted_status_id_str": "1265378944271949826", "in_reply_to_status_id": null, "in_reply_to_screen_name": null, "in_reply_to_user_id_str": null, "in_reply_to_status_id_str": null}