{"id": 1252307173872480256, "geo": null, "lang": "es", "text": "Hoy, #20Abr en medio de una pandemia y el desastre en los servicios p\u00fablicos causado por la dictadura, 700 pescador\u2026 https://t.co/6pZ37LOGjZ", "user": {"id": 39176902, "url": "https://www.facebook.com/JGuaido/", "lang": null, "name": "Juan Guaid\u00f3", "id_str": "39176902", "location": "Vargas", "verified": true, "following": null, "protected": false, "time_zone": null, "created_at": "Mon May 11 02:59:20 +0000 2009", "utc_offset": null, "description": "Servidor P\u00fablico, Presidente (E) de la Rep\u00fablica Bolivariana de Venezuela y la @AsambleaVe, apegado a los Art. 233/333 CRBV. Ingeniero. En todo amar y servir", "geo_enabled": true, "screen_name": "jguaido", "listed_count": 3361, "friends_count": 2724, "is_translator": false, "notifications": null, "statuses_count": 43409, "default_profile": true, "followers_count": 2523010, "translator_type": "none", "favourites_count": 14034, "profile_image_url": "http://pbs.twimg.com/profile_images/1084274289090744320/M10oqLPc_normal.jpg", "profile_banner_url": "https://pbs.twimg.com/profile_banners/39176902/1548778007", "profile_link_color": "1DA1F2", "profile_text_color": "333333", "follow_request_sent": null, "contributors_enabled": false, "default_profile_image": false, "profile_background_tile": false, "profile_image_url_https": "https://pbs.twimg.com/profile_images/1084274289090744320/M10oqLPc_normal.jpg", "profile_background_color": "C0DEED", "profile_sidebar_fill_color": "DDEEF6", "profile_background_image_url": "http://abs.twimg.com/images/themes/theme1/bg.png", "profile_sidebar_border_color": "C0DEED", "profile_use_background_image": true, "profile_background_image_url_https": "https://abs.twimg.com/images/themes/theme1/bg.png"}, "place": null, "id_str": "1252307173872480256", "source": "<a href=\"https://studio.twitter.com\" rel=\"nofollow\">Twitter Media Studio</a>", "entities": {"urls": [{"url": "https://t.co/6pZ37LOGjZ", "indices": [117, 140], "display_url": "twitter.com/i/web/status/1\u2026", "expanded_url": "https://twitter.com/i/web/status/1252307173872480256"}], "symbols": [], "hashtags": [{"text": "20Abr", "indices": [5, 11]}], "user_mentions": []}, "favorited": false, "retweeted": false, "truncated": true, "created_at": "Mon Apr 20 18:44:31 +0000 2020", "coordinates": null, "quote_count": 0, "reply_count": 0, "contributors": null, "filter_level": "low", "timestamp_ms": "1587408271650", "retweet_count": 0, "extended_tweet": {"entities": {"urls": [], "media": [{"id": 1252304166006984708, "url": "https://t.co/ImcpwB39x4", "type": "video", "sizes": {"large": {"h": 580, "w": 320, "resize": "fit"}, "small": {"h": 580, "w": 320, "resize": "fit"}, "thumb": {"h": 150, "w": 150, "resize": "crop"}, "medium": {"h": 580, "w": 320, "resize": "fit"}}, "id_str": "1252304166006984708", "indices": [270, 293], "media_url": "http://pbs.twimg.com/amplify_video_thumb/1252304166006984708/img/rSkKFzO6JiS9Up4X.jpg", "video_info": {"variants": [{"url": "https://video.twimg.com/amplify_video/1252304166006984708/pl/BuD4REBzBxzQISYa.m3u8?tag=13", "content_type": "application/x-mpegURL"}, {"url": "https://video.twimg.com/amplify_video/1252304166006984708/vid/320x580/nePTY_M9qHVlPFWR.mp4?tag=13", "bitrate": 632000, "content_type": "video/mp4"}], "aspect_ratio": [16, 29], "duration_millis": 26574}, "display_url": "pic.twitter.com/ImcpwB39x4", "expanded_url": "https://twitter.com/jguaido/status/1252307173872480256/video/1", "media_url_https": "https://pbs.twimg.com/amplify_video_thumb/1252304166006984708/img/rSkKFzO6JiS9Up4X.jpg", "additional_media_info": {"title": "", "embeddable": true, "description": "", "monetizable": false}}], "symbols": [], "hashtags": [{"text": "20Abr", "indices": [5, 11]}, {"text": "Araya", "indices": [121, 127]}, {"text": "Sucre", "indices": [129, 135]}], "user_mentions": []}, "full_text": "Hoy, #20Abr en medio de una pandemia y el desastre en los servicios p\u00fablicos causado por la dictadura, 700 pescadores en #Araya, #Sucre, tienen que marchar kil\u00f3metros exigiendo lo m\u00e1s elemental: poder trabajar, vivir dignamente y garantizar el sustento de sus familias. https://t.co/ImcpwB39x4", "extended_entities": {"media": [{"id": 1252304166006984708, "url": "https://t.co/ImcpwB39x4", "type": "video", "sizes": {"large": {"h": 580, "w": 320, "resize": "fit"}, "small": {"h": 580, "w": 320, "resize": "fit"}, "thumb": {"h": 150, "w": 150, "resize": "crop"}, "medium": {"h": 580, "w": 320, "resize": "fit"}}, "id_str": "1252304166006984708", "indices": [270, 293], "media_url": "http://pbs.twimg.com/amplify_video_thumb/1252304166006984708/img/rSkKFzO6JiS9Up4X.jpg", "video_info": {"variants": [{"url": "https://video.twimg.com/amplify_video/1252304166006984708/pl/BuD4REBzBxzQISYa.m3u8?tag=13", "content_type": "application/x-mpegURL"}, {"url": "https://video.twimg.com/amplify_video/1252304166006984708/vid/320x580/nePTY_M9qHVlPFWR.mp4?tag=13", "bitrate": 632000, "content_type": "video/mp4"}], "aspect_ratio": [16, 29], "duration_millis": 26574}, "display_url": "pic.twitter.com/ImcpwB39x4", "expanded_url": "https://twitter.com/jguaido/status/1252307173872480256/video/1", "media_url_https": "https://pbs.twimg.com/amplify_video_thumb/1252304166006984708/img/rSkKFzO6JiS9Up4X.jpg", "additional_media_info": {"title": "", "embeddable": true, "description": "", "monetizable": false}}]}, "display_text_range": [0, 269]}, "favorite_count": 0, "is_quote_status": false, "display_text_range": [0, 140], "possibly_sensitive": false, "in_reply_to_user_id": null, "in_reply_to_status_id": null, "in_reply_to_screen_name": null, "in_reply_to_user_id_str": null, "in_reply_to_status_id_str": null}