{"id": 1250444846533357569, "geo": null, "lang": "es", "text": "RT @AsambleaVE: #Sesi\u00f3nAN | Les invitamos a seguir la tranmisi\u00f3n en vivo de la Sesi\u00f3n Ordinaria de este mi\u00e9rcoles #15Abr en el siguiente en\u2026", "user": {"id": 39176902, "url": "https://www.facebook.com/JGuaido/", "lang": null, "name": "Juan Guaid\u00f3", "id_str": "39176902", "location": "Vargas", "verified": true, "following": null, "protected": false, "time_zone": null, "created_at": "Mon May 11 02:59:20 +0000 2009", "utc_offset": null, "description": "Servidor P\u00fablico, Presidente (E) de la Rep\u00fablica Bolivariana de Venezuela y la @AsambleaVe, apegado a los Art. 233/333 CRBV. Ingeniero. En todo amar y servir", "geo_enabled": true, "screen_name": "jguaido", "listed_count": 3369, "friends_count": 2725, "is_translator": false, "notifications": null, "statuses_count": 43380, "default_profile": true, "followers_count": 2509080, "translator_type": "none", "favourites_count": 13886, "profile_image_url": "http://pbs.twimg.com/profile_images/1084274289090744320/M10oqLPc_normal.jpg", "profile_banner_url": "https://pbs.twimg.com/profile_banners/39176902/1548778007", "profile_link_color": "1DA1F2", "profile_text_color": "333333", "follow_request_sent": null, "contributors_enabled": false, "default_profile_image": false, "profile_background_tile": false, "profile_image_url_https": "https://pbs.twimg.com/profile_images/1084274289090744320/M10oqLPc_normal.jpg", "profile_background_color": "C0DEED", "profile_sidebar_fill_color": "DDEEF6", "profile_background_image_url": "http://abs.twimg.com/images/themes/theme1/bg.png", "profile_sidebar_border_color": "C0DEED", "profile_use_background_image": true, "profile_background_image_url_https": "https://abs.twimg.com/images/themes/theme1/bg.png"}, "place": null, "id_str": "1250444846533357569", "source": "<a href=\"http://twitter.com/download/iphone\" rel=\"nofollow\">Twitter for iPhone</a>", "entities": {"urls": [], "symbols": [], "hashtags": [{"text": "Sesi\u00f3nAN", "indices": [16, 25]}, {"text": "15Abr", "indices": [114, 120]}], "user_mentions": [{"id": 4744395743, "name": "Asamblea Nacional", "id_str": "4744395743", "indices": [3, 14], "screen_name": "AsambleaVE"}]}, "favorited": false, "retweeted": false, "truncated": false, "created_at": "Wed Apr 15 15:24:18 +0000 2020", "coordinates": null, "quote_count": 0, "reply_count": 0, "contributors": null, "filter_level": "low", "timestamp_ms": "1586964258212", "retweet_count": 0, "favorite_count": 0, "is_quote_status": false, "retweeted_status": {"id": 1250442424809226251, "geo": null, "lang": "es", "text": "#Sesi\u00f3nAN | Les invitamos a seguir la tranmisi\u00f3n en vivo de la Sesi\u00f3n Ordinaria de este mi\u00e9rcoles #15Abr en el sigu\u2026 https://t.co/6yBMsyCjt9", "user": {"id": 4744395743, "url": "http://www.asambleanacionalvenezuela.org", "lang": null, "name": "Asamblea Nacional", "id_str": "4744395743", "location": null, "verified": true, "following": null, "protected": false, "time_zone": null, "created_at": "Fri Jan 08 12:34:12 +0000 2016", "utc_offset": null, "description": "Cuenta oficial de la Asamblea Nacional de Venezuela Facebook: Asamblea Nacional de Venezuela Instagram: AsambleaVE", "geo_enabled": true, "screen_name": "AsambleaVE", "listed_count": 2025, "friends_count": 495, "is_translator": false, "notifications": null, "statuses_count": 48428, "default_profile": true, "followers_count": 1235226, "translator_type": "none", "favourites_count": 577, "profile_image_url": "http://pbs.twimg.com/profile_images/1191728200256249861/EITdj6qi_normal.jpg", "profile_banner_url": "https://pbs.twimg.com/profile_banners/4744395743/1580139068", "profile_link_color": "1DA1F2", "profile_text_color": "333333", "follow_request_sent": null, "contributors_enabled": false, "default_profile_image": false, "profile_background_tile": false, "profile_image_url_https": "https://pbs.twimg.com/profile_images/1191728200256249861/EITdj6qi_normal.jpg", "profile_background_color": "F5F8FA", "profile_sidebar_fill_color": "DDEEF6", "profile_background_image_url": "", "profile_sidebar_border_color": "C0DEED", "profile_use_background_image": true, "profile_background_image_url_https": ""}, "place": null, "id_str": "1250442424809226251", "source": "<a href=\"https://mobile.twitter.com\" rel=\"nofollow\">Twitter Web App</a>", "entities": {"urls": [{"url": "https://t.co/6yBMsyCjt9", "indices": [117, 140], "display_url": "twitter.com/i/web/status/1\u2026", "expanded_url": "https://twitter.com/i/web/status/1250442424809226251"}], "symbols": [], "hashtags": [{"text": "Sesi\u00f3nAN", "indices": [0, 9]}, {"text": "15Abr", "indices": [98, 104]}], "user_mentions": []}, "favorited": false, "retweeted": false, "truncated": true, "created_at": "Wed Apr 15 15:14:40 +0000 2020", "coordinates": null, "quote_count": 0, "reply_count": 2, "contributors": null, "filter_level": "low", "retweet_count": 12, "extended_tweet": {"entities": {"urls": [{"url": "https://t.co/QAnJ7jXfEZ", "indices": [130, 153], "display_url": "youtu.be/Q3c7mTlMx8U", "expanded_url": "https://youtu.be/Q3c7mTlMx8U"}], "symbols": [], "hashtags": [{"text": "Sesi\u00f3nAN", "indices": [0, 9]}, {"text": "15Abr", "indices": [98, 104]}], "user_mentions": []}, "full_text": "#Sesi\u00f3nAN | Les invitamos a seguir la tranmisi\u00f3n en vivo de la Sesi\u00f3n Ordinaria de este mi\u00e9rcoles #15Abr en el siguiente enlace:\n\nhttps://t.co/QAnJ7jXfEZ", "display_text_range": [0, 153]}, "favorite_count": 8, "is_quote_status": false, "possibly_sensitive": false, "in_reply_to_user_id": null, "in_reply_to_status_id": null, "in_reply_to_screen_name": null, "in_reply_to_user_id_str": null, "in_reply_to_status_id_str": null}, "in_reply_to_user_id": null, "in_reply_to_status_id": null, "in_reply_to_screen_name": null, "in_reply_to_user_id_str": null, "in_reply_to_status_id_str": null}